{"id":39797,"date":"2025-05-18T03:00:24","date_gmt":"2025-05-18T03:00:24","guid":{"rendered":"https:\/\/ikimisli.tr\/?p=39797"},"modified":"2025-05-18T03:00:24","modified_gmt":"2025-05-18T03:00:24","slug":"goksu-deltasinda-yanan-alanlarinda-inceleme","status":"publish","type":"post","link":"https:\/\/ikimisli.tr\/index.php\/2025\/05\/18\/goksu-deltasinda-yanan-alanlarinda-inceleme\/","title":{"rendered":"G\u00f6ksu Deltas\u0131&#8217;nda yanan alanlar\u0131nda inceleme"},"content":{"rendered":"<p>Mersin Barosu Hayvan Haklar\u0131 Komitesi Lideri Av. Buse Ta\u015fer, Uluslararas\u0131 Bern ve Ramsar Kontratlar\u0131 ile muhafaza alt\u0131nda bulunan, d\u00fcnyan\u0131n en k\u0131ymetli ku\u015f g\u00f6\u00e7 yollar\u0131 \u00fczerinde yer alan G\u00f6ksu Deltas\u0131\u2019nda \u00e7\u0131kan yang\u0131n\u0131n ekolojik sistem \u00fczerindeki olumsuz tesirleri hakk\u0131nda a\u00e7\u0131klama yaparak, \u201cG\u00f6ksu Deltas\u0131, 33 bin civar\u0131 ku\u015f cinsine mesken sahipli\u011fi yapmaktad\u0131r ve yang\u0131n\u0131n \u00e7\u0131kt\u0131\u011f\u0131 alan birinci derece sit alan\u0131d\u0131r. Bu alan ku\u015fa\u011f\u0131 t\u00fckenmekte olan ku\u015f tiplerinin \u00fcreme ve hayat alan\u0131d\u0131r.&#8221; dedi.<\/p>\n<p>Yap\u0131lan a\u00e7\u0131klamada, &#8220;Endemik bitkilere ve ku\u015fa\u011f\u0131 t\u00fckenmekte olan bir\u00e7ok canl\u0131ya konut sahipli\u011fi yapan bu b\u00f6lgede vakit i\u00e7erisinde \u00e7ok say\u0131da \u00e7\u0131kan yang\u0131n, maalesef ekolojik sistemi de bozmu\u015ftur. G\u00f6ksu Deltas\u0131 ve orada ya\u015fayan b\u00fct\u00fcn canl\u0131lar\u0131n korunmas\u0131, bu \u00e7e\u015fit felaketlerin \u00f6nlenmesi ve gelecek ku\u015faklara aktar\u0131lmas\u0131, t\u00fcm insanl\u0131\u011f\u0131n misyonudur. \u00dclke y\u00f6neticileri bu g\u00f6lgenin korunmas\u0131 i\u00e7in de daha \u00f6nemli ad\u0131mlar atmal\u0131d\u0131r\u201d denildi.<\/p>\n<p><img decoding=\"async\" src=\"https:\/\/ikimisli.tr\/wp-content\/uploads\/2025\/05\/goksu-deltasinda-yanan-alanlarinda-inceleme-0-BZpnBbJE.jpeg\"\/><\/p>\n<p>Mersin Barosu Hayvan Haklar\u0131 Kurulu \u00fcyesi avukatlar\u0131 ve Tabiat Derne\u011fi temsilcileri, ku\u015f m\u00fc\u015fahede aktifli\u011fi ve tabiat y\u00fcr\u00fcy\u00fc\u015f\u00fc de ger\u00e7ekle\u015ftirerek, ak bal\u0131k\u00e7\u0131l, saz delicesi, \u00e7e\u015fitli \u00f6rdek cinsleri ve yal\u0131\u00e7apk\u0131n\u0131 \u00fczere bir\u00e7ok ku\u015f cinsini g\u00f6zlemleme f\u0131rsat\u0131 buldu.<\/p>\n","protected":false},"excerpt":{"rendered":"<p>Mersin Barosu Hayvan Haklar\u0131 Kurulu ve Tabiat Derne\u011fi, ge\u00e7ti\u011fimiz hafta G\u00f6ksu Deltas\u0131\u2019nda \u00e7\u0131kan yang\u0131n b\u00f6lgesinde incelemelerde bulundu.<\/p>\n","protected":false},"author":1,"featured_media":39798,"comment_status":"open","ping_status":"open","sticky":false,"template":"","format":"standard","meta":{"footnotes":""},"categories":[25],"tags":[428,109,856],"class_list":["post-39797","post","type-post","status-publish","format-standard","has-post-thumbnail","hentry","category-gundem","tag-alan","tag-kus","tag-tur"],"_links":{"self":[{"href":"https:\/\/ikimisli.tr\/index.php\/wp-json\/wp\/v2\/posts\/39797","targetHints":{"allow":["GET"]}}],"collection":[{"href":"https:\/\/ikimisli.tr\/index.php\/wp-json\/wp\/v2\/posts"}],"about":[{"href":"https:\/\/ikimisli.tr\/index.php\/wp-json\/wp\/v2\/types\/post"}],"author":[{"embeddable":true,"href":"https:\/\/ikimisli.tr\/index.php\/wp-json\/wp\/v2\/users\/1"}],"replies":[{"embeddable":true,"href":"https:\/\/ikimisli.tr\/index.php\/wp-json\/wp\/v2\/comments?post=39797"}],"version-history":[{"count":1,"href":"https:\/\/ikimisli.tr\/index.php\/wp-json\/wp\/v2\/posts\/39797\/revisions"}],"predecessor-version":[{"id":39800,"href":"https:\/\/ikimisli.tr\/index.php\/wp-json\/wp\/v2\/posts\/39797\/revisions\/39800"}],"wp:featuredmedia":[{"embeddable":true,"href":"https:\/\/ikimisli.tr\/index.php\/wp-json\/wp\/v2\/media\/39798"}],"wp:attachment":[{"href":"https:\/\/ikimisli.tr\/index.php\/wp-json\/wp\/v2\/media?parent=39797"}],"wp:term":[{"taxonomy":"category","embeddable":true,"href":"https:\/\/ikimisli.tr\/index.php\/wp-json\/wp\/v2\/categories?post=39797"},{"taxonomy":"post_tag","embeddable":true,"href":"https:\/\/ikimisli.tr\/index.php\/wp-json\/wp\/v2\/tags?post=39797"}],"curies":[{"name":"wp","href":"https:\/\/api.w.org\/{rel}","templated":true}]}}