{"id":40024,"date":"2025-05-18T18:24:16","date_gmt":"2025-05-18T18:24:16","guid":{"rendered":"https:\/\/ikimisli.tr\/?p=40024"},"modified":"2025-05-18T18:24:16","modified_gmt":"2025-05-18T18:24:16","slug":"venedik-karnavali-basladi","status":"publish","type":"post","link":"https:\/\/ikimisli.tr\/index.php\/2025\/05\/18\/venedik-karnavali-basladi\/","title":{"rendered":"\u2018Venedik Karnaval\u0131\u2019 ba\u015flad\u0131"},"content":{"rendered":"<p>Venedik Karnaval\u0131, binlerce ki\u015finin i\u015ftirakiyle B\u00fcy\u00fck Kanal\u2019da d\u00fczenlenen ge\u00e7it merasimiyle ba\u015flad\u0131. Karnavala bu y\u0131l 3 milyon ki\u015finin i\u015ftirakinin beklendi\u011fi bildirildi.\u00a0<\/p>\n<p><img decoding=\"async\" src=\"https:\/\/ikimisli.tr\/wp-content\/uploads\/2025\/05\/venedik-karnavali-basladi-0-1f51LL2S.jpg\"\/><\/p>\n<p>Bu y\u0131lki karnaval\u0131n temas\u0131, \u00fcnl\u00fc Venedikli macerac\u0131 ve muharrir Giacomo Casanova\u2019n\u0131n 300\u2019\u00fcnc\u00fc do\u011fum g\u00fcn\u00fc hasebiyle \u2018Casanova Zaman\u0131\u2019 olarak belirlendi.<\/p>\n<p><img decoding=\"async\" src=\"https:\/\/ikimisli.tr\/wp-content\/uploads\/2025\/05\/venedik-karnavali-basladi-1-JKT7KaB2.jpg\"\/><\/p>\n<p>B\u00fcy\u00fck galada, en g\u00fczel kost\u00fcm ve en ho\u015f s\u00fcslenmi\u015f gondola sahip \u00fc\u00e7 gruba \u00f6d\u00fcl verildi.<\/p>\n<p><img decoding=\"async\" src=\"https:\/\/ikimisli.tr\/wp-content\/uploads\/2025\/05\/venedik-karnavali-basladi-2-yeLpBBvt.jpg\"\/><\/p>\n","protected":false},"excerpt":{"rendered":"<p>D\u00fcnyan\u0131n en renkli ve e\u011flenceli karnavallar\u0131ndan biri olan Venedik Karnaval\u0131, g\u00f6rkemli bir ge\u00e7it merasimiyle ba\u015flad\u0131. B\u00fcy\u00fck Kanal&#8217;da ger\u00e7ekle\u015fen merasimde birbirinden ho\u015f kost\u00fcmler ve maskelerle s\u00fcslenmi\u015f tekneler yer ald\u0131.<\/p>\n","protected":false},"author":1,"featured_media":40025,"comment_status":"open","ping_status":"open","sticky":false,"template":"","format":"standard","meta":{"footnotes":""},"categories":[26],"tags":[],"class_list":["post-40024","post","type-post","status-publish","format-standard","has-post-thumbnail","hentry","category-kultur-sanat"],"_links":{"self":[{"href":"https:\/\/ikimisli.tr\/index.php\/wp-json\/wp\/v2\/posts\/40024","targetHints":{"allow":["GET"]}}],"collection":[{"href":"https:\/\/ikimisli.tr\/index.php\/wp-json\/wp\/v2\/posts"}],"about":[{"href":"https:\/\/ikimisli.tr\/index.php\/wp-json\/wp\/v2\/types\/post"}],"author":[{"embeddable":true,"href":"https:\/\/ikimisli.tr\/index.php\/wp-json\/wp\/v2\/users\/1"}],"replies":[{"embeddable":true,"href":"https:\/\/ikimisli.tr\/index.php\/wp-json\/wp\/v2\/comments?post=40024"}],"version-history":[{"count":1,"href":"https:\/\/ikimisli.tr\/index.php\/wp-json\/wp\/v2\/posts\/40024\/revisions"}],"predecessor-version":[{"id":40029,"href":"https:\/\/ikimisli.tr\/index.php\/wp-json\/wp\/v2\/posts\/40024\/revisions\/40029"}],"wp:featuredmedia":[{"embeddable":true,"href":"https:\/\/ikimisli.tr\/index.php\/wp-json\/wp\/v2\/media\/40025"}],"wp:attachment":[{"href":"https:\/\/ikimisli.tr\/index.php\/wp-json\/wp\/v2\/media?parent=40024"}],"wp:term":[{"taxonomy":"category","embeddable":true,"href":"https:\/\/ikimisli.tr\/index.php\/wp-json\/wp\/v2\/categories?post=40024"},{"taxonomy":"post_tag","embeddable":true,"href":"https:\/\/ikimisli.tr\/index.php\/wp-json\/wp\/v2\/tags?post=40024"}],"curies":[{"name":"wp","href":"https:\/\/api.w.org\/{rel}","templated":true}]}}