{"id":40052,"date":"2025-05-18T19:48:17","date_gmt":"2025-05-18T19:48:17","guid":{"rendered":"https:\/\/ikimisli.tr\/?p=40052"},"modified":"2025-05-18T19:48:17","modified_gmt":"2025-05-18T19:48:17","slug":"real-madrid-kaptanindan-arda-guler-sozleri-su-anda-yasadigi-sorun","status":"publish","type":"post","link":"https:\/\/ikimisli.tr\/index.php\/2025\/05\/18\/real-madrid-kaptanindan-arda-guler-sozleri-su-anda-yasadigi-sorun\/","title":{"rendered":"Real Madrid kaptan\u0131ndan Arda G\u00fcler s\u00f6zleri: &#8216;\u015eu anda ya\u015fad\u0131\u011f\u0131 sorun&#8230;&#8217;"},"content":{"rendered":"<p>Real Madrid ekibinin kaptan\u0131 Federico Valverde, &#8220;m\u00fckemmel&#8221; olarak de\u011ferlendirdi\u011fi ekip arkada\u015f\u0131 Arda G\u00fcler&#8217;in &#8220;tak\u0131m\u0131n idol\u00fc&#8221; olmak i\u00e7in \u00f6n\u00fcnde \u00e7ok fazla gelece\u011finin oldu\u011funu s\u00f6yledi.<\/p>\n<p>Uruguayl\u0131 futbolcu Valverde, UEFA \u015eampiyonlar Ligi play-off r\u00f6van\u015f ma\u00e7\u0131 \u00f6ncesinde bas\u0131n toplant\u0131s\u0131nda konu\u015ftu. AA muhabirinin y\u00f6neltti\u011fi, &#8220;Arda ile uygun arkada\u015f oldu\u011funuzu biliyorum. Son haftalarda \u00e7ok az m\u00fchlet al\u0131yor. Ekip i\u00e7indeki morali nas\u0131l?&#8221; formundaki soruya, &#8220;M\u00fckemmel&#8221; kar\u015f\u0131l\u0131\u011f\u0131n verdi.<\/p>\n<p>Milli futbolcu i\u00e7in &#8220;Real Madrid&#8217;de \u00f6n\u00fcnde onu bekleyen \u00e7ok faza bir gelecek ve meslek var. Bizim i\u00e7in ekipteki 25 futbolcudan biri. Kul\u00fcb\u00fcn idol\u00fc olmak, Madrid&#8217;de iz b\u0131rakmak i\u00e7in gerekli kaliteye sahip.&#8221; diyen Valverde, Arda&#8217;n\u0131n \u015fu anda ya\u015fad\u0131\u011f\u0131 s\u0131k\u0131nt\u0131lar\u0131 t\u00fcm futbolcular \u00fczere Real Madrid&#8217;e birinci geldi\u011finde kendisinin de ya\u015fad\u0131\u011f\u0131n\u0131 belirtti.<\/p>\n<p><b>&#8216;ARDA \u00c7OK HAZIR&#8217;<\/b><\/p>\n<p>Valverde, \u015fu s\u00f6zleri kulland\u0131:&#8221;Gen\u00e7 futbolcular kiral\u0131k gitmek yahut oynamak i\u00e7in \u00e7ok ma\u00e7 beklemek durumunda. Lakin bu seni daha kuvvetli ve daha olgun bir futbolcu yap\u0131yor. G\u00fcn\u00fc geldi\u011finde f\u0131rsat\u0131 d\u00fczg\u00fcn k\u0131ymetlendirmek i\u00e7in bunlar seni haz\u0131r duruma getiriyor. Arda \u00e7ok haz\u0131r. Arda&#8217;da her \u015feyin bir nedeni var.&#8221;<\/p>\n","protected":false},"excerpt":{"rendered":"<p>Real Madrid grubunun kaptan\u0131 Federico Valverde, Arda&#8217;n\u0131n \u015fu anda ya\u015fad\u0131\u011f\u0131 s\u0131k\u0131nt\u0131lar\u0131 t\u00fcm futbolcular \u00fczere Real Madrid&#8217;e birinci geldi\u011finde kendisinin de ya\u015fad\u0131\u011f\u0131n\u0131 belirtti.<\/p>\n","protected":false},"author":1,"featured_media":40053,"comment_status":"open","ping_status":"open","sticky":false,"template":"","format":"standard","meta":{"footnotes":""},"categories":[30],"tags":[4253,2846,343],"class_list":["post-40052","post","type-post","status-publish","format-standard","has-post-thumbnail","hentry","category-spor","tag-arda","tag-futbolcu","tag-takim"],"_links":{"self":[{"href":"https:\/\/ikimisli.tr\/index.php\/wp-json\/wp\/v2\/posts\/40052","targetHints":{"allow":["GET"]}}],"collection":[{"href":"https:\/\/ikimisli.tr\/index.php\/wp-json\/wp\/v2\/posts"}],"about":[{"href":"https:\/\/ikimisli.tr\/index.php\/wp-json\/wp\/v2\/types\/post"}],"author":[{"embeddable":true,"href":"https:\/\/ikimisli.tr\/index.php\/wp-json\/wp\/v2\/users\/1"}],"replies":[{"embeddable":true,"href":"https:\/\/ikimisli.tr\/index.php\/wp-json\/wp\/v2\/comments?post=40052"}],"version-history":[{"count":1,"href":"https:\/\/ikimisli.tr\/index.php\/wp-json\/wp\/v2\/posts\/40052\/revisions"}],"predecessor-version":[{"id":40054,"href":"https:\/\/ikimisli.tr\/index.php\/wp-json\/wp\/v2\/posts\/40052\/revisions\/40054"}],"wp:featuredmedia":[{"embeddable":true,"href":"https:\/\/ikimisli.tr\/index.php\/wp-json\/wp\/v2\/media\/40053"}],"wp:attachment":[{"href":"https:\/\/ikimisli.tr\/index.php\/wp-json\/wp\/v2\/media?parent=40052"}],"wp:term":[{"taxonomy":"category","embeddable":true,"href":"https:\/\/ikimisli.tr\/index.php\/wp-json\/wp\/v2\/categories?post=40052"},{"taxonomy":"post_tag","embeddable":true,"href":"https:\/\/ikimisli.tr\/index.php\/wp-json\/wp\/v2\/tags?post=40052"}],"curies":[{"name":"wp","href":"https:\/\/api.w.org\/{rel}","templated":true}]}}