{"id":40083,"date":"2025-05-18T21:36:12","date_gmt":"2025-05-18T21:36:12","guid":{"rendered":"https:\/\/ikimisli.tr\/?p=40083"},"modified":"2025-05-18T21:36:12","modified_gmt":"2025-05-18T21:36:12","slug":"cenk-eren-islerine-engel-olan-iki-unluyu-ifsa-etti-bir-tanesi-yataklarda-bir-tanesi","status":"publish","type":"post","link":"https:\/\/ikimisli.tr\/index.php\/2025\/05\/18\/cenk-eren-islerine-engel-olan-iki-unluyu-ifsa-etti-bir-tanesi-yataklarda-bir-tanesi\/","title":{"rendered":"Cenk Eren i\u015flerine engel olan iki \u00fcnl\u00fcy\u00fc if\u015fa etti: Bir tanesi yataklarda, bir tanesi&#8230;"},"content":{"rendered":"<p>\u015eark\u0131c\u0131 Cenk Eren y\u0131llar evvel i\u015flerine p\u00fcr\u00fcz olan \u015fah\u0131slara sitem etti. \u0130sim vermeden Instagram hesab\u0131ndan yans\u0131s\u0131n\u0131 lisana getiren Eren, \u015fu s\u00f6zleri kulland\u0131:<\/p>\n<p><b>&#8220;BU \u0130\u015e\u0130N GER\u00c7E\u011e\u0130N\u0130 \u00d6\u011eREND\u0130M&#8221;<\/b><\/p>\n<p>&#8220;\u015eimdi bana diyeceksiniz ki, &#8216;Cenk, neden 20 sene sonra bu mevzuyu a\u00e7\u0131yorsun?&#8217; 20 sene sonra a\u00e7mam\u0131n sebebi, ben ge\u00e7en sene bu i\u015fin ger\u00e7e\u011fini \u00f6\u011frendim. Hatta ge\u00e7en y\u0131ldan beri \u00e7ok d\u00fc\u015f\u00fcnd\u00fcm, bunu tekrar g\u00fcndeme getirip getirmemeyi. Zira ben, bu y\u00fczden bir arkada\u015f\u0131m\u0131 su\u00e7lad\u0131m, bir m\u00fczik\u00e7i arkada\u015f\u0131m\u0131 ve y\u0131llarca k\u00fcs kald\u0131m onunla. Onun yapt\u0131\u011f\u0131 s\u00f6ylenmi\u015fti bana. Lakin art\u0131k her \u015fey ortaya \u00e7\u0131kt\u0131.&#8221;<\/p>\n<p>&#8220;A\u00e7\u0131klayay\u0131m size, neden bu t\u00fcrl\u00fc oldu, ni\u00e7in bu t\u00fcrl\u00fc yapm\u0131\u015flar. Ben, onlar i\u00e7in her vakit bir bar m\u00fczik\u00e7isi olarak kalmal\u0131yd\u0131m. O denli istiyorlard\u0131. Benim konser vermemi, benim alb\u00fcm yapmam\u0131, benim televizyon program\u0131 yapmam\u0131, benim kurumsal i\u015flerde olmam\u0131 istemiyorlard\u0131. Zira onlar sadece kendileri i\u00e7in her \u015feyi istiyordu.&#8221;<\/p>\n<p>&#8221; Aram\u0131zdaki fark \u015fuydu, onlar da \u00e7ok g\u00fczel m\u00fczik\u00e7iydi yahut enstr\u00fcmantaldi, bestekard\u0131, kelam yazar\u0131yd\u0131. Lakin ben hem \u00e7ok yeterli \u015fark\u0131c\u0131yd\u0131m hem de sahnesi \u00e7ok d\u00fczg\u00fcn olan biriydim. Onlarda o sahne yoktu, onun i\u00e7in yapam\u0131yorlard\u0131. Bunu 10 sene evvel \u00f6\u011frenseydim, onlar\u0131 ha\u015fat ederdim. Ancak art\u0131k bak\u0131yorum, d\u00fc\u015f\u00fcnd\u00fcm, d\u00fc\u015f\u00fcnd\u00fcm, benim bir \u015fey yapmama gerek kalmam\u0131\u015f. Bir tanesi yataklarda, bir tanesi alkolik olmu\u015f. Ekmekle oynayan\u0131n Allah cezas\u0131n\u0131 veriyor.&#8221;<\/p>\n<p><b>&#8220;NE \u0130BRAH\u0130M TATLISES NE SERDAR ORTA\u00c7&#8230;&#8221;<\/b><\/p>\n<p>Cenk Eren&#8217;in payla\u015f\u0131m\u0131n\u0131n akabinde Mehmet Ali Erbil, \u0130brahim Tatl\u0131ses ve Serdar Orta\u00e7&#8217;\u0131n isimleri ortaya at\u0131ld\u0131. Eren, bu duruma da \u015fu s\u00f6zlerle a\u00e7\u0131kl\u0131k getirdi:<\/p>\n<p>&#8220;Ne \u0130brahim Tatl\u0131ses ne Serdar Orta\u00e7 ne de Mehmet Ali Erbil. Bu \u00fc\u00e7 sanat\u00e7\u0131 dostumu da \u00e7ok severim \u00e7ok de\u011ferlidir.Allah \u00fc\u00e7\u00fcne de \u015fifalar versin, s\u0131hhatle huzurla ya\u015fas\u0131nlar.&#8221;<\/p>\n<p><img decoding=\"async\" src=\"https:\/\/ikimisli.tr\/wp-content\/uploads\/2025\/05\/cenk-eren-islerine-engel-olan-iki-unluyu-ifsa-etti-bir-tanesi-yataklarda-bir-tanesi-Dztzphig.jpeg\"\/><\/p>\n","protected":false},"excerpt":{"rendered":"<p>M\u00fczik\u00e7i Cenk Eren y\u0131llar evvel i\u015flerine p\u00fcr\u00fcz olan iki \u00fcnl\u00fcye toplumsal medya hesab\u0131ndan sitem etti: &#8220;Bir tanesi yataklarda, bir tanesi alkolik olmu\u015f. Ekmekle oynayan\u0131n Allah cezas\u0131n\u0131 veriyor.&#8221;<\/p>\n","protected":false},"author":1,"featured_media":40084,"comment_status":"open","ping_status":"open","sticky":false,"template":"","format":"standard","meta":{"footnotes":""},"categories":[27],"tags":[114,3310,6164],"class_list":["post-40083","post","type-post","status-publish","format-standard","has-post-thumbnail","hentry","category-magazin","tag-onlar","tag-sarkici","tag-sene"],"_links":{"self":[{"href":"https:\/\/ikimisli.tr\/index.php\/wp-json\/wp\/v2\/posts\/40083","targetHints":{"allow":["GET"]}}],"collection":[{"href":"https:\/\/ikimisli.tr\/index.php\/wp-json\/wp\/v2\/posts"}],"about":[{"href":"https:\/\/ikimisli.tr\/index.php\/wp-json\/wp\/v2\/types\/post"}],"author":[{"embeddable":true,"href":"https:\/\/ikimisli.tr\/index.php\/wp-json\/wp\/v2\/users\/1"}],"replies":[{"embeddable":true,"href":"https:\/\/ikimisli.tr\/index.php\/wp-json\/wp\/v2\/comments?post=40083"}],"version-history":[{"count":1,"href":"https:\/\/ikimisli.tr\/index.php\/wp-json\/wp\/v2\/posts\/40083\/revisions"}],"predecessor-version":[{"id":40086,"href":"https:\/\/ikimisli.tr\/index.php\/wp-json\/wp\/v2\/posts\/40083\/revisions\/40086"}],"wp:featuredmedia":[{"embeddable":true,"href":"https:\/\/ikimisli.tr\/index.php\/wp-json\/wp\/v2\/media\/40084"}],"wp:attachment":[{"href":"https:\/\/ikimisli.tr\/index.php\/wp-json\/wp\/v2\/media?parent=40083"}],"wp:term":[{"taxonomy":"category","embeddable":true,"href":"https:\/\/ikimisli.tr\/index.php\/wp-json\/wp\/v2\/categories?post=40083"},{"taxonomy":"post_tag","embeddable":true,"href":"https:\/\/ikimisli.tr\/index.php\/wp-json\/wp\/v2\/tags?post=40083"}],"curies":[{"name":"wp","href":"https:\/\/api.w.org\/{rel}","templated":true}]}}