{"id":40087,"date":"2025-05-18T21:48:20","date_gmt":"2025-05-18T21:48:20","guid":{"rendered":"https:\/\/ikimisli.tr\/?p=40087"},"modified":"2025-05-18T21:48:20","modified_gmt":"2025-05-18T21:48:20","slug":"ebrar-sitesi-muteahhitlerinin-mallarina-ihtiyati-tedbir-konulmasi-talebi-reddedildi","status":"publish","type":"post","link":"https:\/\/ikimisli.tr\/index.php\/2025\/05\/18\/ebrar-sitesi-muteahhitlerinin-mallarina-ihtiyati-tedbir-konulmasi-talebi-reddedildi\/","title":{"rendered":"Ebrar Sitesi m\u00fcteahhitlerinin mallar\u0131na ihtiyati tedbir konulmas\u0131 talebi reddedildi"},"content":{"rendered":"<p>Kahramara\u015f zelzelesinde Ebrar Sitesi B Blok\u2019un y\u0131k\u0131lmas\u0131na ait depremzedelerin a\u00e7t\u0131\u011f\u0131 15 milyon liral\u0131k manevi tazminat davas\u0131nda orta karar \u00e7\u0131kt\u0131. Mahkeme, site m\u00fcteahhitlerinin mal varl\u0131klar\u0131na \u00f6nlem konulmas\u0131 talebini reddetti.<\/p>\n<p>Oniki\u015fubat il\u00e7esi \u015eazibey Mahallesi&#8217;ndeki Ebrar Sitesi&#8217;nde 18 blok y\u0131k\u0131lm\u0131\u015f, bin 480 ki\u015fi hayat\u0131n\u0131 yitirmi\u015fti. 18 blokun y\u0131k\u0131lmas\u0131na ait davalar farkl\u0131 ayr\u0131 g\u00f6r\u00fcl\u00fcyor.<\/p>\n<p>Kahramanmara\u015f merkezli 6 \u015eubat sars\u0131nt\u0131lar\u0131nda 115 ki\u015finin hayat\u0131n\u0131 kaybetti\u011fi, 3 ki\u015finin yaraland\u0131\u011f\u0131 \u00f6ld\u00fc\u011f\u00fc Ebrar Sitesi B Blok davas\u0131nda, san\u0131klar Tevfik Tepeba\u015f\u0131, Atilla \u00d6z, Ahmet Do\u011fan, Meliha Teker, Salih Tepeba\u015f\u0131l\u0131 ve Mustafa Timurbanga hakk\u0131nda &#8220;bilin\u00e7li taksirle birden fazla ki\u015finin vefat\u0131na ve yaralanmas\u0131na neden olma&#8221; hatas\u0131ndan 22 y\u0131l 6&#8217;\u015far aya kadar mahpus istemiyle yarg\u0131lan\u0131yor.<\/p>\n<p>San\u0131klar\u0131n davas\u0131nda, yar\u0131n karar\u0131n a\u00e7\u0131klanmas\u0131 beklenirken, binada hayat\u0131n\u0131 kaybedenlerin yak\u0131nlar\u0131n\u0131n bu san\u0131klarla ilgili tazminat davas\u0131 a\u00e7t\u0131klar\u0131 ortaya \u00e7\u0131kt\u0131. ANKA Haber Ajans\u0131, depremzedelerin tazminat istemli dava evrak\u0131na ula\u015ft\u0131.<\/p>\n<p>Buna nazaran aileler, yak\u0131nlar\u0131n\u0131n vefat\u0131 sebebiyle b\u00fcy\u00fck kayba maruz kald\u0131klar\u0131n\u0131, manevi olarak da telafisi m\u00fcmk\u00fcn olmayan derin elem ve k\u00fclfet ya\u015fad\u0131klar\u0131n\u0131 belirterek, sorumlulardan tazminat istedi.<\/p>\n<p>Davac\u0131lar, meskendeki t\u00fcm \u015fahs\u00ee, mesken e\u015fyalar\u0131n\u0131n da konutlar\u0131yla ile birlikte yok olmas\u0131 sebebiyle, toplam 15 milyon lira manevi tazminat\u0131n, kusuru bulunan daval\u0131lardan ortakla\u015fa ve m\u00fctesilsilen al\u0131narak ailelere \u00f6denmesini ve daval\u0131lar\u0131n mal varl\u0131klar\u0131na ihtiyati \u00f6nlem konulmas\u0131n\u0131 talep etti.<\/p>\n<p><b>MAHKEME ORTA KARAR KURDU, \u0130HT\u0130YAT\u0130 \u00d6NLEM TALEB\u0130 REDDED\u0130LD\u0130<\/b><\/p>\n<p>Kahramanmara\u015f 3. Asliye Hukuk Mahkemesi, a\u00e7\u0131lan tazminat davas\u0131nda orta karar vererek, daval\u0131lar\u0131n mal varl\u0131klar\u0131na &#8221;ihtiyati tedbir&#8221; konulmas\u0131 istemini reddetti.<\/p>\n<p>Karar\u0131n m\u00fcnasebetinde, &#8221;ihtiyati tedbir&#8221; karar\u0131 verilebilmesi i\u00e7in \u00f6nlem talebinde bulunan taraf\u0131n, &#8221;tedbirin ivedili\u011fi ve gereklili\u011fi konusunda&#8221;, mahkemeye kan\u0131t sunma mecburili\u011fi bulundu\u011fu belirtildi.<\/p>\n<p>Gerek\u00e7ede, \u201cYakla\u015f\u0131k ispat kural\u0131\u201d gere\u011fi, \u00f6nlem talep eden taraf\u0131n, talep dilek\u00e7esi ile hakk\u0131n\u0131 dayand\u0131rd\u0131\u011f\u0131 olgular\u0131n do\u011frulu\u011fu konusunda k\u00e2fi derecede kan\u0131t sunmas\u0131 ya da bu kan\u0131tlara ait a\u00e7\u0131klamalarda bulunmas\u0131 gerekti\u011fi tabir edildi.<\/p>\n<p>Hukuk Muhakemeleri Kanunu&#8217;nun (HMK) 25.maddesine nazaran, kanunda \u00f6ng\u00f6r\u00fclen istisnalar d\u0131\u015f\u0131nda, hakimin, iki taraftan birinin s\u00f6ylemedi\u011fi \u015feyi yahut olaylar\u0131 resen dikkate alamayaca\u011f\u0131 kaydedilen m\u00fcnasebette, &#8221;ihtiyati tedbir&#8221; talepleri bak\u0131m\u0131ndan HMK&#8217;n\u0131n ilgili hususundaki \u015fartlar olu\u015fmad\u0131\u011f\u0131ndan, reddine karar verilmesi gerekti\u011fi belirtildi.<\/p>\n","protected":false},"excerpt":{"rendered":"<p>Zelzelede 115 ki\u015finin hayat\u0131n\u0131 kaybetti\u011fi Ebrar Sitesi m\u00fcteahhitlerinin mallar\u0131na ihtiyati \u00f6nlem konulmas\u0131 talebi reddedildi.<\/p>\n","protected":false},"author":1,"featured_media":40088,"comment_status":"open","ping_status":"open","sticky":false,"template":"","format":"standard","meta":{"footnotes":""},"categories":[25],"tags":[148,2516,6165,149,2863],"class_list":["post-40087","post","type-post","status-publish","format-standard","has-post-thumbnail","hentry","category-gundem","tag-dava","tag-davasi","tag-ihtiyati-tedbir","tag-karar","tag-tazminat"],"_links":{"self":[{"href":"https:\/\/ikimisli.tr\/index.php\/wp-json\/wp\/v2\/posts\/40087","targetHints":{"allow":["GET"]}}],"collection":[{"href":"https:\/\/ikimisli.tr\/index.php\/wp-json\/wp\/v2\/posts"}],"about":[{"href":"https:\/\/ikimisli.tr\/index.php\/wp-json\/wp\/v2\/types\/post"}],"author":[{"embeddable":true,"href":"https:\/\/ikimisli.tr\/index.php\/wp-json\/wp\/v2\/users\/1"}],"replies":[{"embeddable":true,"href":"https:\/\/ikimisli.tr\/index.php\/wp-json\/wp\/v2\/comments?post=40087"}],"version-history":[{"count":1,"href":"https:\/\/ikimisli.tr\/index.php\/wp-json\/wp\/v2\/posts\/40087\/revisions"}],"predecessor-version":[{"id":40089,"href":"https:\/\/ikimisli.tr\/index.php\/wp-json\/wp\/v2\/posts\/40087\/revisions\/40089"}],"wp:featuredmedia":[{"embeddable":true,"href":"https:\/\/ikimisli.tr\/index.php\/wp-json\/wp\/v2\/media\/40088"}],"wp:attachment":[{"href":"https:\/\/ikimisli.tr\/index.php\/wp-json\/wp\/v2\/media?parent=40087"}],"wp:term":[{"taxonomy":"category","embeddable":true,"href":"https:\/\/ikimisli.tr\/index.php\/wp-json\/wp\/v2\/categories?post=40087"},{"taxonomy":"post_tag","embeddable":true,"href":"https:\/\/ikimisli.tr\/index.php\/wp-json\/wp\/v2\/tags?post=40087"}],"curies":[{"name":"wp","href":"https:\/\/api.w.org\/{rel}","templated":true}]}}