{"id":40111,"date":"2025-05-18T23:12:20","date_gmt":"2025-05-18T23:12:20","guid":{"rendered":"https:\/\/ikimisli.tr\/?p=40111"},"modified":"2025-05-18T23:12:20","modified_gmt":"2025-05-18T23:12:20","slug":"valiliklerden-art-arda-aciklamalar-bu-ilde-yasayanlar-dikkat","status":"publish","type":"post","link":"https:\/\/ikimisli.tr\/index.php\/2025\/05\/18\/valiliklerden-art-arda-aciklamalar-bu-ilde-yasayanlar-dikkat\/","title":{"rendered":"Valiliklerden art arda a\u00e7\u0131klamalar: Bu ilde ya\u015fayanlar dikkat"},"content":{"rendered":"<p>So\u011fuk hava, \u00fclke genelinde tesirli oluyor. Valilikler vatanda\u015flara arka arda ihtarlarda bulunuyor.  Bal\u0131kesir Valili\u011fi, f\u0131rt\u0131na ihtar\u0131nda bulundu. Valili\u011fin X hesab\u0131ndan yapt\u0131\u011f\u0131 a\u00e7\u0131klamada \u015fu tabirler kullan\u0131ld\u0131:<\/p>\n<p>&#8220;Kuzey Ege&#8217;de r\u00fczgar\u0131n, yar\u0131n (\u00c7ar\u015famba) sabah saatlerinden itibaren kuzey ve kuzeydo\u011fudan 6 ila 8 kuvvetinde (50-75 km\/saat) f\u0131rt\u0131na bi\u00e7iminde esece\u011fi kestirim edilmektedir. F\u0131rt\u0131nan\u0131n, 20.02.2025 (Per\u015fembe) \u00f6\u011flen saatlerinden sonra tesirini kaybetmesi beklenmektedir. Ula\u015f\u0131mdaki aksamalara kar\u015f\u0131 dikkatli ve \u00f6nlemli olunmal\u0131d\u0131r.&#8221;<\/p>\n<p><b>\u0130ZM\u0130R \u0130\u00c7\u0130N DE \u0130HTAR GELD\u0130<\/b><\/p>\n<p>\u0130zmir&#8217;de Valilik, bu ak\u015famdan itibaren tesirli olmas\u0131 beklenen so\u011fuk hava dalgas\u0131 i\u00e7in vatanda\u015flar\u0131 uyard\u0131. Valili\u011fin Meteoroloji 2. B\u00f6lge M\u00fcd\u00fcrl\u00fc\u011f\u00fc \u0130zmir B\u00f6lge Kestirim ve Erken \u0130htar Merkezi datalar\u0131na dayand\u0131rd\u0131\u011f\u0131 a\u00e7\u0131klamada, \u015fu s\u00f6zler kullan\u0131ld\u0131:<\/p>\n<p>&#8220;Yap\u0131lan son meteorolojik de\u011ferlendirmelere nazaran, b\u00f6lgemizin 18 \u015eubat 2025 Sal\u0131 g\u00fcn\u00fcnden itibaren Karadeniz \u00fczerinden gelecek so\u011fuk havan\u0131n tesiri alt\u0131na girmesi bekleniyor. Kuzey istikametlerden esmesi beklenen r\u00fczgarlarla, hava s\u0131cakl\u0131klar\u0131n\u0131n sal\u0131 g\u00fcn\u00fc kuzey<br \/>kesimlerde, \u00e7ar\u015famba g\u00fcn\u00fc ise b\u00f6lge genelinde hissedilir derecede (6 ila 10 \u00b0C) azalarak mevsim normallerinin alt\u0131na d\u00fc\u015fece\u011fi iddia ediliyor. So\u011fuk havan\u0131n b\u00f6lgemiz genelinde bir hafta boyunca tesirli olmasi beklenirken, kuzey k\u0131s\u0131mlarda lokal olarak kar ya\u011f\u0131\u015f\u0131 g\u00f6r\u00fclece\u011fi iddia edilmektedir. Meydana gelebilecek kar ya\u011f\u0131\u015f\u0131, buzlanma ve zirai don olaylar\u0131na kar\u015f\u0131, Etraf, \u015eehircilik ve \u0130klim De\u011fi\u015fikli\u011fi Bakanl\u0131\u011f\u0131 Meteoroloji Genel M\u00fcd\u00fcrl\u00fcg\u00fc&#8217;n\u00fcn haz\u0131rlay\u0131p yay\u0131nlad\u0131\u011f\u0131 kestirim ve meteorolojik erken ikazlar\u0131n takip edilmesi k\u0131ymet arz etmektedir.&#8221;<\/p>\n","protected":false},"excerpt":{"rendered":"<p>Bal\u0131kesir Valili\u011fi, yar\u0131ndan itibaren kentte f\u0131rt\u0131na beklendi\u011fini bildirerek, olumsuz hava \u015fartlar\u0131na kar\u015f\u0131 vatanda\u015flar\u0131 \u00f6nlemli olmalar\u0131 konusunda uyard\u0131. \u0130zmir Valili\u011fi de bu ak\u015famdan itibaren tesirli olmas\u0131 beklenen so\u011fuk hava dalgas\u0131na kar\u015f\u0131 vatanda\u015flar\u0131 uyard\u0131.<\/p>\n","protected":false},"author":1,"featured_media":40112,"comment_status":"open","ping_status":"open","sticky":false,"template":"","format":"standard","meta":{"footnotes":""},"categories":[25],"tags":[1655,161,379,881,1469],"class_list":["post-40111","post","type-post","status-publish","format-standard","has-post-thumbnail","hentry","category-gundem","tag-bolge","tag-hava","tag-kar","tag-kuzey","tag-tahmin"],"_links":{"self":[{"href":"https:\/\/ikimisli.tr\/index.php\/wp-json\/wp\/v2\/posts\/40111","targetHints":{"allow":["GET"]}}],"collection":[{"href":"https:\/\/ikimisli.tr\/index.php\/wp-json\/wp\/v2\/posts"}],"about":[{"href":"https:\/\/ikimisli.tr\/index.php\/wp-json\/wp\/v2\/types\/post"}],"author":[{"embeddable":true,"href":"https:\/\/ikimisli.tr\/index.php\/wp-json\/wp\/v2\/users\/1"}],"replies":[{"embeddable":true,"href":"https:\/\/ikimisli.tr\/index.php\/wp-json\/wp\/v2\/comments?post=40111"}],"version-history":[{"count":1,"href":"https:\/\/ikimisli.tr\/index.php\/wp-json\/wp\/v2\/posts\/40111\/revisions"}],"predecessor-version":[{"id":40113,"href":"https:\/\/ikimisli.tr\/index.php\/wp-json\/wp\/v2\/posts\/40111\/revisions\/40113"}],"wp:featuredmedia":[{"embeddable":true,"href":"https:\/\/ikimisli.tr\/index.php\/wp-json\/wp\/v2\/media\/40112"}],"wp:attachment":[{"href":"https:\/\/ikimisli.tr\/index.php\/wp-json\/wp\/v2\/media?parent=40111"}],"wp:term":[{"taxonomy":"category","embeddable":true,"href":"https:\/\/ikimisli.tr\/index.php\/wp-json\/wp\/v2\/categories?post=40111"},{"taxonomy":"post_tag","embeddable":true,"href":"https:\/\/ikimisli.tr\/index.php\/wp-json\/wp\/v2\/tags?post=40111"}],"curies":[{"name":"wp","href":"https:\/\/api.w.org\/{rel}","templated":true}]}}