{"id":40238,"date":"2025-05-19T06:36:18","date_gmt":"2025-05-19T06:36:18","guid":{"rendered":"https:\/\/ikimisli.tr\/?p=40238"},"modified":"2025-05-19T06:36:18","modified_gmt":"2025-05-19T06:36:18","slug":"1-dunya-savasinda-batmis-9-denizalti-bulundu","status":"publish","type":"post","link":"https:\/\/ikimisli.tr\/index.php\/2025\/05\/19\/1-dunya-savasinda-batmis-9-denizalti-bulundu\/","title":{"rendered":"1. D\u00fcnya Sava\u015f\u0131&#8217;nda batm\u0131\u015f 9 denizalt\u0131 bulundu"},"content":{"rendered":"<p>Ke\u015ffedilen bat\u0131klar, Japonya, Norve\u00e7, Fransa, \u0130ngiltere, Portekiz ve \u0130talya \u00fczere farkl\u0131 \u00fclkelere ili\u015fkin gemilerden olu\u015fuyor. Bu gemilerin, I. D\u00fcnya Sava\u015f\u0131 s\u0131ras\u0131nda Alman denizalt\u0131lar\u0131n\u0131n ak\u0131nlar\u0131 sonucu batt\u0131\u011f\u0131 belirlendi.<\/p>\n<p>Alman U-botlar\u0131, sava\u015f s\u0131ras\u0131nda m\u00fcttefik askeri ve ticari gemilerini ama\u00e7 alarak, Fas\u2019\u0131n g\u00fcney k\u0131y\u0131lar\u0131nda \u00f6nemli kay\u0131plara neden oldu. Uzun y\u0131llard\u0131r kay\u0131p olan bu gemilerin pozisyonlar\u0131n\u0131n belirlenmesi, b\u00f6lgenin tarihine \u0131\u015f\u0131k tutuyor.<\/p>\n<p>Assalam Derne\u011fi, ke\u015ffi duyurarak, bu k\u0131ymetli bat\u0131k alanlar\u0131n\u0131n korunmas\u0131 ve daha fazla ara\u015ft\u0131rmaya imkan sa\u011flanmas\u0131 gayesiyle, gemilere ili\u015fkin \u00f6n koordinatlar\u0131 ve ayr\u0131nt\u0131l\u0131 raporlar\u0131 Fas Ulusal Hidrografi, O\u015finografi ve Deniz Kartografisi Uyum Komitesi ile payla\u015ft\u0131.<\/p>\n<p>Bu ke\u015fif, Fas\u2019\u0131n deniz miras\u0131n\u0131 belgeleme \u00e7al\u0131\u015fmalar\u0131n\u0131n bir devam\u0131 niteli\u011finde. Ge\u00e7mi\u015fte yap\u0131lan \u00e7al\u0131\u015fmalar ortas\u0131nda, Dakhla yak\u0131nlar\u0131nda batan Kaiser Wilhelm Der Grosse isimli Alman imparatorluk gemisinin yerinin belirlenmesi, UNESCO\u2019nun deniz miras\u0131na y\u00f6nelik birinci program\u0131n\u0131n ba\u015flat\u0131lmas\u0131 ve Milletleraras\u0131 K\u0131y\u0131 Forumu\u2019nun d\u00fczenlenmesi bulunuyor.<\/p>\n<p><img decoding=\"async\" src=\"https:\/\/ikimisli.tr\/wp-content\/uploads\/2025\/05\/1-dunya-savasinda-batmis-9-denizalti-bulundu-0-iFsld61b.webp\"\/><\/p>\n<p>Dernek, su alt\u0131 arkeolojisi alan\u0131ndaki bilgi birikimini art\u0131rmak hedefiyle ulusal ve uluslararas\u0131 kurumlarla i\u015f birli\u011fi yap\u0131yor. Bu ortak \u00e7al\u0131\u015fmalar sayesinde, Fas\u2019\u0131n Ulusal Arkeoloji ve Miras Bilimleri Enstit\u00fcs\u00fc (INSAP) ile Dakhla\u2019da d\u00fczenlenen memleketler aras\u0131 at\u00f6lye \u00e7al\u0131\u015fmalar\u0131 kapsam\u0131nda \u00fclkenin birinci uzmanl\u0131k e\u011fitimleri ger\u00e7ekle\u015ftirildi.<\/p>\n<p>Dernek ayr\u0131yeten, Afrika\u2019daki kurumlar\u0131n Dakhla\u2019y\u0131 b\u00f6lgesel bir deniz miras\u0131 m\u00fcdafaa merkezi haline getirmek hedefiyle 15 Ekim 2024\u2019te imzalad\u0131\u011f\u0131 mutabakat\u0131n yetkililer taraf\u0131ndan desteklenmesini talep etti.<\/p>\n<p>\u00d6te yandan, Ocak ay\u0131nda Fas Ulusal Su Alt\u0131 Miras\u0131 Ara\u015ft\u0131rma ve \u00c7al\u0131\u015fma Merkezi, El Cezire (El Jadida) yak\u0131nlar\u0131nda iki tarihi bat\u0131k ke\u015ffetti\u011fini duyurdu. Biri kentin k\u0131y\u0131s\u0131 yak\u0131nlar\u0131nda, ba\u015fkas\u0131 ise liman giri\u015finde bulunan bu metal gemilerin, 19. y\u00fczy\u0131l\u0131n sonlar\u0131na ili\u015fkin oldu\u011fu d\u00fc\u015f\u00fcn\u00fcl\u00fcyor. O periyotta El Cezire liman\u0131, Fas\u2019\u0131n ticaretinde kilit bir merkez pozisyonundayd\u0131.<\/p>\n","protected":false},"excerpt":{"rendered":"<p>Fas\u2019taki Assalam Deniz Miras\u0131n\u0131 M\u00fcdafaa Derne\u011fi, \u00fclkenin g\u00fcney k\u0131y\u0131s\u0131nda I. D\u00fcnya Sava\u015f\u0131\u2019ndan kalma dokuz bat\u0131k geminin yerini tespit etti. Ke\u015fif, Fas\u2019\u0131n su alt\u0131 miras\u0131n\u0131 belgelemek i\u00e7in y\u00fcr\u00fctt\u00fc\u011f\u00fc evvelki \u00e7al\u0131\u015fmalara de\u011ferli bir katk\u0131 sa\u011fl\u0131yor.<\/p>\n","protected":false},"author":1,"featured_media":40239,"comment_status":"open","ping_status":"open","sticky":false,"template":"","format":"standard","meta":{"footnotes":""},"categories":[43],"tags":[235,105,2146,1036],"class_list":["post-40238","post","type-post","status-publish","format-standard","has-post-thumbnail","hentry","category-dunya","tag-calisma","tag-deniz","tag-fas","tag-miras"],"_links":{"self":[{"href":"https:\/\/ikimisli.tr\/index.php\/wp-json\/wp\/v2\/posts\/40238","targetHints":{"allow":["GET"]}}],"collection":[{"href":"https:\/\/ikimisli.tr\/index.php\/wp-json\/wp\/v2\/posts"}],"about":[{"href":"https:\/\/ikimisli.tr\/index.php\/wp-json\/wp\/v2\/types\/post"}],"author":[{"embeddable":true,"href":"https:\/\/ikimisli.tr\/index.php\/wp-json\/wp\/v2\/users\/1"}],"replies":[{"embeddable":true,"href":"https:\/\/ikimisli.tr\/index.php\/wp-json\/wp\/v2\/comments?post=40238"}],"version-history":[{"count":1,"href":"https:\/\/ikimisli.tr\/index.php\/wp-json\/wp\/v2\/posts\/40238\/revisions"}],"predecessor-version":[{"id":40241,"href":"https:\/\/ikimisli.tr\/index.php\/wp-json\/wp\/v2\/posts\/40238\/revisions\/40241"}],"wp:featuredmedia":[{"embeddable":true,"href":"https:\/\/ikimisli.tr\/index.php\/wp-json\/wp\/v2\/media\/40239"}],"wp:attachment":[{"href":"https:\/\/ikimisli.tr\/index.php\/wp-json\/wp\/v2\/media?parent=40238"}],"wp:term":[{"taxonomy":"category","embeddable":true,"href":"https:\/\/ikimisli.tr\/index.php\/wp-json\/wp\/v2\/categories?post=40238"},{"taxonomy":"post_tag","embeddable":true,"href":"https:\/\/ikimisli.tr\/index.php\/wp-json\/wp\/v2\/tags?post=40238"}],"curies":[{"name":"wp","href":"https:\/\/api.w.org\/{rel}","templated":true}]}}