{"id":40280,"date":"2025-05-19T08:48:18","date_gmt":"2025-05-19T08:48:18","guid":{"rendered":"https:\/\/ikimisli.tr\/?p=40280"},"modified":"2025-05-19T08:48:18","modified_gmt":"2025-05-19T08:48:18","slug":"akpli-vekil-tehdit-etmisti-o-yrpliler-tek-tek-akpye-geciyor","status":"publish","type":"post","link":"https:\/\/ikimisli.tr\/index.php\/2025\/05\/19\/akpli-vekil-tehdit-etmisti-o-yrpliler-tek-tek-akpye-geciyor\/","title":{"rendered":"AKP\u2019li vekil tehdit etmi\u015fti! O YRP\u2019liler tek tek AKP\u2019ye ge\u00e7iyor"},"content":{"rendered":"<p>Yeniden Refah Partisinden belediye ba\u015fkan\u0131 se\u00e7ilen isimlerin AKP\u2019ye ge\u00e7i\u015fleri devam ediyor. Elaz\u0131\u011f\u2019\u0131n Sivrice belediye ba\u015fkan\u0131 YRP\u2019li Ebubekir Irmak AKP\u2019te ge\u00e7ece\u011fini duyurdu. YRP ise Irmak\u2019\u0131 parti disiplin ve unsurlar\u0131na ters davrand\u0131\u011f\u0131 gerek\u00e7esiyle, Y\u00fcksek Disiplin Heyetine kesin ihra\u00e7 talebiyle sevk edildi\u011fini a\u00e7\u0131klad\u0131. Irmak\u2019\u0131n AKP k\u00fcme toplant\u0131s\u0131nda partiye kat\u0131laca\u011f\u0131 \u00f6\u011frenilirken ge\u00e7ti\u011fimiz aylarda YRP\u2019den istifa eden Palu il\u00e7esinin Beyhan Belediye Ba\u015fkan\u0131 Bayram \u00d6zt\u00fcrk\u2019\u00fcn de AKP\u2019ye kat\u0131laca\u011f\u0131 \u00f6\u011frenildi.<\/p>\n<p><b>TEHD\u0130T ED\u0130LM\u0130\u015eLERD\u0130 AKP\u2019YE GER\u0130 D\u00d6N\u00dcYORLAR<\/b><\/p>\n<p>31 Mart mahall\u00ee se\u00e7imlerinde YRP\u2019den belediye ba\u015fkan\u0131 se\u00e7ilen Ebubekir Irmak AKP\u2019ye ge\u00e7ece\u011fini a\u00e7\u0131klad\u0131. Ge\u00e7ti\u011fimiz aylarda YRP\u2019den ise eden Palu\u2019nun Beyhan belediye ba\u015fkan\u0131 Bayram \u00d6zt\u00fcrk\u2019\u00fcn de AKP\u2019ye ge\u00e7ece\u011fi \u00f6\u011frenildi. Daha evvel de AKP\u2019nin 23. Kurulu\u015f y\u0131ld\u00f6n\u00fcm\u00fcnde B\u00fckardi Belediye Ba\u015fkan\u0131 Ali A\u00e7maz AKP\u2019ye ge\u00e7mi\u015fti.<\/p>\n<p>31 Mart gecesi AKP&#8217;nin kent merkezindeki kutlamas\u0131nda AKP Elaz\u0131\u011f Milletvekili Ejder A\u00e7\u0131kkap\u0131, YRP\u2019den belediye ba\u015fkan\u0131 se\u00e7ilenleri tehditkar s\u00f6zler sarf etmi\u015fti. A\u00e7\u0131kkap\u0131, &#8220;Sorgulayaca\u011f\u0131m\u0131z \u00e7ok \u015fey var neden ba\u015far\u0131s\u0131z olduk, kimlerin ihanetine u\u011frad\u0131k, kimler bizi yar\u0131 yolda b\u0131rakt\u0131 bunlar\u0131n hesab\u0131n\u0131 tabi ki sorgulayaca\u011f\u0131z. Bu siyasi harekette birlikte y\u00fcr\u00fcyen ve bizden aday aday\u0131 olup daha sonra \u00f6b\u00fcr limanlara s\u0131\u011f\u0131nanlara elbette ki hesap soraca\u011f\u0131z. D\u00fcnya \u00f6nderimiz Recep Tayyip Erdo\u011fan&#8217;\u0131 biz 22 y\u0131ld\u0131r yar\u0131 yolda b\u0131rakmad\u0131k yar\u0131 yolda b\u0131rakanlara da sitemimiz var&#8221; demi\u015fti.<\/p>\n<p><b>\u201cTE\u015eK\u0130LATIMIZIN VEBAL\u0130 ONUN BOYNUNADIR\u201d<\/b><\/p>\n<p>Irmak\u2019\u0131n AKP\u2019ye ge\u00e7me karar\u0131na ait S\u00d6ZC\u00dc&#8217;ye konu\u015fan Erhun Karaku\u015f, \u201cSivrice belediye lideriyle g\u00f6r\u00fc\u015ft\u00fcm AK Parti&#8217;ye ge\u00e7ece\u011fi ger\u00e7ek. Kendisiyle yapt\u0131\u011f\u0131m g\u00f6r\u00fc\u015fmeden AK Parti Elaz\u0131\u011f Milletvekili Mahmut R\u0131dvan Naz\u0131rl\u0131\u2019n\u0131n kendisine AK Parti\u2019ye ge\u00e7mesi i\u00e7in kendilerine a\u011f\u0131r bask\u0131 oldu\u011funu s\u00f6ylemi\u015f. Sonras\u0131nda ise Ebubekir Irmak\u2019\u0131 AK Parti Yerel Y\u00f6netimlerden Sorumlu Ba\u015fkan\u0131 Yusuf Ziya Y\u0131lmaz aram\u0131\u015f ve \u2018Cumhurba\u015fkan\u0131m\u0131z seni partide g\u00f6rmek istiyor\u2019 diye buyru\u011funu iletmi\u015f. Ebubekir Irmak bana tercih hakk\u0131 tan\u0131nmad\u0131 diyerek AK Parti\u2019ye ge\u00e7meyi kabul etmi\u015f. Partimiz kendisine g\u00fclden a\u011f\u0131r bir kelam s\u00f6ylemedi lakin \u00a0kendisi AK Parti\u2019ye ge\u00e7me karar\u0131 ald\u0131. Te\u015fkilat\u0131m\u0131z\u0131n vebali onun boynunad\u0131r g\u00f6nl\u00fcm\u00fcz kendisine dard\u0131r. \u0130l\u00e7eye hizmet i\u00e7in gitti\u011fini s\u00f6yl\u00fcyor lakin be\u015f y\u0131l sonra il\u00e7ede ne hizmetler getirilmi\u015f g\u00f6rece\u011fiz\u201d s\u00f6zlerini kulland\u0131.<\/p>\n","protected":false},"excerpt":{"rendered":"<p>31 Mart 2024 yerel se\u00e7imlerinde Elaz\u0131\u011f\u2019da AKP\u2019den tekrar aday g\u00f6sterilmeyen il\u00e7e belediye liderleri Yine Refah Partisi\u2019nden aday olmu\u015f ve tekrar belediye ba\u015fkan\u0131 olmu\u015ftu. Se\u00e7im sonras\u0131nda ise AKP Elaz\u0131\u011f Milletvekili Ejder A\u00e7\u0131kkap\u0131 taraf\u0131ndan tehdit edilen YRP&#8217;liler teker teker AKP&#8217;ye kat\u0131l\u0131yor.<\/p>\n","protected":false},"author":1,"featured_media":40281,"comment_status":"open","ping_status":"open","sticky":false,"template":"","format":"standard","meta":{"footnotes":""},"categories":[25],"tags":[1114,2869,2074,6066,639],"class_list":["post-40280","post","type-post","status-publish","format-standard","has-post-thumbnail","hentry","category-gundem","tag-ak-parti","tag-akpye","tag-belediye-baskani","tag-irmak","tag-yrp"],"_links":{"self":[{"href":"https:\/\/ikimisli.tr\/index.php\/wp-json\/wp\/v2\/posts\/40280","targetHints":{"allow":["GET"]}}],"collection":[{"href":"https:\/\/ikimisli.tr\/index.php\/wp-json\/wp\/v2\/posts"}],"about":[{"href":"https:\/\/ikimisli.tr\/index.php\/wp-json\/wp\/v2\/types\/post"}],"author":[{"embeddable":true,"href":"https:\/\/ikimisli.tr\/index.php\/wp-json\/wp\/v2\/users\/1"}],"replies":[{"embeddable":true,"href":"https:\/\/ikimisli.tr\/index.php\/wp-json\/wp\/v2\/comments?post=40280"}],"version-history":[{"count":1,"href":"https:\/\/ikimisli.tr\/index.php\/wp-json\/wp\/v2\/posts\/40280\/revisions"}],"predecessor-version":[{"id":40282,"href":"https:\/\/ikimisli.tr\/index.php\/wp-json\/wp\/v2\/posts\/40280\/revisions\/40282"}],"wp:featuredmedia":[{"embeddable":true,"href":"https:\/\/ikimisli.tr\/index.php\/wp-json\/wp\/v2\/media\/40281"}],"wp:attachment":[{"href":"https:\/\/ikimisli.tr\/index.php\/wp-json\/wp\/v2\/media?parent=40280"}],"wp:term":[{"taxonomy":"category","embeddable":true,"href":"https:\/\/ikimisli.tr\/index.php\/wp-json\/wp\/v2\/categories?post=40280"},{"taxonomy":"post_tag","embeddable":true,"href":"https:\/\/ikimisli.tr\/index.php\/wp-json\/wp\/v2\/tags?post=40280"}],"curies":[{"name":"wp","href":"https:\/\/api.w.org\/{rel}","templated":true}]}}