{"id":40311,"date":"2025-05-19T10:36:24","date_gmt":"2025-05-19T10:36:24","guid":{"rendered":"https:\/\/ikimisli.tr\/?p=40311"},"modified":"2025-05-19T10:36:24","modified_gmt":"2025-05-19T10:36:24","slug":"5-ihracla-yetinmeyip-ceza-yagdirmislar","status":"publish","type":"post","link":"https:\/\/ikimisli.tr\/index.php\/2025\/05\/19\/5-ihracla-yetinmeyip-ceza-yagdirmislar\/","title":{"rendered":"5 ihra\u00e7la yetinmeyip ceza ya\u011fd\u0131rm\u0131\u015flar"},"content":{"rendered":"<p>Milli Savunma \u00dcniversitesi (MS\u00dc) Rekt\u00f6r\u00fc Prof. Dr. Erhan Afyoncu, Kara Harp Okulu\u2019nun mezuniyet merasiminin akabinde k\u0131l\u0131\u00e7 \u00e7atarak subay and\u0131n\u0131 okuyan ve \u201cMustafa Kemal\u2019in askerleriyiz\u201d slogan\u0131n\u0131 atan te\u011fmenlere ait konu\u015ftu. Afyoncu, be\u015f te\u011fmenin ihra\u00e7 edildi\u011fi olayda, \u00f6b\u00fcr te\u011fmenlere ise farkl\u0131 cezalar verildi\u011fini s\u00f6yledi. Bir televizyon kanal\u0131nda konu\u015fan Afyoncu, \u201c7 defa m\u00fcsaade istemi\u015fler 8 kere hay\u0131r denilmi\u015f\u201d dedi. Te\u011fmenlerin \u201cyapmay\u0131n denilen \u015feyi \u0131srarla yapt\u0131klar\u0131n\u0131\u201d sav eden Afyoncu \u015f\u00f6yle devam etti: \u201cBurada sorun Atat\u00fcrk\u2019\u00fcn ismini anmak de\u011fil, disiplinsizlik. Orada yaln\u0131zca 5 te\u011fmen ceza almad\u0131. O yemine kat\u0131lan bir\u00e7ok te\u011fmen ceza ald\u0131. Orduya siyaset giremez. Ben buna m\u00fcsaade etmem.\u201d<\/p>\n<p><img decoding=\"async\" src=\"https:\/\/ikimisli.tr\/wp-content\/uploads\/2025\/05\/5-ihracla-yetinmeyip-ceza-yagdirmislar-0-MEllDKWb.jpg\"\/><\/p>\n<p><em>Tarih\u00e7i Prof. Erhan Afyoncu<\/em><\/p>\n<p><strong>MEVZUATTA VAR MI?<\/strong><\/p>\n<p>Te\u011fmenlerin avukatlar\u0131ndan Serdar \u00d6zt\u00fcrk, toplumsal medya hesab\u0131ndan Afyoncu\u2019ya,\u00a0 \u201cMadem mevzuatta olmayan i\u015fler yap\u0131lm\u0131yor, yeminler edilmiyor merasim esnas\u0131nda okuttu\u011fun 100. y\u0131l mar\u015f\u0131 mevzuatta var m\u0131?\u201d diye sordu.<\/p>\n","protected":false},"excerpt":{"rendered":"<p>Tarih\u00e7i Prof. Erhan Afyoncu, \u201cOrada yaln\u0131zca 5 te\u011fmen ceza almad\u0131. O yemine kat\u0131lan bir\u00e7ok te\u011fmen ceza ald\u0131. Orduya siyaset giremez\u201d dedi.<\/p>\n","protected":false},"author":1,"featured_media":40312,"comment_status":"open","ping_status":"open","sticky":false,"template":"","format":"standard","meta":{"footnotes":""},"categories":[25],"tags":[6124,2560],"class_list":["post-40311","post","type-post","status-publish","format-standard","has-post-thumbnail","hentry","category-gundem","tag-afyoncu","tag-tegmen"],"_links":{"self":[{"href":"https:\/\/ikimisli.tr\/index.php\/wp-json\/wp\/v2\/posts\/40311","targetHints":{"allow":["GET"]}}],"collection":[{"href":"https:\/\/ikimisli.tr\/index.php\/wp-json\/wp\/v2\/posts"}],"about":[{"href":"https:\/\/ikimisli.tr\/index.php\/wp-json\/wp\/v2\/types\/post"}],"author":[{"embeddable":true,"href":"https:\/\/ikimisli.tr\/index.php\/wp-json\/wp\/v2\/users\/1"}],"replies":[{"embeddable":true,"href":"https:\/\/ikimisli.tr\/index.php\/wp-json\/wp\/v2\/comments?post=40311"}],"version-history":[{"count":1,"href":"https:\/\/ikimisli.tr\/index.php\/wp-json\/wp\/v2\/posts\/40311\/revisions"}],"predecessor-version":[{"id":40314,"href":"https:\/\/ikimisli.tr\/index.php\/wp-json\/wp\/v2\/posts\/40311\/revisions\/40314"}],"wp:featuredmedia":[{"embeddable":true,"href":"https:\/\/ikimisli.tr\/index.php\/wp-json\/wp\/v2\/media\/40312"}],"wp:attachment":[{"href":"https:\/\/ikimisli.tr\/index.php\/wp-json\/wp\/v2\/media?parent=40311"}],"wp:term":[{"taxonomy":"category","embeddable":true,"href":"https:\/\/ikimisli.tr\/index.php\/wp-json\/wp\/v2\/categories?post=40311"},{"taxonomy":"post_tag","embeddable":true,"href":"https:\/\/ikimisli.tr\/index.php\/wp-json\/wp\/v2\/tags?post=40311"}],"curies":[{"name":"wp","href":"https:\/\/api.w.org\/{rel}","templated":true}]}}