{"id":40354,"date":"2025-05-19T13:00:19","date_gmt":"2025-05-19T13:00:19","guid":{"rendered":"https:\/\/ikimisli.tr\/?p=40354"},"modified":"2025-05-19T13:00:19","modified_gmt":"2025-05-19T13:00:19","slug":"misirda-3-bin-500-yil-oncesine-ait-firavun-mezari-ortaya-cikarildi","status":"publish","type":"post","link":"https:\/\/ikimisli.tr\/index.php\/2025\/05\/19\/misirda-3-bin-500-yil-oncesine-ait-firavun-mezari-ortaya-cikarildi\/","title":{"rendered":"M\u0131s\u0131r&#8217;da 3 bin 500 y\u0131l \u00f6ncesine ait firavun mezar\u0131 ortaya \u00e7\u0131kar\u0131ld\u0131"},"content":{"rendered":"<div>\n<p>M\u0131s\u0131r Turizm ve Eski Eserler Bakanl\u0131\u011f\u0131ndan yap\u0131lan yaz\u0131l\u0131 a\u00e7\u0131klamada, Eski Eserler Y\u00fcksek Kurulu ile Yeni Devlet Ara\u015ft\u0131rma Kurumu ortas\u0131ndaki M\u0131s\u0131r-\u0130ngiliz ortak arkeolojik misyonunun, Kral 2. Thutmose&#8217;un (Milattan Evvel 1493-1481) 3 bin 500 y\u0131l \u00f6ncesine ili\u015fkin mezar\u0131n\u0131 ortaya \u00e7\u0131karmay\u0131 ba\u015fard\u0131\u011f\u0131 belirtildi.<\/p>\n<p>Bakanl\u0131\u011f\u0131n a\u00e7\u0131klamas\u0131nda, bunun, &#8220;M\u0131s\u0131r&#8217;daki Onsekizinci Hanedanl\u0131\u011f\u0131n (yakla\u015f\u0131k Milattan Evvel 1550\/1549-1292) h\u00fck\u00fcmdarlar\u0131n\u0131n son kay\u0131p mezar\u0131&#8221; oldu\u011fu kaydedildi.<\/p>\n<p>A\u00e7\u0131klamada ayr\u0131yeten mezar\u0131n Luksor kentinin bat\u0131s\u0131nda, H\u00fck\u00fcmdarlar Vadisi&#8217;nin yakla\u015f\u0131k 2,4 kilometre bat\u0131s\u0131nda, Taybe Da\u011f\u0131&#8217;ndaki bir b\u00f6lgede 2022 y\u0131l\u0131nda giri\u015fi ve ana ge\u00e7idi bulunan bir mezar\u0131n hafriyatlar\u0131 ve arkeolojik \u00e7al\u0131\u015fmalar\u0131 s\u0131ras\u0131nda bulundu\u011fu s\u00f6z edildi.<\/p>\n<p>Bakanl\u0131\u011f\u0131n a\u00e7\u0131klamas\u0131nda s\u00f6zlerine yer verilen Turizm ve Eski Eserler Bakan\u0131 \u015eerif Fethi, bunun &#8220;Kral Tutankhamun&#8217;un mezar\u0131n\u0131n 1922&#8217;de ke\u015ffedilmesinden bu yana bulunan birinci kraliyet mezar\u0131&#8221; oldu\u011funu belirtti.<\/p>\n<p>Eski Eserler Y\u00fcksek Kurulu Genel Sekreteri Muhammed Halid de mezarda bulunan kaplar\u0131n kimi k\u0131s\u0131mlar\u0131nda Kral 2. Thutmose&#8217;un isminin yan\u0131 s\u0131ra e\u015fi Hat\u015fepsut&#8217;un ismini ta\u015f\u0131yan yaz\u0131tlar bulundu\u011funu ve bunun da mezar\u0131n sahibinin kimli\u011fini do\u011frulad\u0131\u011f\u0131n\u0131 kaydetti.<\/p>\n<p>Halid, bu ke\u015ffi &#8220;son y\u0131llar\u0131n en de\u011ferli arkeolojik ke\u015fiflerinden biri&#8221; olarak nitelendirdi.<\/p>\n<p>Eski Eserler Y\u00fcksek Kurulu Eski Eserler Sekt\u00f6r Ba\u015fkan\u0131 ve M\u0131s\u0131r taraf\u0131n\u0131n misyon lideri Muhammed Abdulbedii ise &#8220;kral\u0131n vefat\u0131ndan k\u0131sa bir m\u00fcddet sonra su bask\u0131nlar\u0131na maruz kalmas\u0131 dolay\u0131s\u0131yla&#8221; mezar\u0131n makus bir durumda bulundu\u011funu s\u00f6yledi.<\/p>\n<p>Abdulbedii, \u00f6n \u00e7al\u0131\u015fmalar\u0131n, mezar\u0131n temel i\u00e7eri\u011finin eski M\u0131s\u0131r devrinde su bask\u0131nlar\u0131na maruz kald\u0131ktan sonra \u00f6b\u00fcr bir yere ta\u015f\u0131nd\u0131\u011f\u0131n\u0131 g\u00f6sterdi\u011fini tabir etti.<\/p>\n<\/p><\/div>\n<div>\n<div>\u00a0<\/div>\n<\/p><\/div>\n","protected":false},"excerpt":{"rendered":"<p>M\u0131s\u0131r, \u00fclkenin g\u00fcney kesitindeki Luksor kentinde, 18. Firavun Hanedanl\u0131\u011f\u0131 (yakla\u015f\u0131k Milattan Evvel 1550\/1549-1292) h\u00fck\u00fcmdarlar\u0131na ili\u015fkin son firavun mezar\u0131n\u0131n ke\u015ffedildi\u011fini duyurdu.<\/p>\n","protected":false},"author":1,"featured_media":40355,"comment_status":"open","ping_status":"open","sticky":false,"template":"","format":"standard","meta":{"footnotes":""},"categories":[43],"tags":[1033,5938,1031],"class_list":["post-40354","post","type-post","status-publish","format-standard","has-post-thumbnail","hentry","category-dunya","tag-kral","tag-mezarin","tag-misir"],"_links":{"self":[{"href":"https:\/\/ikimisli.tr\/index.php\/wp-json\/wp\/v2\/posts\/40354","targetHints":{"allow":["GET"]}}],"collection":[{"href":"https:\/\/ikimisli.tr\/index.php\/wp-json\/wp\/v2\/posts"}],"about":[{"href":"https:\/\/ikimisli.tr\/index.php\/wp-json\/wp\/v2\/types\/post"}],"author":[{"embeddable":true,"href":"https:\/\/ikimisli.tr\/index.php\/wp-json\/wp\/v2\/users\/1"}],"replies":[{"embeddable":true,"href":"https:\/\/ikimisli.tr\/index.php\/wp-json\/wp\/v2\/comments?post=40354"}],"version-history":[{"count":1,"href":"https:\/\/ikimisli.tr\/index.php\/wp-json\/wp\/v2\/posts\/40354\/revisions"}],"predecessor-version":[{"id":40356,"href":"https:\/\/ikimisli.tr\/index.php\/wp-json\/wp\/v2\/posts\/40354\/revisions\/40356"}],"wp:featuredmedia":[{"embeddable":true,"href":"https:\/\/ikimisli.tr\/index.php\/wp-json\/wp\/v2\/media\/40355"}],"wp:attachment":[{"href":"https:\/\/ikimisli.tr\/index.php\/wp-json\/wp\/v2\/media?parent=40354"}],"wp:term":[{"taxonomy":"category","embeddable":true,"href":"https:\/\/ikimisli.tr\/index.php\/wp-json\/wp\/v2\/categories?post=40354"},{"taxonomy":"post_tag","embeddable":true,"href":"https:\/\/ikimisli.tr\/index.php\/wp-json\/wp\/v2\/tags?post=40354"}],"curies":[{"name":"wp","href":"https:\/\/api.w.org\/{rel}","templated":true}]}}