{"id":40490,"date":"2025-05-19T20:48:13","date_gmt":"2025-05-19T20:48:13","guid":{"rendered":"https:\/\/ikimisli.tr\/?p=40490"},"modified":"2025-05-19T20:48:13","modified_gmt":"2025-05-19T20:48:13","slug":"aciller-doldu-grip-vakalari-pik-yapti","status":"publish","type":"post","link":"https:\/\/ikimisli.tr\/index.php\/2025\/05\/19\/aciller-doldu-grip-vakalari-pik-yapti\/","title":{"rendered":"Aciller doldu, grip vakalar\u0131 pik yapt\u0131"},"content":{"rendered":"<p>Tekirda\u011f Nam\u0131k Kemal \u00dcniversitesi (NK\u00dc) T\u0131p Fak\u00fcltesi Enfeksiyon Hastal\u0131klar\u0131 Ana Bilim Kolu \u00d6\u011fretim \u00dcyesi Do\u00e7. Dr. Mustafa Do\u011fan, grip hadiselerinde ya\u015fanan art\u0131\u015f\u0131n pik noktas\u0131na ula\u015ft\u0131\u011f\u0131n\u0131, art\u0131k yatay e\u011fimde seyretti\u011fini s\u00f6yledi.<\/p>\n<p>Do\u00e7. Dr. Do\u011fan, &#8220;Her y\u0131l k\u0131\u015f aylar\u0131nda grip olgular\u0131nda bir art\u0131\u015f ya\u015fanabilmekte. Bu y\u0131l da tekrar yakla\u015f\u0131k bir ay kadar evvel ba\u015flayan ve hadise say\u0131lar\u0131nda art\u0131\u015fla seyreden bir s\u00fcreci ya\u015famaktay\u0131z. Bu s\u00fcrecin pik noktas\u0131na ula\u015ft\u0131k, \u015fu an yatay e\u011fimdeyiz, diyebiliriz. Ancak var olan olay say\u0131lar\u0131 da mevsim normallerinin biraz \u00fczerinde oldu\u011funu hissettirmekte. Neden \u00fczerinde oldu\u011funu hissediyoruz? Mevcut influenza vir\u00fcs\u00fc enfeksiyonu biraz daha semptom ve \u015fiddetini uzun s\u00fcrd\u00fcrebilmekte. Daha uzun s\u00fcren, \u00fc\u00e7 haftay\u0131 bulan \u00f6ks\u00fcr\u00fckler, ciltte eklem ve kas a\u011fr\u0131lar\u0131, halsizlik, yorgunluk, ki\u015finin ola\u011fan hayat\u0131na d\u00f6nmesini biraz geciktirmekte, hayat konforu ve kalitesini olumsuz etkileyebilmekte. Bu da hadise say\u0131lar\u0131n\u0131 daha y\u00fcksekmi\u015f \u00fczere hissedilmesine sebebiyet veriyor&#8221; dedi.<\/p>\n<p><b>&#8216;BA\u011eI\u015eIKLIK S\u0130STEM\u0130N\u0130N ZAYIF OLU\u015eU SEMPTOMLARIN SEV\u0130YES\u0130N\u0130 ETK\u0130LER&#8217;<\/b><\/p>\n<p>\u00d6zellikle ba\u011f\u0131\u015f\u0131kl\u0131k sistemindeki zay\u0131fl\u0131k nedeniyle birtak\u0131m \u015fah\u0131slarda hastal\u0131\u011f\u0131n a\u011f\u0131r seyredebildi\u011fini belirten Do\u00e7. Dr. Do\u011fan, &#8220;Biraz da imm\u00fcniteyle alakal\u0131. Vir\u00fcs\u00fcn beden \u00fczerinde olu\u015fturmu\u015f oldu\u011fu tesir, bizim verdi\u011fimiz kar\u015f\u0131l\u0131k, hastal\u0131\u011f\u0131n \u015fiddetini, semptomlar\u0131n seviyesini etkileyebilmekte. Tahminen uzun m\u00fchlet bu t\u00fcrl\u00fc bir vir\u00fcsle kar\u015f\u0131 kar\u015f\u0131ya kalmamam\u0131z, pandeminin olu\u015fturmu\u015f oldu\u011fu durum bu s\u00fcre\u00e7te farkl\u0131 etkenlerin gribe yol a\u00e7mas\u0131, bu y\u0131l influenzan\u0131n biraz daha \u015fiddetli ge\u00e7irilmesine ya da kendi yapt\u0131\u011f\u0131 bir i\u00e7 mutasyon da buna sebebiyet veriyor olabilir&#8221; diye konu\u015ftu. Do\u00e7. Dr. Do\u011fan, KOAH, kanser ya da kalp rahats\u0131zl\u0131\u011f\u0131 olan bireylerde de hastal\u0131\u011f\u0131n a\u011f\u0131r ge\u00e7ti\u011fini s\u00f6z ederek, &#8220;\u00d6zellikle altta yatan hastal\u0131\u011f\u0131 olan, e\u015flik eden, hastal\u0131\u011f\u0131 olanlar\u0131n \u00e7ok a\u011f\u0131r ge\u00e7ebiliyor. Bunlar; KOAH, koroner arter hastal\u0131\u011f\u0131, inme ya\u015fam\u0131\u015f olan \u015fah\u0131slar, ba\u011f\u0131\u015f\u0131kl\u0131k sistemini bask\u0131layan kanser yahut imm\u00fcnolojik ba\u015fka sorunlar\u0131 olanlar, ba\u011f\u0131\u015f\u0131kl\u0131k sistemini zay\u0131flatan ila\u00e7 kullanan \u015fah\u0131slarda grip daha a\u011f\u0131r ge\u00e7irilebilir. Daha a\u011f\u0131r ge\u00e7irilmemesi ismine d\u00f6nem ba\u015f\u0131nda bu cins riskli k\u00fcmede yer alan bireylerin a\u015f\u0131lanmas\u0131n\u0131 \u00f6nleriz. Bu cins \u015fah\u0131slar bu hastal\u0131\u011fa yakaland\u0131\u011f\u0131nda toplumdaki ola\u011fan bireylerden daha a\u011f\u0131r atlat\u0131rlar. Daha \u00f6nemli bir teneff\u00fcs yetmezli\u011fi ge\u00e7irirler. Hatta bu bireyler influenzaya ba\u011fl\u0131 olarak \u00f6teki bakterilerin de ortaya girmesi ile komplike zat\u00fcrre ya\u015fayabilir. Bu durumlar da bu bireylerin de a\u011f\u0131r bak\u0131ma olan muhta\u00e7l\u0131\u011f\u0131n\u0131 ve a\u011f\u0131r bak\u0131mdaki yat\u0131\u015f m\u00fcddetlerinin uzamas\u0131na neden olabilir. Ek hasta y\u00fck\u00fc, var olan a\u011f\u0131r bak\u0131m yatak, doluluk oran\u0131n\u0131 artt\u0131r\u0131r&#8221; dedi.<\/p>\n<p><b>SARI SERUM UYARISI<\/b><\/p>\n<p>Son g\u00fcnlerde ya\u015fanan \u00f6l\u00fcmlerle g\u00fcndeme gelen sar\u0131 serumla ilgili de konu\u015fan Do\u00e7. Dr. Do\u011fan, &#8220;Bazen alg\u0131 ger\u00e7e\u011fin \u00f6n\u00fcnde masraf. Sar\u0131 serum asl\u0131nda semptomatik tedavi emeliyle kullan\u0131lan, grip hastal\u0131\u011f\u0131nda tedaviden daha fazla birtak\u0131m semptomlar\u0131n rahatlat\u0131lmas\u0131 i\u00e7in kullan\u0131lan bir uygulama. Bu uygulama maalesef \u00e7ok tan\u0131nan bir hale gelmesi, s\u0131hhat profesyonellerinin tekliflerinin d\u0131\u015f\u0131nda, hastalar\u0131n da \u015fahsen bu taleple ilgili s\u0131hhat kurumlar\u0131na ba\u015fvurmas\u0131na yol a\u00e7t\u0131. Sar\u0131 serum \u015fu riskleri i\u00e7eriyor; sar\u0131 serumunun i\u00e7erisinde bir a\u011fr\u0131 kesici, semptomlar\u0131 giderecek bir antihistaminik, \u00e7e\u015fitli vitamin kompleksleri ve mineraller yer almakta. Bilhassa bu kimi vitamin \u00e7e\u015fitleri yahut kullan\u0131lan a\u011fr\u0131 kesici, \u015fiddetli anafilaksiye, alerjik tepkinin daha a\u011f\u0131r hissedildi\u011fi bir durum ve buna ba\u011fl\u0131 olarak teneff\u00fcs yetmezli\u011fi, ka\u015f\u0131nt\u0131 ve ki\u015finin hayat\u0131n\u0131 kaybetmesine neden olur. Bunlar\u0131n d\u0131\u015f\u0131nda bu uygulama tansiyon seviyelerinde de\u011fi\u015fikli\u011fe, ani tansiyon y\u00fckselmelerine ya da d\u00fc\u015fmelerine sebebiyet verebilir. Ba\u015f d\u00f6nmesine neden olabilir, b\u00f6brek ve karaci\u011ferde \u00e7ok y\u00fcklenmeye sebebiyet vererek bu organlar\u0131n, bu s\u00fcre\u00e7te olumsuz etkilenmesine neden olabilir&#8221; diye konu\u015ftu.<\/p>\n<p><b>&#8216;HEK\u0130M \u00d6NERMED\u0130K\u00c7E TALEPTE BULUNULMAMALI&#8217;<\/b><\/p>\n<p>Sar\u0131 serumun doktor tavsiyesi d\u0131\u015f\u0131nda kullan\u0131lmamas\u0131 gerekti\u011fini s\u00f6yleyen Do\u00e7. Dr. Do\u011fan, &#8220;Bu sar\u0131 serum uygulamas\u0131nda benim kendi m\u00fc\u015fahedem; s\u0131hhat profesyonellerinin tekliflerinin \u00f6tesinde a\u011f\u0131r bir hasta talebi var. Bu hasta talebi hastanelerde gereksiz bir yo\u011funlu\u011fa, s\u0131hhat profesyonellerini daha g\u00fc\u00e7 durumda b\u0131rakan, \u0131srarl\u0131 taleplere sebebiyet vermekte, ki\u015fi bu muhta\u00e7l\u0131\u011f\u0131n\u0131 s\u0131hhat kurumlar\u0131ndan kar\u015f\u0131layamad\u0131\u011f\u0131nda da merdiven alt\u0131 birtak\u0131m s\u0131hhat yap\u0131lar\u0131na y\u00f6nelerek, buralarda uygulamalar\u0131 kendilerine yapt\u0131r\u0131yor ve s\u0131hhatini da tehlikeye atmakta. Zira olu\u015facak birtak\u0131m tepkilere m\u00fcdahale etme yeterlili\u011fi olmayan kurumlar, ki\u015finin hayat\u0131n\u0131 daha fazla tehlikeye atmakta. Bu nedenle tabip \u00f6nermedi\u011fi surece ek talepte bulunulmamas\u0131n\u0131 tavsiye ederim&#8221; dedi.<\/p>\n","protected":false},"excerpt":{"rendered":"<p>Do\u00e7.Dr. Mustafa Do\u011fan, mevcut influenza vir\u00fcs\u00fcn\u00fcn semptomlar\u0131n\u0131 ve \u015fiddetini biraz daha uzun s\u00fcrd\u00fcrd\u00fc\u011f\u00fc i\u00e7in olay say\u0131lar\u0131n\u0131n y\u00fcksek oldu\u011funu kaydetti.<\/p>\n","protected":false},"author":1,"featured_media":40491,"comment_status":"open","ping_status":"open","sticky":false,"template":"","format":"standard","meta":{"footnotes":""},"categories":[29],"tags":[519,1341,356,4956,193],"class_list":["post-40490","post","type-post","status-publish","format-standard","has-post-thumbnail","hentry","category-saglik","tag-hasta","tag-hastaligi","tag-kisiler","tag-sari-serum","tag-sure"],"_links":{"self":[{"href":"https:\/\/ikimisli.tr\/index.php\/wp-json\/wp\/v2\/posts\/40490","targetHints":{"allow":["GET"]}}],"collection":[{"href":"https:\/\/ikimisli.tr\/index.php\/wp-json\/wp\/v2\/posts"}],"about":[{"href":"https:\/\/ikimisli.tr\/index.php\/wp-json\/wp\/v2\/types\/post"}],"author":[{"embeddable":true,"href":"https:\/\/ikimisli.tr\/index.php\/wp-json\/wp\/v2\/users\/1"}],"replies":[{"embeddable":true,"href":"https:\/\/ikimisli.tr\/index.php\/wp-json\/wp\/v2\/comments?post=40490"}],"version-history":[{"count":1,"href":"https:\/\/ikimisli.tr\/index.php\/wp-json\/wp\/v2\/posts\/40490\/revisions"}],"predecessor-version":[{"id":40492,"href":"https:\/\/ikimisli.tr\/index.php\/wp-json\/wp\/v2\/posts\/40490\/revisions\/40492"}],"wp:featuredmedia":[{"embeddable":true,"href":"https:\/\/ikimisli.tr\/index.php\/wp-json\/wp\/v2\/media\/40491"}],"wp:attachment":[{"href":"https:\/\/ikimisli.tr\/index.php\/wp-json\/wp\/v2\/media?parent=40490"}],"wp:term":[{"taxonomy":"category","embeddable":true,"href":"https:\/\/ikimisli.tr\/index.php\/wp-json\/wp\/v2\/categories?post=40490"},{"taxonomy":"post_tag","embeddable":true,"href":"https:\/\/ikimisli.tr\/index.php\/wp-json\/wp\/v2\/tags?post=40490"}],"curies":[{"name":"wp","href":"https:\/\/api.w.org\/{rel}","templated":true}]}}