{"id":40579,"date":"2025-05-20T02:12:19","date_gmt":"2025-05-20T02:12:19","guid":{"rendered":"https:\/\/ikimisli.tr\/?p=40579"},"modified":"2025-05-20T02:12:19","modified_gmt":"2025-05-20T02:12:19","slug":"ayse-barim-hakkinda-tahliye-karari-veren-hakime-sorusturma","status":"publish","type":"post","link":"https:\/\/ikimisli.tr\/index.php\/2025\/05\/20\/ayse-barim-hakkinda-tahliye-karari-veren-hakime-sorusturma\/","title":{"rendered":"Ay\u015fe Bar\u0131m hakk\u0131nda tahliye karar\u0131 veren hakime soru\u015fturma!"},"content":{"rendered":"<p>Taksim&#8217;deki Seyahat Park\u0131 odakl\u0131 olaylara i\u015ftirak etti\u011fine ait yaz\u0131l\u0131 ve g\u00f6rsel medyada \u00e7\u0131kan savlarla ilgili soru\u015fturma kapsam\u0131nda tutuklanan menajer Emine Ay\u015fe Bar\u0131m&#8217;\u0131n avukatlar\u0131 sulh ceza hakimli\u011fine ba\u015fvurarak m\u00fcvekkilinin tutuklulu\u011funa itirazda bulundu.<\/p>\n<p>Talebi pahaland\u0131ran hakimlik, itiraz\u0131 reddederek Bar\u0131m&#8217;\u0131n tutuklulu\u011funun devam\u0131n\u0131 kararla\u015ft\u0131rd\u0131. Bunun \u00fczerine Bar\u0131m&#8217;\u0131n avukat\u0131, m\u00fcvekkilinin tutuklulu\u011funa yine itiraz ederek \u0130stanbul 8. Asliye Ceza Mahkemesine ba\u015fvurdu.<\/p>\n<p><b>HAK\u0130M TAHL\u0130YE KARARI VERD\u0130<\/b><\/p>\n<p>\u0130tiraz\u0131 k\u0131ymetlendiren mahkeme hakimi Fatih Kapan, &#8220;\u015f\u00fcpheliye y\u00fcklenen hatan\u0131n vas\u0131f ve mahiyeti, lehine olan \u015fahit beyanlar\u0131, aleyhine olan telefon konu\u015fma kay\u0131tlar\u0131 ve t\u00fcm kan\u0131tlar kapsam\u0131nda c\u00fcrm\u00fcn de\u011fi\u015fme ihtimali bulundu\u011fu ve bu durumda ise tutukluluk karar\u0131n\u0131n \u00f6l\u00e7\u00fcl\u00fc olmayaca\u011f\u0131&#8221; gerek\u00e7esiyle tahliye karar\u0131 verdi.<\/p>\n<p><b>HAK\u0130M HAKKINDA SORU\u015eTURMA BA\u015eLATILDI<\/b><\/p>\n<p>Bunun \u00fczerine \u0130stanbul Cumhuriyet Ba\u015fsavc\u0131l\u0131\u011f\u0131, Bar\u0131m&#8217;\u0131n tahliyesi ger\u00e7ekle\u015fmeden karara itirazda bulundu. Ba\u015fsavc\u0131l\u0131\u011f\u0131n talebini yerinde bulan A\u011f\u0131r Ceza Mahkemesi, Bar\u0131m hakk\u0131nda yine tutuklama karar\u0131 verdi.<\/p>\n<p>HSK Birinci Dairesi, tahliye karar\u0131 veren hakim Kapan hakk\u0131nda inceleme ve soru\u015fturma ba\u015flatt\u0131.<\/p>\n<p>Daire, Kapan hakk\u0131nda ihbar ve eki evrak kapsam\u0131ndaki savlar ile inceleme s\u0131ras\u0131nda \u00e7\u0131kabilecek ba\u015fka konularla ilgili olarak durumun, konsey m\u00fcfetti\u015fi taraf\u0131ndan incelenmesi ve kan\u0131t elde edildi\u011finde soru\u015fturmaya ge\u00e7ilmesi konusunda \u015fura liderine teklifte bulunulmas\u0131na h\u00fckmetti.<\/p>\n","protected":false},"excerpt":{"rendered":"<p>Seyahat Park\u0131 \u00a0soru\u015fturmas\u0131 kapsam\u0131nda tutuklanan Emine Ay\u015fe Bar\u0131m hakk\u0131nda tahliye karar\u0131 veren \u0130stanbul 8. Asliye Ceza Mahkemesi Hakimi Fatih Kapan hakk\u0131nda soru\u015fturma ba\u015flat\u0131ld\u0131.<\/p>\n","protected":false},"author":1,"featured_media":40580,"comment_status":"open","ping_status":"open","sticky":false,"template":"","format":"standard","meta":{"footnotes":""},"categories":[25],"tags":[2391,1782,488],"class_list":["post-40579","post","type-post","status-publish","format-standard","has-post-thumbnail","hentry","category-gundem","tag-hakim","tag-itiraz","tag-karari"],"_links":{"self":[{"href":"https:\/\/ikimisli.tr\/index.php\/wp-json\/wp\/v2\/posts\/40579","targetHints":{"allow":["GET"]}}],"collection":[{"href":"https:\/\/ikimisli.tr\/index.php\/wp-json\/wp\/v2\/posts"}],"about":[{"href":"https:\/\/ikimisli.tr\/index.php\/wp-json\/wp\/v2\/types\/post"}],"author":[{"embeddable":true,"href":"https:\/\/ikimisli.tr\/index.php\/wp-json\/wp\/v2\/users\/1"}],"replies":[{"embeddable":true,"href":"https:\/\/ikimisli.tr\/index.php\/wp-json\/wp\/v2\/comments?post=40579"}],"version-history":[{"count":1,"href":"https:\/\/ikimisli.tr\/index.php\/wp-json\/wp\/v2\/posts\/40579\/revisions"}],"predecessor-version":[{"id":40581,"href":"https:\/\/ikimisli.tr\/index.php\/wp-json\/wp\/v2\/posts\/40579\/revisions\/40581"}],"wp:featuredmedia":[{"embeddable":true,"href":"https:\/\/ikimisli.tr\/index.php\/wp-json\/wp\/v2\/media\/40580"}],"wp:attachment":[{"href":"https:\/\/ikimisli.tr\/index.php\/wp-json\/wp\/v2\/media?parent=40579"}],"wp:term":[{"taxonomy":"category","embeddable":true,"href":"https:\/\/ikimisli.tr\/index.php\/wp-json\/wp\/v2\/categories?post=40579"},{"taxonomy":"post_tag","embeddable":true,"href":"https:\/\/ikimisli.tr\/index.php\/wp-json\/wp\/v2\/tags?post=40579"}],"curies":[{"name":"wp","href":"https:\/\/api.w.org\/{rel}","templated":true}]}}