{"id":40599,"date":"2025-05-20T03:24:19","date_gmt":"2025-05-20T03:24:19","guid":{"rendered":"https:\/\/ikimisli.tr\/?p=40599"},"modified":"2025-05-20T03:24:19","modified_gmt":"2025-05-20T03:24:19","slug":"son-dakika-iyi-parti-lideri-dervisoglundan-tusiad-cikisi","status":"publish","type":"post","link":"https:\/\/ikimisli.tr\/index.php\/2025\/05\/20\/son-dakika-iyi-parti-lideri-dervisoglundan-tusiad-cikisi\/","title":{"rendered":"Son Dakika&#8230; \u0130Y\u0130 Parti lideri Dervi\u015fo\u011flu&#8217;ndan T\u00dcS\u0130AD \u00e7\u0131k\u0131\u015f\u0131"},"content":{"rendered":"<p>\u0130Y\u0130 Parti Genel Lideri M\u00fcsavat Dervi\u015fo\u011flu, TBMM&#8217;de partisinin k\u00fcme toplant\u0131s\u0131nda g\u00fcndeme ait a\u00e7\u0131klamalarda bulundu.<\/p>\n<p>Dervi\u015fo\u011flu konu\u015fmas\u0131nda, T\u00dcS\u0130AD&#8217;a ba\u015flat\u0131lan soru\u015fturmaya da de\u011finerek, &#8220;\u015eimdi ben size soruyorum. Bunlar\u0131n hangisi yanl\u0131\u015f? Burada yanl\u0131\u015f yok. Bilakis s\u00f6ylenecek \u00e7ok \u015fey var&#8221; dedi.<\/p>\n<p><strong>Dervi\u015fo\u011flu ayr\u0131yeten \u015fu tabirleri kulland\u0131:<\/strong><\/p>\n<p><b>&#8220;GEN\u00c7 TE\u011eMENLER YEM\u0130N EDER, DARBE KORKUSU SARAR&#8221;<\/b><\/p>\n<p>&#8220;Susmak size dokunmayan y\u0131lanlar\u0131, sizde uzak tutamaz. Bunlarda Mustafa Kemal ac\u0131s\u0131, bizde Cumhuriyet a\u015fk\u0131 hayli bunlar\u0131n y\u0131lanl\u0131\u011f\u0131 bitmez, bizim de u\u011fra\u015f\u0131m\u0131z bitmeyecektir. Darbe korkusu, darbeci zihniyete yatk\u0131n olanlar\u0131n aynaya bakt\u0131\u011f\u0131nda g\u00f6rd\u00fckleridir. Korktuklar\u0131 \u015fey asl\u0131nda kendi suretleridir. Gen\u00e7 te\u011fmenler bir yemin eder, darbe korkusu sarar.<\/p>\n<p>Sanat\u00e7\u0131lar a\u00e7\u0131klama yapar, darbe korkusu sarar.<\/p>\n<p>Depremzede vatanda\u015f \u2018Nerede bu devlet?\u2019 der darbe korkusu sarar.<\/p>\n<p>Futbol ma\u00e7lar\u0131nda taraftarlar, ter\u00f6ristba\u015f\u0131na ve ter\u00f6re lanet okur bunlar\u0131 darbe korkusu sarar.<\/p>\n<p>12 y\u0131ll\u0131k Seyahat olaylar\u0131ndan darbe senaryosu \u00e7\u0131kart\u0131rlar. Bunu uydurtacak h\u00fcnerleri adamlar\u0131 da bakan yapar.<\/p>\n<p>T\u00dcS\u0130AD a\u00e7\u0131klama yapar, darbeden ve vesayetten bahseder bu beyefendiler.<\/p>\n<p><b>&#8220;BURADA YANLI\u015e YOK&#8221;<\/b><\/p>\n<p>Ne demi\u015f bu T\u00dcS\u0130D? <\/p>\n<p>&#8216;Hukukun \u00fcst\u00fcnl\u00fc\u011f\u00fcn\u00fcn yok edilmesi yat\u0131r\u0131m ortam\u0131n\u0131 olumsuz etkiliyor\u2026<\/p>\n<p>Enflasyonla u\u011fra\u015fta t\u00fcm b\u00f6l\u00fcmlerle toplumsal mutabakat sa\u011flanmal\u0131d\u0131r&#8230;<\/p>\n<p>Merkez Bankas\u0131\u2019n\u0131n ba\u011f\u0131ms\u0131zl\u0131\u011f\u0131ndan taviz verilmemelidir&#8230;<\/p>\n<p>Kamu harcamalar\u0131n\u0131n verimsiz kullan\u0131m\u0131 ve kay\u0131t d\u0131\u015f\u0131 istihdam b\u00fct\u00e7e a\u00e7\u0131klar\u0131n\u0131 art\u0131r\u0131yor ve gelir adaletini bozuyor&#8230;&#8217;<\/p>\n<p>\u015eimdi ben size soruyorum. Bunlar\u0131n hangisi yanl\u0131\u015f? Burada yanl\u0131\u015f yok. Bilakis s\u00f6ylenecek \u00e7ok \u015fey var. <\/p>\n<p>Peki T\u00dcS\u0130AD, bunlar\u0131 deme hakk\u0131na sahip mi?<\/p>\n<p><b>&#8220;T\u00dcS\u0130AD&#8217;IN YANILGISI KONU\u015eMAK DE\u011e\u0130L, GE\u00c7 KALMAKTIR&#8221;<\/b><\/p>\n<p>T\u00dcS\u0130AD t\u00fcz\u00fc\u011f\u00fcnde rekabet\u00e7i piyasa iktisad\u0131 s\u00fcrd\u00fcr\u00fclebilir kalk\u0131nma ve i\u015ftirak\u00e7i demokrasi anlay\u0131\u015f\u0131n\u0131n benimsendi\u011fi bir toplumsal sistemin olu\u015fmas\u0131na katk\u0131 sa\u011flamaya hedefler diyor.<\/p>\n<p>Bu t\u00fcz\u00fck, resmi kay\u0131tlarda yer al\u0131p iligli makamlar\u0131n kontrol\u00fcnden ge\u00e7ti\u011fine nazaran T\u00dcS\u0130AD b\u00fct\u00fcn bunlar\u0131 s\u00f6yleme hakk\u0131na sahiptir.<\/p>\n<p>Peki o vakit sorun nedir? Bence sorun, bunlar\u0131 s\u00f6ylemek i\u00e7in \u00e7ok ge\u00e7 kalm\u0131\u015f olmalar\u0131\u2026<\/p>\n<p>K\u0131sa devirli karl\u0131l\u0131klar\u0131 i\u00e7in uzun periyotlu demokratik ve toplumsal nizam\u0131n y\u0131k\u0131l\u0131p tarumar olmas\u0131n\u0131 oturup beklemeleridir.<\/p>\n<p>T\u00dcS\u0130AD&#8217;\u0131n yan\u0131lg\u0131s\u0131 konu\u015fmak de\u011fil, ge\u00e7 kalmakt\u0131r. Umuyorum ki c\u00fcretle lisana getirdikleri do\u011frular\u0131n y\u00fcrekle gerisinde durmaya muvaffak olabilirler.&#8221;<\/p>\n","protected":false},"excerpt":{"rendered":"<p>\u0130Y\u0130 Parti Genel Lideri M\u00fcsavat Dervi\u015fo\u011flu, TBMM&#8217;de partisinin k\u00fcme toplant\u0131s\u0131nda dikkat \u00e7eken a\u00e7\u0131klamalarda bulundu. Dervi\u015fo\u011flu, &#8220;T\u00dcS\u0130AD&#8217;\u0131n kusuru konu\u015fmak de\u011fil, ge\u00e7 kalmakt\u0131r&#8221; tabirlerini kulland\u0131.<\/p>\n","protected":false},"author":1,"featured_media":40600,"comment_status":"open","ping_status":"open","sticky":false,"template":"","format":"standard","meta":{"footnotes":""},"categories":[25],"tags":[6214,5689,2489],"class_list":["post-40599","post","type-post","status-publish","format-standard","has-post-thumbnail","hentry","category-gundem","tag-bunlari","tag-tusiad","tag-yanlis"],"_links":{"self":[{"href":"https:\/\/ikimisli.tr\/index.php\/wp-json\/wp\/v2\/posts\/40599","targetHints":{"allow":["GET"]}}],"collection":[{"href":"https:\/\/ikimisli.tr\/index.php\/wp-json\/wp\/v2\/posts"}],"about":[{"href":"https:\/\/ikimisli.tr\/index.php\/wp-json\/wp\/v2\/types\/post"}],"author":[{"embeddable":true,"href":"https:\/\/ikimisli.tr\/index.php\/wp-json\/wp\/v2\/users\/1"}],"replies":[{"embeddable":true,"href":"https:\/\/ikimisli.tr\/index.php\/wp-json\/wp\/v2\/comments?post=40599"}],"version-history":[{"count":1,"href":"https:\/\/ikimisli.tr\/index.php\/wp-json\/wp\/v2\/posts\/40599\/revisions"}],"predecessor-version":[{"id":40601,"href":"https:\/\/ikimisli.tr\/index.php\/wp-json\/wp\/v2\/posts\/40599\/revisions\/40601"}],"wp:featuredmedia":[{"embeddable":true,"href":"https:\/\/ikimisli.tr\/index.php\/wp-json\/wp\/v2\/media\/40600"}],"wp:attachment":[{"href":"https:\/\/ikimisli.tr\/index.php\/wp-json\/wp\/v2\/media?parent=40599"}],"wp:term":[{"taxonomy":"category","embeddable":true,"href":"https:\/\/ikimisli.tr\/index.php\/wp-json\/wp\/v2\/categories?post=40599"},{"taxonomy":"post_tag","embeddable":true,"href":"https:\/\/ikimisli.tr\/index.php\/wp-json\/wp\/v2\/tags?post=40599"}],"curies":[{"name":"wp","href":"https:\/\/api.w.org\/{rel}","templated":true}]}}