{"id":40758,"date":"2025-05-20T12:48:16","date_gmt":"2025-05-20T12:48:16","guid":{"rendered":"https:\/\/ikimisli.tr\/?p=40758"},"modified":"2025-05-20T12:48:16","modified_gmt":"2025-05-20T12:48:16","slug":"trumpin-ozel-temsilcisi-kieve-geldi","status":"publish","type":"post","link":"https:\/\/ikimisli.tr\/index.php\/2025\/05\/20\/trumpin-ozel-temsilcisi-kieve-geldi\/","title":{"rendered":"Trump&#8217;\u0131n \u00f6zel temsilcisi, Kiev&#8217;e geldi"},"content":{"rendered":"<p> ABD Ba\u015fkan\u0131 Donald Trump\u2019\u0131n Ukrayna \u00f6zel temsilcisi Keith Kellogg, \u00c7ar\u015famba g\u00fcn\u00fc Kiev\u2019e ula\u015ft\u0131. Ziyaretinin amac\u0131n\u0131n Ukrayna Devlet Ba\u015fkan\u0131 Volodimir Zelenski ile g\u00f6r\u00fc\u015fmek ve sava\u015f\u0131n \u00fc\u00e7\u00fcnc\u00fc y\u0131l\u0131na yakla\u015f\u0131rken Ukrayna\u2019n\u0131n taleplerini dinlemek oldu\u011funu s\u00f6yledi.  <\/p>\n<p>Kellogg\u2019un ziyareti, ABD ve Rusya\u2019n\u0131n Riyad\u2019da Ukrayna\u2019n\u0131n kat\u0131lmad\u0131\u011f\u0131 bir toplant\u0131 ger\u00e7ekle\u015ftirmesinden bir g\u00fcn sonra ger\u00e7ekle\u015fti. Kellogg, \u201cBu ziyaret, kapsaml\u0131 g\u00f6r\u00fc\u015fmeler yapmam\u0131z i\u00e7in g\u00fczel bir f\u0131rsat olacak\u201d dedi. Hafta sonu M\u00fcnih G\u00fcvenlik Konferans\u0131&#8217;nda yap\u0131lan g\u00f6r\u00fc\u015fmelere dayanarak s\u00fcreci ilerletmeyi hedeflediklerini belirtti.  <\/p>\n<p><b>B\u0130ZZAT UKRAYNA&#8217;DAN \u00d6\u011eRENECEK<\/b><\/p>\n<p>ABD\u2019li yetkili, Ukrayna\u2019n\u0131n g\u00fcvenlik garantileri konusundaki taleplerinin fark\u0131nda olduklar\u0131n\u0131 vurgulad\u0131. \u00d6zel temsilci, \u201cBu s\u00fcrecin bir mod\u00fcl\u00fc olarak oturup dinlemem gerekiyor\u201d kelamlar\u0131yla Ukrayna\u2019n\u0131n g\u00fcvenlik garantilerine dair beklentilerini, direkt Ukrayna&#8217;dan \u00f6\u011frenmek istedi\u011fini belirtti.<\/p>\n<p>Ukrayna, sava\u015f\u0131n sona ermesi halinde Rusya\u2019n\u0131n yeni bir i\u015fgal te\u015febb\u00fcs\u00fcnde bulunmas\u0131n\u0131 \u00f6nleyecek g\u00fc\u00e7l\u00fc bir g\u00fcvenlik \u00e7er\u00e7evesi olu\u015fturulmas\u0131n\u0131 istiyor.  <\/p>\n<p>Kellogg, Kiev\u2019de yapt\u0131\u011f\u0131 g\u00f6r\u00fc\u015fmelerin sonu\u00e7lar\u0131n\u0131 Trump ve grubuna sunaca\u011f\u0131n\u0131 ve bu s\u00fcrecin ger\u00e7ek bi\u00e7imde y\u00f6netilmesini sa\u011flamay\u0131 ama\u00e7lad\u0131klar\u0131n\u0131 s\u00f6yledi.<\/p>\n<p><b>ZELENSK\u0130 GEZ\u0130S\u0130N\u0130 \u0130PTAL ETT\u0130<\/b><\/p>\n<p>Zelenski ise \u00c7ar\u015famba g\u00fcn\u00fc Ankara&#8217;da Suudi Arabistan\u2019a yapmay\u0131 planlad\u0131\u011f\u0131 ziyareti iptal etti. Bahse yak\u0131n iki kaynak, Ukrayna \u00f6nderinin bu karar\u0131, ABD ve Rusya ortas\u0131ndaki Riyad g\u00f6r\u00fc\u015fmesine \u201cme\u015fruiyet kazand\u0131rmamak\u201d i\u00e7in ald\u0131\u011f\u0131n\u0131 belirtti.<\/p>\n<p>Trump ise Ukrayna\u2019n\u0131n m\u00fczakerelerde yer almamas\u0131na y\u00f6nelik tenkitleri reddetti ve Kiev\u2019in daha evvel Rusya ile muahedeye varabilece\u011fini \u00f6ne s\u00fcrd\u00fc.<\/p>\n","protected":false},"excerpt":{"rendered":"<p>ABD\u2019nin Ukrayna \u00f6zel temsilcisi Keith Kellogg, Kiev\u2019e gitti. Ziyaret, ABD ve Rusya\u2019n\u0131n Ukrayna\u2019n\u0131n kat\u0131lmad\u0131\u011f\u0131 Riyad g\u00f6r\u00fc\u015fmelerinin \u00e7abucak akabinde ger\u00e7ekle\u015fti. Ukrayna\u2019n\u0131n g\u00fcvenlik garantileri konusundaki taleplerini \u015fahsen dinleyece\u011fini s\u00f6yleyen Kellogg, elde etti\u011fi bilgileri Trump\u2019a sunaca\u011f\u0131n\u0131 belirtti.<\/p>\n","protected":false},"author":1,"featured_media":40759,"comment_status":"open","ping_status":"open","sticky":false,"template":"","format":"standard","meta":{"footnotes":""},"categories":[43],"tags":[201],"class_list":["post-40758","post","type-post","status-publish","format-standard","has-post-thumbnail","hentry","category-dunya","tag-ukrayna"],"_links":{"self":[{"href":"https:\/\/ikimisli.tr\/index.php\/wp-json\/wp\/v2\/posts\/40758","targetHints":{"allow":["GET"]}}],"collection":[{"href":"https:\/\/ikimisli.tr\/index.php\/wp-json\/wp\/v2\/posts"}],"about":[{"href":"https:\/\/ikimisli.tr\/index.php\/wp-json\/wp\/v2\/types\/post"}],"author":[{"embeddable":true,"href":"https:\/\/ikimisli.tr\/index.php\/wp-json\/wp\/v2\/users\/1"}],"replies":[{"embeddable":true,"href":"https:\/\/ikimisli.tr\/index.php\/wp-json\/wp\/v2\/comments?post=40758"}],"version-history":[{"count":1,"href":"https:\/\/ikimisli.tr\/index.php\/wp-json\/wp\/v2\/posts\/40758\/revisions"}],"predecessor-version":[{"id":40760,"href":"https:\/\/ikimisli.tr\/index.php\/wp-json\/wp\/v2\/posts\/40758\/revisions\/40760"}],"wp:featuredmedia":[{"embeddable":true,"href":"https:\/\/ikimisli.tr\/index.php\/wp-json\/wp\/v2\/media\/40759"}],"wp:attachment":[{"href":"https:\/\/ikimisli.tr\/index.php\/wp-json\/wp\/v2\/media?parent=40758"}],"wp:term":[{"taxonomy":"category","embeddable":true,"href":"https:\/\/ikimisli.tr\/index.php\/wp-json\/wp\/v2\/categories?post=40758"},{"taxonomy":"post_tag","embeddable":true,"href":"https:\/\/ikimisli.tr\/index.php\/wp-json\/wp\/v2\/tags?post=40758"}],"curies":[{"name":"wp","href":"https:\/\/api.w.org\/{rel}","templated":true}]}}