{"id":4082,"date":"2025-01-15T05:42:46","date_gmt":"2025-01-15T05:42:46","guid":{"rendered":"https:\/\/ikimisli.tr\/?p=4082"},"modified":"2025-01-15T05:42:46","modified_gmt":"2025-01-15T05:42:46","slug":"bakan-bayraktarin-aciklamasina-katardan-duzeltme-geldi","status":"publish","type":"post","link":"https:\/\/ikimisli.tr\/index.php\/2025\/01\/15\/bakan-bayraktarin-aciklamasina-katardan-duzeltme-geldi\/","title":{"rendered":"Bakan Bayraktar&#8217;\u0131n a\u00e7\u0131klamas\u0131na Katar&#8217;dan &#8216;d\u00fczeltme&#8217; geldi"},"content":{"rendered":"<p>T\u00fcrkiye ve Katar, yetersiz elektrik arz\u0131 nedeniyle \u00fclkede ya\u015fanan g\u00fc\u00e7 krizinin tahliline yard\u0131mc\u0131 olmak i\u00e7in d\u00fcn Suriye&#8217;ye iki g\u00fc\u00e7 \u00fcretim gemisi g\u00f6nderdi. Katar D\u0131\u015fi\u015fleri Bakanl\u0131\u011f\u0131,\u00a0Katar\u2019\u0131n Suriye ve T\u00fcrkiye \u00fczerinden Avrupa&#8217;ya gaz sevk edece\u011fi istikametindeki haberlerin s\u00f6ylentiden ibaret oldu\u011funu a\u00e7\u0131klad\u0131.<\/p>\n<p>Enerji ve Tabii Kaynaklar Bakan\u0131 Alparslan Bayraktar, 4 Ocak&#8217;ta yapt\u0131\u011f\u0131 a\u00e7\u0131klamada, Suriye&#8217;de inan\u00e7l\u0131 ula\u015f\u0131m sisteminin kurulmas\u0131, \u00fclke ve b\u00f6lgenin istikrarl\u0131 olmas\u0131 halinde Katar gaz\u0131n\u0131n T\u00fcrkiye \u00fczerinden Avrupa&#8217;ya gidebilece\u011fini belirtmi\u015fti.<\/p>\n<p><b>&#8216;S\u00d6YLENT\u0130DEN \u0130BARET&#8217;<\/b><\/p>\n<p>Katar D\u0131\u015fi\u015fleri Bakanl\u0131\u011f\u0131 S\u00f6zc\u00fcs\u00fc Macid bin Muhammed el-Ensari ise, \u00fclkesinin do\u011fal gaz\u0131n\u0131 Suriye ve T\u00fcrkiye \u00fczerinden Avrupa&#8217;ya g\u00f6nderebilece\u011fi istikametindeki haberlerin s\u00f6ylentiden ibaret oldu\u011funu s\u00f6yledi.<\/p>\n<p>\u201cMedyada bu do\u011fal gaz boru s\u0131n\u0131r\u0131yla ilgili spek\u00fclasyonlar\u0131 hepimiz g\u00f6rd\u00fck. Bu medyan\u0131n spek\u00fclasyonundan \u00f6b\u00fcr bir \u015fey de\u011fil\u201d diyen Ensari, Avrupa&#8217;ya do\u011falgaz tedarik etmek i\u00e7in Suriye ve T\u00fcrkiye&#8217;ye bir boru \u00e7izgisi in\u015fa etme ihtimaliyle ilgili soruyu \u015f\u00f6yle yan\u0131tlad\u0131:<\/p>\n<p>\u201cBiz Katar&#8217;da Suriye halk\u0131n\u0131 \u015eam Memleketler aras\u0131 Havaalan\u0131\u2019nda oldu\u011fu \u00fczere insani ve teknik yard\u0131m a\u00e7\u0131s\u0131ndan desteklemeye ve ayr\u0131yeten altyap\u0131n\u0131n yine in\u015fas\u0131 i\u00e7in her t\u00fcrl\u00fc teknik yard\u0131m\u0131 g\u00f6r\u00fc\u015fmeye kararl\u0131y\u0131z. Ekonomik seviyede, gaz tedariki kelam konusu oldu\u011funda, bu hususta bir \u015fey s\u00f6yleyemeyiz\u201d dedi.<\/p>\n<p>Ensari, \u201cDoha\u2019n\u0131n\u00a0\u015fu anda Suriye&#8217;de istikrar\u0131 m\u00fcdafaaya ve Suriye halk\u0131n\u0131n gereksinimlerini kar\u015f\u0131lamaya odaklanm\u0131\u015f durumda\u201d oldu\u011funu belirtti.<\/p>\n<p><b>2009&#8217;DAN BER\u0130 TARTI\u015eILIYOR<\/b><\/p>\n<p>Katar-T\u00fcrkiye boru \u00e7izgisi in\u015fa etme m\u00fcmk\u00fcnl\u00fc\u011f\u00fc 2009&#8217;dan beri tart\u0131\u015f\u0131l\u0131yor. Fakat bu projenin hayata ge\u00e7irilmesine eski Suriye yetkililerinin muhalefet etti\u011fi s\u00f6ylenmi\u015fti.<\/p>\n<p>Katar d\u00fcnyan\u0131n en b\u00fcy\u00fck \u00fc\u00e7\u00fcnc\u00fc do\u011fal gaz rezervine sahip \u00fclkesi ve en b\u00fcy\u00fck alt\u0131nc\u0131 do\u011fal gaz \u00fcreticisi pozisyonunda. Gaz \u0130hra\u00e7 Eden \u00dclkeler Forumu&#8217;na nazaran Katar, Kas\u0131m 2024&#8217;te ABD ve Avustralya&#8217;dan sonra \u00fc\u00e7\u00fcnc\u00fc en b\u00fcy\u00fck s\u0131v\u0131la\u015ft\u0131r\u0131lm\u0131\u015f do\u011fal gaz ihracat\u00e7\u0131s\u0131 oldu.<\/p>\n","protected":false},"excerpt":{"rendered":"<p>G\u00fc\u00e7 ve Tabii Kaynaklar Bakan\u0131 Alparslan Bayraktar&#8217;\u0131n Katar gaz\u0131n\u0131n T\u00fcrkiye \u00fczerinden Avrupa&#8217;ya gidebilece\u011fini belirtmesinin ard\u0131ndan Katar D\u0131\u015fi\u015fleri Bakanl\u0131\u011f\u0131, Katar\u2019\u0131n Suriye ve T\u00fcrkiye \u00fczerinden Avrupa&#8217;ya gaz sevk edece\u011fi taraf\u0131ndaki haberlerin s\u00f6ylentiden ibaret oldu\u011funu s\u00f6yledi.<\/p>\n","protected":false},"author":1,"featured_media":4083,"comment_status":"open","ping_status":"open","sticky":false,"template":"","format":"standard","meta":{"footnotes":""},"categories":[24],"tags":[1107,1106,295,113,145],"class_list":["post-4082","post","type-post","status-publish","format-standard","has-post-thumbnail","hentry","category-ekonomi","tag-dogal-gaz","tag-katar","tag-suriye","tag-turkiye","tag-ulke"],"_links":{"self":[{"href":"https:\/\/ikimisli.tr\/index.php\/wp-json\/wp\/v2\/posts\/4082","targetHints":{"allow":["GET"]}}],"collection":[{"href":"https:\/\/ikimisli.tr\/index.php\/wp-json\/wp\/v2\/posts"}],"about":[{"href":"https:\/\/ikimisli.tr\/index.php\/wp-json\/wp\/v2\/types\/post"}],"author":[{"embeddable":true,"href":"https:\/\/ikimisli.tr\/index.php\/wp-json\/wp\/v2\/users\/1"}],"replies":[{"embeddable":true,"href":"https:\/\/ikimisli.tr\/index.php\/wp-json\/wp\/v2\/comments?post=4082"}],"version-history":[{"count":1,"href":"https:\/\/ikimisli.tr\/index.php\/wp-json\/wp\/v2\/posts\/4082\/revisions"}],"predecessor-version":[{"id":4084,"href":"https:\/\/ikimisli.tr\/index.php\/wp-json\/wp\/v2\/posts\/4082\/revisions\/4084"}],"wp:featuredmedia":[{"embeddable":true,"href":"https:\/\/ikimisli.tr\/index.php\/wp-json\/wp\/v2\/media\/4083"}],"wp:attachment":[{"href":"https:\/\/ikimisli.tr\/index.php\/wp-json\/wp\/v2\/media?parent=4082"}],"wp:term":[{"taxonomy":"category","embeddable":true,"href":"https:\/\/ikimisli.tr\/index.php\/wp-json\/wp\/v2\/categories?post=4082"},{"taxonomy":"post_tag","embeddable":true,"href":"https:\/\/ikimisli.tr\/index.php\/wp-json\/wp\/v2\/tags?post=4082"}],"curies":[{"name":"wp","href":"https:\/\/api.w.org\/{rel}","templated":true}]}}