{"id":40872,"date":"2025-05-20T19:24:32","date_gmt":"2025-05-20T19:24:32","guid":{"rendered":"https:\/\/ikimisli.tr\/?p=40872"},"modified":"2025-05-20T19:24:32","modified_gmt":"2025-05-20T19:24:32","slug":"tekirdag-sahili-kirmizi-yosunla-kaplandi-sebebi-ortaya-cikti","status":"publish","type":"post","link":"https:\/\/ikimisli.tr\/index.php\/2025\/05\/20\/tekirdag-sahili-kirmizi-yosunla-kaplandi-sebebi-ortaya-cikti\/","title":{"rendered":"Tekirda\u011f sahili k\u0131rm\u0131z\u0131 yosunla kapland\u0131: Sebebi ortaya \u00e7\u0131kt\u0131"},"content":{"rendered":"<p>Tekirda\u011f&#8217;da Meteoroloji Genel M\u00fcd\u00fcrl\u00fc\u011f\u00fc&#8217;n\u00fcn f\u0131rt\u0131na ikaz\u0131n\u0131n akabinde poyraz, S\u00fcleymanpa\u015fa il\u00e7esi k\u0131y\u0131lar\u0131nda a\u011f\u0131r halde hissedildi. R\u00fczgar\u0131n tesiriyle denizden kopan yosunlar, k\u0131y\u0131n\u0131n kimi b\u00f6lgelerinde k\u0131rm\u0131z\u0131 renkte b\u00fcy\u00fck bir birikinti olu\u015fturdu.<\/p>\n<p><img decoding=\"async\" src=\"https:\/\/ikimisli.tr\/wp-content\/uploads\/2025\/05\/tekirdag-sahili-kirmizi-yosunla-kaplandi-sebebi-ortaya-cikti-0-QaOMYbT3.jpg\"\/><\/p>\n<p><img decoding=\"async\" src=\"https:\/\/ikimisli.tr\/wp-content\/uploads\/2025\/05\/tekirdag-sahili-kirmizi-yosunla-kaplandi-sebebi-ortaya-cikti-1-R9ghNMMf.jpg\"\/><\/p>\n<p>S\u00fcleymanpa\u015fa Belediyesi tak\u0131mlar\u0131, yosunlar\u0131 temizlemek i\u00e7in s\u00fcratle \u00e7al\u0131\u015fma ba\u015flatt\u0131. Lakin poyraz r\u00fczgar\u0131n\u0131n tesiriyle, Tekirda\u011fl\u0131 bal\u0131k\u00e7\u0131lar son iki g\u00fcnd\u00fcr denize a\u00e7\u0131lamad\u0131. Yosun birikintileri ve r\u00fczgar, lokal bal\u0131k\u00e7\u0131l\u0131kla u\u011fra\u015fanlar\u0131 olumsuz etkiledi.<\/p>\n<p><img decoding=\"async\" src=\"https:\/\/ikimisli.tr\/wp-content\/uploads\/2025\/05\/tekirdag-sahili-kirmizi-yosunla-kaplandi-sebebi-ortaya-cikti-2-5ppTzKQA.jpg\"\/><\/p>\n","protected":false},"excerpt":{"rendered":"<p>Tekirda\u011f&#8217;da tesirli olan poyraz r\u00fczgar\u0131 sonras\u0131, Marmara Denizi&#8217;nin taban\u0131ndan kopan k\u0131rm\u0131z\u0131 yosunlar k\u0131y\u0131 \u015feridini kaplad\u0131.<\/p>\n","protected":false},"author":1,"featured_media":40873,"comment_status":"open","ping_status":"open","sticky":false,"template":"","format":"standard","meta":{"footnotes":""},"categories":[25],"tags":[],"class_list":["post-40872","post","type-post","status-publish","format-standard","has-post-thumbnail","hentry","category-gundem"],"_links":{"self":[{"href":"https:\/\/ikimisli.tr\/index.php\/wp-json\/wp\/v2\/posts\/40872","targetHints":{"allow":["GET"]}}],"collection":[{"href":"https:\/\/ikimisli.tr\/index.php\/wp-json\/wp\/v2\/posts"}],"about":[{"href":"https:\/\/ikimisli.tr\/index.php\/wp-json\/wp\/v2\/types\/post"}],"author":[{"embeddable":true,"href":"https:\/\/ikimisli.tr\/index.php\/wp-json\/wp\/v2\/users\/1"}],"replies":[{"embeddable":true,"href":"https:\/\/ikimisli.tr\/index.php\/wp-json\/wp\/v2\/comments?post=40872"}],"version-history":[{"count":1,"href":"https:\/\/ikimisli.tr\/index.php\/wp-json\/wp\/v2\/posts\/40872\/revisions"}],"predecessor-version":[{"id":40877,"href":"https:\/\/ikimisli.tr\/index.php\/wp-json\/wp\/v2\/posts\/40872\/revisions\/40877"}],"wp:featuredmedia":[{"embeddable":true,"href":"https:\/\/ikimisli.tr\/index.php\/wp-json\/wp\/v2\/media\/40873"}],"wp:attachment":[{"href":"https:\/\/ikimisli.tr\/index.php\/wp-json\/wp\/v2\/media?parent=40872"}],"wp:term":[{"taxonomy":"category","embeddable":true,"href":"https:\/\/ikimisli.tr\/index.php\/wp-json\/wp\/v2\/categories?post=40872"},{"taxonomy":"post_tag","embeddable":true,"href":"https:\/\/ikimisli.tr\/index.php\/wp-json\/wp\/v2\/tags?post=40872"}],"curies":[{"name":"wp","href":"https:\/\/api.w.org\/{rel}","templated":true}]}}