{"id":4088,"date":"2025-01-15T06:18:46","date_gmt":"2025-01-15T06:18:46","guid":{"rendered":"https:\/\/ikimisli.tr\/?p=4088"},"modified":"2025-01-15T06:18:46","modified_gmt":"2025-01-15T06:18:46","slug":"kirk-yillik-hatirin-yad-edildigi-muzedeki-fincan-sayisi-7-bini-gecti","status":"publish","type":"post","link":"https:\/\/ikimisli.tr\/index.php\/2025\/01\/15\/kirk-yillik-hatirin-yad-edildigi-muzedeki-fincan-sayisi-7-bini-gecti\/","title":{"rendered":"K\u0131rk y\u0131ll\u0131k hat\u0131r\u0131n yad edildi\u011fi m\u00fczedeki fincan say\u0131s\u0131 7 bini ge\u00e7ti"},"content":{"rendered":"<p>Kahve Fincan\u0131 M\u00fczesi, valilik ve belediyenin takviyesiyle Elaz\u0131\u011f Turizm K\u00fclt\u00fcr ve Tan\u0131tma Derne\u011fi (ETUDER) taraf\u0131ndan Harput Mahallesi&#8217;nde a\u00e7\u0131l\u0131\u015f\u0131n\u0131n yap\u0131ld\u0131\u011f\u0131 29 Ekim 2023&#8217;ten bu yana ziyaret\u00e7i a\u011f\u0131rl\u0131yor.\u00a0<\/p>\n<p>Fincan say\u0131s\u0131n\u0131n daima artt\u0131\u011f\u0131 m\u00fczeyi gezenler, tarihi eser niteli\u011fi ta\u015f\u0131yanlar ile \u00fclkenin farkl\u0131 b\u00f6lgelerinden getirilen fincanlar\u0131 g\u00f6rme ve an\u0131lar\u0131 yad etme imkan\u0131 buluyor.\u00a0<\/p>\n<p>M\u00fczede, 17 Kas\u0131m 1937&#8217;de Elaz\u0131\u011f&#8217;\u0131 ziyaret eden Mustafa Kemal Atat\u00fcrk&#8217;\u00fcn kahve i\u00e7ti\u011fi fincan\u0131n da oldu\u011fu 7 bini a\u015fk\u0131n kesim merakl\u0131lar\u0131 i\u00e7in sergileniyor.\u00a0<\/p>\n<p><img decoding=\"async\" src=\"https:\/\/ikimisli.tr\/wp-content\/uploads\/2025\/01\/kirk-yillik-hatirin-yad-edildigi-muzedeki-fincan-sayisi-7-bini-gecti-0-wqs6H1vj.jpg\"\/><\/p>\n<p><b>&#8220;\u0130nsanlardan \u00e7ok ho\u015f tepkiler al\u0131yoruz&#8221;\u00a0<\/b><\/p>\n<p>ETUDER Ba\u015fkan\u0131 Ahmet Bulut, \u00f6nceki y\u0131l a\u00e7t\u0131klar\u0131 m\u00fczeye beklediklerinden daha fazla fincan ba\u011f\u0131\u015f\u0131 yap\u0131ld\u0131\u011f\u0131n\u0131 s\u00f6yledi.\u00a0<\/p>\n<p>M\u00fczede 7 binin \u00fczerinde fincan bulundu\u011funu, fincanlar\u0131n da m\u00fczeyi gezenlerin say\u0131s\u0131n\u0131n da her ge\u00e7en g\u00fcn y\u00fckseldi\u011fini kaydeden Bulut, &#8220;Okullarla yapt\u0131\u011f\u0131m\u0131z protokollerle \u00f6\u011frencilerimizi de a\u011f\u0131rl\u0131yoruz. Her ge\u00e7en g\u00fcn m\u00fczemize ilgi art\u0131yor&#8221; dedi.\u00a0<\/p>\n<p>M\u00fczenin tan\u0131t\u0131m\u0131n\u0131n \u00e2l\u00e2 yap\u0131ld\u0131\u011f\u0131n\u0131 ve ilgi \u00e7ekti\u011fini aktaran Bulut, farkl\u0131 vilayetlerden \u00e7ok ho\u015f fincanlar geldi\u011fini anlatt\u0131.\u00a0<\/p>\n<p><img decoding=\"async\" src=\"https:\/\/ikimisli.tr\/wp-content\/uploads\/2025\/01\/kirk-yillik-hatirin-yad-edildigi-muzedeki-fincan-sayisi-7-bini-gecti-1-6Sm4TLL7.jpg\"\/><\/p>\n<p>Bulut, \u015f\u00f6yle konu\u015ftu:\u00a0<\/p>\n<p>&#8220;Tarih olu\u015fmaya ba\u015flad\u0131. Yapaca\u011f\u0131m\u0131z \u00e7al\u0131\u015fma kapsam\u0131nda \u00f6n\u00fcm\u00fczdeki g\u00fcnlerde m\u00fczedeki fincanlar s\u0131n\u0131fland\u0131r\u0131lacak. \u00dcretim y\u0131llar\u0131na ve hallerine nazaran s\u0131n\u0131fland\u0131r\u0131ld\u0131ktan sonra tekrar bir dizim yap\u0131lacak. Guinness Rekorlar Kitab\u0131&#8217;na girme \u00e7al\u0131\u015fmam\u0131z devam ediyor. Girece\u011fimiz say\u0131yla d\u00f6n\u00fc\u015f\u00fcn\u00fcn olmamas\u0131n\u0131 hedefliyoruz. Esasen d\u00fcnyada tek m\u00fczeyiz. Ho\u015f \u015feyler ya\u015famaya ba\u015flad\u0131k. \u0130nsanlardan \u00e7ok ho\u015f reaksiyonlar al\u0131yoruz. Gezmek ve g\u00f6rmek istediklerini, m\u00fczeye hayran kald\u0131klar\u0131n\u0131 tabir ediyorlar.&#8221;\u00a0<\/p>\n<p><img decoding=\"async\" src=\"https:\/\/ikimisli.tr\/wp-content\/uploads\/2025\/01\/kirk-yillik-hatirin-yad-edildigi-muzedeki-fincan-sayisi-7-bini-gecti-2-SuJEKOf9.jpg\"\/><\/p>\n<p>M\u00fczenin k\u0131sa m\u00fcddette ziyaret\u00e7ilerin ilgi oda\u011f\u0131 oldu\u011funu lisana getiren Bulut, a\u00e7\u0131l\u0131\u015f\u0131ndan bug\u00fcne kadar m\u00fczeyi gezenlerin say\u0131s\u0131n\u0131n 450 bini bulmas\u0131n\u0131n kendilerini \u00e7ok memnun etti\u011fini belirtti.\u00a0<br \/>Bulut, kelamlar\u0131n\u0131 \u015f\u00f6yle s\u00fcrd\u00fcrd\u00fc:\u00a0<\/p>\n<p>&#8220;Spesifik ve d\u00fcnyada gibisi olmayan bir m\u00fczeyiz. Be\u015ferler bu kadar fincan\u0131 hayatlar\u0131nda bir ortada g\u00f6rmemi\u015flerdir. Bu nedenle de \u00e7ok b\u00fcy\u00fck ilgi \u00e7ekiyor. Ziyaret\u00e7iler, g\u00f6rmedikleri, ak\u0131llar\u0131na bile gelmeyecek fincanlar\u0131n oldu\u011funu g\u00f6r\u00fcnce memnun oluyorlar. Kentte K\u00fclt\u00fcr ve Turizm Bakanl\u0131\u011f\u0131ndan \u00f6zel dok\u00fcmanl\u0131 tek m\u00fczeyiz. \u00c7e\u015fit kapsam\u0131nda ziyarete gelenler oluyor. Vilayet d\u0131\u015f\u0131ndan gelenler bu t\u00fcrl\u00fc bir m\u00fczeyle kar\u015f\u0131la\u015fmad\u0131klar\u0131n\u0131 s\u00f6yl\u00fcyor.&#8221;\u00a0<\/p>\n<p><img decoding=\"async\" src=\"https:\/\/ikimisli.tr\/wp-content\/uploads\/2025\/01\/kirk-yillik-hatirin-yad-edildigi-muzedeki-fincan-sayisi-7-bini-gecti-3-M9b2OeZm.jpg\"\/><\/p>\n<p><b>&#8220;\u00c7ok yepyeni ve ho\u015f bir m\u00fcze&#8221;\u00a0<\/b><\/p>\n<p>Malatya&#8217;dan Elaz\u0131\u011f&#8217;a gelen Saltuk Bu\u011fra Kaya, ailesiyle m\u00fczeyi gezmeye geldiklerini s\u00f6yledi.\u00a0<br \/>M\u00fczeyi \u00e7ok manal\u0131 bulduklar\u0131n\u0131 aktaran Kaya, &#8220;\u00c7ok \u00f6zg\u00fcn ve ho\u015f bir m\u00fcze. Ziyaret edenler fincan getiriyor ve isimleriyle birlikte o fincan sergileniyor. \u00c7ok manal\u0131 bir \u00e7al\u0131\u015fma. Herkesin de m\u00fczeye katk\u0131s\u0131 oluyor. B\u00f6ylelikle kentin k\u00fclt\u00fcr\u00fc de geli\u015fiyor&#8221; diye konu\u015ftu.\u00a0<\/p>\n<p><img decoding=\"async\" src=\"https:\/\/ikimisli.tr\/wp-content\/uploads\/2025\/01\/kirk-yillik-hatirin-yad-edildigi-muzedeki-fincan-sayisi-7-bini-gecti-4-EjtzYGLs.jpg\"\/><\/p>\n<p>Mersin&#8217;den gelen Kenan G\u00fcrkan da m\u00fczenin enteresan oldu\u011funu belirterek, birinci sefer bu t\u00fcrl\u00fc bir m\u00fcze gezdi\u011fini kaydetti.\u00a0<\/p>\n<p>Ziyaret\u00e7ilerden Emine Ayd\u0131n da m\u00fczeyi \u00e7ok be\u011fendi\u011fini lisana getirerek, &#8220;Farkl\u0131 periyotlardan getirilen fincanlar\u0131 g\u00f6r\u00fcyoruz. Epeyce etkileyici. Ortam da ho\u015f, be\u015fere huzur veriyor&#8221; dedi.<\/p>\n","protected":false},"excerpt":{"rendered":"<p>Elaz\u0131\u011f&#8217;da, T\u00fcrkiye&#8217;de birinci olma \u00f6zelli\u011fi ta\u015f\u0131yan Kahve Fincan\u0131 M\u00fczesi&#8217;nde sergilenen kesimlerin say\u0131s\u0131 7 bini a\u015ft\u0131.<\/p>\n","protected":false},"author":1,"featured_media":4089,"comment_status":"open","ping_status":"open","sticky":false,"template":"","format":"standard","meta":{"footnotes":""},"categories":[26],"tags":[1109,1111,882,1110,642],"class_list":["post-4088","post","type-post","status-publish","format-standard","has-post-thumbnail","hentry","category-kultur-sanat","tag-fincan","tag-guzel","tag-muze","tag-muzeyi","tag-ziyaret"],"_links":{"self":[{"href":"https:\/\/ikimisli.tr\/index.php\/wp-json\/wp\/v2\/posts\/4088","targetHints":{"allow":["GET"]}}],"collection":[{"href":"https:\/\/ikimisli.tr\/index.php\/wp-json\/wp\/v2\/posts"}],"about":[{"href":"https:\/\/ikimisli.tr\/index.php\/wp-json\/wp\/v2\/types\/post"}],"author":[{"embeddable":true,"href":"https:\/\/ikimisli.tr\/index.php\/wp-json\/wp\/v2\/users\/1"}],"replies":[{"embeddable":true,"href":"https:\/\/ikimisli.tr\/index.php\/wp-json\/wp\/v2\/comments?post=4088"}],"version-history":[{"count":1,"href":"https:\/\/ikimisli.tr\/index.php\/wp-json\/wp\/v2\/posts\/4088\/revisions"}],"predecessor-version":[{"id":4095,"href":"https:\/\/ikimisli.tr\/index.php\/wp-json\/wp\/v2\/posts\/4088\/revisions\/4095"}],"wp:featuredmedia":[{"embeddable":true,"href":"https:\/\/ikimisli.tr\/index.php\/wp-json\/wp\/v2\/media\/4089"}],"wp:attachment":[{"href":"https:\/\/ikimisli.tr\/index.php\/wp-json\/wp\/v2\/media?parent=4088"}],"wp:term":[{"taxonomy":"category","embeddable":true,"href":"https:\/\/ikimisli.tr\/index.php\/wp-json\/wp\/v2\/categories?post=4088"},{"taxonomy":"post_tag","embeddable":true,"href":"https:\/\/ikimisli.tr\/index.php\/wp-json\/wp\/v2\/tags?post=4088"}],"curies":[{"name":"wp","href":"https:\/\/api.w.org\/{rel}","templated":true}]}}