{"id":40911,"date":"2025-05-20T21:48:19","date_gmt":"2025-05-20T21:48:19","guid":{"rendered":"https:\/\/ikimisli.tr\/?p=40911"},"modified":"2025-05-20T21:48:19","modified_gmt":"2025-05-20T21:48:19","slug":"taneyle-bebek-bezi-meclis-gundeminde-bu-tablonun-sorumlusu-erdogandir","status":"publish","type":"post","link":"https:\/\/ikimisli.tr\/index.php\/2025\/05\/20\/taneyle-bebek-bezi-meclis-gundeminde-bu-tablonun-sorumlusu-erdogandir\/","title":{"rendered":"&#8216;Taneyle bebek bezi&#8217; Meclis g\u00fcndeminde&#8230; &#8216;Bu tablonun sorumlusu Erdo\u011fan&#8217;d\u0131r&#8217;"},"content":{"rendered":"<p>Ankara&#8217;n\u0131n Alt\u0131nda\u011f il\u00e7esi \u0130smetpa\u015fa Mahallesi bakkallar\u0131ndan Vasfiye Da\u011f\u0131stan, m\u00fc\u015fterilerinin al\u0131m g\u00fcc\u00fc olmad\u0131\u011f\u0131n\u0131, ekseriyetle veresiye yazd\u0131rd\u0131klar\u0131n\u0131 anlatarak\u00a0bebek bezini taneyle, 7 bu\u00e7uk liradan satmaya ba\u015flad\u0131\u011f\u0131n\u0131 s\u00f6yledi.<\/p>\n<p><b>&#8220;\u0130NSANLARA ACIYORUM VERES\u0130YE YAZIYORUM&#8221;<\/b><\/p>\n<p>25 y\u0131ld\u0131r Ankara&#8217;da ya\u015fayan Hatayl\u0131 bakkal Vasfiye Da\u011f\u0131stan, &#8220;Bir adet bebek bezini 7 bu\u00e7uk liraya sat\u0131yorum. Paket alabilen kimse yok. Bir paket bezi al\u0131yorum, tekli veriyorum. Para varsa veriyorum, para yoksa tekrar veriyorum. Ne yapaca\u011f\u0131z? \u0130nsanlara ac\u0131yorum veresiye yaz\u0131yorum. Be\u015ferler para yok diyor, veresiye yaz\u0131yorum&#8221; demi\u015fti.<\/p>\n<p>Muhalefet partilerinin \u00f6nderleri ise; mevzuyu Meclis g\u00fcndemine getirdi.<\/p>\n<p><b>&#8220;ANNE BABALAR BEBEK BEZ\u0130N\u0130 TEK TEK ALMAK DURUMUNDA KALIYORLAR&#8221;<\/b><\/p>\n<p>Yeni Yol k\u00fcme toplant\u0131s\u0131nda konu\u015fan Saadet Partisi Genel Lideri Mahmut Ar\u0131kan, &#8220;T\u00fcrkiye&#8217;nin ger\u00e7ek g\u00fcndemi, iktidar\u0131n bilerek, isteyerek de\u011fi\u015ftirdi\u011fi yapay g\u00fcndemler olmamal\u0131d\u0131r. B\u00fct\u00e7e daha birinci aydan 139 milyar lira a\u00e7\u0131k verdi. Anne ve babalar, bebek bezini paketle almad\u0131\u011f\u0131 i\u00e7in tek tek almak durumunda kal\u0131yorlar&#8221; dedi.<\/p>\n<p><b>&#8220;BU UTAN\u00c7 TABLOSUNUN SORUMLUSU ERDO\u011eAN&#8217;DIR&#8221;<\/b><\/p>\n<p><strong>\u0130Y\u0130 Parti Genel Lideri M\u00fcsavat Dervi\u015fo\u011flu, partisinin k\u00fcme toplant\u0131s\u0131nda bahse ait \u015f\u00f6yle konu\u015ftu:<\/strong><\/p>\n<p>&#8220;Ekonominin ger\u00e7ek g\u00f6stergesi; vatanda\u015flar\u0131m\u0131z\u0131n ya\u015fad\u0131klar\u0131d\u0131r. Bak\u0131n\u0131z, ge\u00e7ti\u011fimiz g\u00fcnlerde, \u00fclkemizin Ba\u015f\u015fehri Ankara\u2019m\u0131zda y\u0131llard\u0131r bakkall\u0131k yapan esnaf\u0131m\u0131z Alt\u0131nda\u011f il\u00e7esinde bakkall\u0131k yapan Vasfiye Da\u011f\u0131stan bak\u0131n neler s\u00f6ylemi\u015ftir: &#8216;Bir adet bebek bezini 7,5 liraya sat\u0131yorum. Paket alabilen kimse yok. Bir paket bezi al\u0131yorum, tek tek veriyorum. Para varsa veriyorlar, yoksa tekrar veriyorum. Ne yapaca\u011f\u0131z? Buradaki birtak\u0131m yoksul, gariban be\u015ferler geliyor, yaln\u0131zca 2 tane ha\u015flanm\u0131\u015f yumurta al\u0131yor. \u0130nsanlara ac\u0131yorum.&#8217; Olay\u0131n vahametini g\u00f6rebiliyor musunuz? \u00dclkenin ba\u015f\u015fehrinde bir ana, bir baba evlad\u0131na paketle bebek bezi alam\u0131yor; ekonomik g\u00fcc\u00fc tane ile bebek bezi almaya yetebilmektedir. Bu utan\u00e7 tablosunun sorumlusu ne milletimizdir, ne \u00fclkemizin imkans\u0131zl\u0131klar\u0131d\u0131r. Bu utan\u00e7 tablosunun sorumlusu, bak\u0131p da g\u00f6rmeyen bakanlar ve onlar\u0131n yetki ve ita amiri Recep Tayyip Erdo\u011fan&#8217;d\u0131r. B\u00fct\u00fcn sorumluluk ondad\u0131r.&#8221;<\/p>\n<p>\u00a0<\/p>\n","protected":false},"excerpt":{"rendered":"<p>&#8220;Ankara&#8217;da taneyle bebek bezi sat\u0131\u015f\u0131&#8221; haberini Meclis g\u00fcndemine ta\u015f\u0131nd\u0131.  Saadet Partisi Genel Lideri Mahmut Ar\u0131kan, Anne ve babalar, bebek bezini paketle almad\u0131\u011f\u0131 i\u00e7in tek tek almak durumunda kal\u0131yorlar&#8221; ifadelerini kullan\u0131rken, \u0130Y\u0130 Parti Genel Lideri M\u00fcsavat Dervi\u015fo\u011flu,&#8221; Bu utan\u00e7 tablosunun sorumlusu, bak\u0131p da g\u00f6rmeyen bakanlar ve onlar\u0131n yetki ve ita amiri Recep Tayyip Erdo\u011fan&#8217;d\u0131r&#8221; dedi.<\/p>\n","protected":false},"author":1,"featured_media":40912,"comment_status":"open","ping_status":"open","sticky":false,"template":"","format":"standard","meta":{"footnotes":""},"categories":[25],"tags":[795,2909,1706],"class_list":["post-40911","post","type-post","status-publish","format-standard","has-post-thumbnail","hentry","category-gundem","tag-insanlar","tag-paket","tag-tek"],"_links":{"self":[{"href":"https:\/\/ikimisli.tr\/index.php\/wp-json\/wp\/v2\/posts\/40911","targetHints":{"allow":["GET"]}}],"collection":[{"href":"https:\/\/ikimisli.tr\/index.php\/wp-json\/wp\/v2\/posts"}],"about":[{"href":"https:\/\/ikimisli.tr\/index.php\/wp-json\/wp\/v2\/types\/post"}],"author":[{"embeddable":true,"href":"https:\/\/ikimisli.tr\/index.php\/wp-json\/wp\/v2\/users\/1"}],"replies":[{"embeddable":true,"href":"https:\/\/ikimisli.tr\/index.php\/wp-json\/wp\/v2\/comments?post=40911"}],"version-history":[{"count":1,"href":"https:\/\/ikimisli.tr\/index.php\/wp-json\/wp\/v2\/posts\/40911\/revisions"}],"predecessor-version":[{"id":40913,"href":"https:\/\/ikimisli.tr\/index.php\/wp-json\/wp\/v2\/posts\/40911\/revisions\/40913"}],"wp:featuredmedia":[{"embeddable":true,"href":"https:\/\/ikimisli.tr\/index.php\/wp-json\/wp\/v2\/media\/40912"}],"wp:attachment":[{"href":"https:\/\/ikimisli.tr\/index.php\/wp-json\/wp\/v2\/media?parent=40911"}],"wp:term":[{"taxonomy":"category","embeddable":true,"href":"https:\/\/ikimisli.tr\/index.php\/wp-json\/wp\/v2\/categories?post=40911"},{"taxonomy":"post_tag","embeddable":true,"href":"https:\/\/ikimisli.tr\/index.php\/wp-json\/wp\/v2\/tags?post=40911"}],"curies":[{"name":"wp","href":"https:\/\/api.w.org\/{rel}","templated":true}]}}