{"id":40949,"date":"2025-05-21T00:00:21","date_gmt":"2025-05-21T00:00:21","guid":{"rendered":"https:\/\/ikimisli.tr\/?p=40949"},"modified":"2025-05-21T00:00:21","modified_gmt":"2025-05-21T00:00:21","slug":"son-dakika-tusiad-baskanina-da-sorusturma-turan-ve-omer-aras-polis-esliginde-savciliga-goturuluyor","status":"publish","type":"post","link":"https:\/\/ikimisli.tr\/index.php\/2025\/05\/21\/son-dakika-tusiad-baskanina-da-sorusturma-turan-ve-omer-aras-polis-esliginde-savciliga-goturuluyor\/","title":{"rendered":"SON DAK\u0130KA: T\u00dcS\u0130AD Ba\u015fkan\u0131&#8217;na da soru\u015fturma:  Turan ve \u00d6mer Aras polis e\u015fli\u011finde savc\u0131l\u0131\u011fa g\u00f6t\u00fcr\u00fcl\u00fcyor"},"content":{"rendered":"<p>T\u00dcS\u0130AD Ba\u015fkan\u0131 Orhan TURHAN hakk\u0131nda 13 \u015eubat&#8217;ta dernek \u015furas\u0131nda yapt\u0131\u011f\u0131 konu\u015fmas\u0131 nedeniyle &#8216; Aldat\u0131c\u0131 Bilgiyi Alenen Yayma ve Adil Yarg\u0131lamay\u0131 Etkilemeye Te\u015febb\u00fcs&#8217; c\u00fcr\u00fcmlerinden soru\u015fturma ba\u015flat\u0131ld\u0131 \u0130stanbul Cumhuriyet Ba\u015fsavc\u0131l\u0131\u011f\u0131, T\u00dcS\u0130AD Y\u00fcksek \u0130sti\u015fare Konseyi Ba\u015fkan\u0131 Mehmet \u00d6mer Arif Aras ve T\u00dcS\u0130AD Ba\u015fkan\u0131 Orhan Turhan&#8217;\u0131n polis taraf\u0131ndan adliyeye getirilmesi talimat\u0131n\u0131 verdi. Turan ve Aras polis e\u015fli\u011finde savc\u0131l\u0131\u011fa g\u00f6t\u00fcr\u00fcl\u00fcyor. <\/p>\n<p>\u0130stanbul Cumhuriyet Ba\u015fsavc\u0131l\u0131\u011f\u0131 T\u00dcS\u0130AD Ba\u015fkan\u0131 Orhan Turan hakk\u0131nda da soru\u015fturma ba\u015flatt\u0131.<\/p>\n<p>-Yap\u0131lmakta olan soru\u015fturma s\u0131ras\u0131nda, 13\/02\/2025 tarihinde ger\u00e7ekle\u015ftirilen dernek genel heyetinde konu\u015fma yapan T\u00dcS\u0130AD ba\u015fkan\u0131 Orhan Turan isimli \u015fahs\u0131n da konu\u015fmas\u0131nda, isimli merciilerce y\u00fcr\u00fct\u00fclmekte olan bir k\u0131s\u0131m soru\u015fturma ve kovu\u015fturmalarla ilgili yarg\u0131y\u0131 telkin ve y\u00f6nlendirme ile ger\u00e7e\u011fe muhalif, dezenformasyon i\u00e7erikli, kamu bar\u0131\u015f\u0131n\u0131 bozmaya elveri\u015fli nitelikteki beyanlarda bulundu\u011funun tespit edilmesi \u00fczerine, y\u00fcr\u00fct\u00fclmekte olan soru\u015fturma kapsam\u0131nda ku\u015fkulu Orhan Turan hakk\u0131nda, Aldat\u0131c\u0131 Bilgiyi Alenen Yayma ve Adil Yarg\u0131lamay\u0131 Etkilemeye Te\u015febb\u00fcs hatalar\u0131ndan \u00f6t\u00fcr\u00fc re&#8217;sen soru\u015fturma ba\u015flat\u0131lmas\u0131na karar verilmi\u015f olup \u015f\u00fcpheliler Orhan TURHAN ve Mehmet \u00d6mer Arif ARAS&#8217;\u0131n Cumhuriyet Ba\u015fsavc\u0131l\u0131\u011f\u0131m\u0131zda haz\u0131r bulundurulmalar\u0131n\u0131n sa\u011flanmas\u0131 i\u00e7in \u0130stanbul Emniyet M\u00fcd\u00fcrl\u00fc\u011f\u00fc G\u00fcvenlik \u015eube M\u00fcd\u00fcrl\u00fc\u011f\u00fcne talimat verilmi\u015ftir&#8221;<\/p>\n<p>NE OLMU\u015eTU? <\/p>\n","protected":false},"excerpt":{"rendered":"<p>Ola\u011fan Genel Kurul&#8217;da h\u00fck\u00fcmete ele\u015ftirilerin ard\u0131ndan T\u00dcS\u0130AD Ba\u015fkan\u0131 Orhan Turan hakk\u0131nda da soru\u015fturma ba\u015flat\u0131ld\u0131. Turan ve \u00d6mer Aras Emniyet&#8217;ten adliyeye sevk ediliyor.<\/p>\n","protected":false},"author":1,"featured_media":40950,"comment_status":"open","ping_status":"open","sticky":false,"template":"","format":"standard","meta":{"footnotes":""},"categories":[25],"tags":[39,2422,99,5689],"class_list":["post-40949","post","type-post","status-publish","format-standard","has-post-thumbnail","hentry","category-gundem","tag-baskani","tag-orhan","tag-sorusturma","tag-tusiad"],"_links":{"self":[{"href":"https:\/\/ikimisli.tr\/index.php\/wp-json\/wp\/v2\/posts\/40949","targetHints":{"allow":["GET"]}}],"collection":[{"href":"https:\/\/ikimisli.tr\/index.php\/wp-json\/wp\/v2\/posts"}],"about":[{"href":"https:\/\/ikimisli.tr\/index.php\/wp-json\/wp\/v2\/types\/post"}],"author":[{"embeddable":true,"href":"https:\/\/ikimisli.tr\/index.php\/wp-json\/wp\/v2\/users\/1"}],"replies":[{"embeddable":true,"href":"https:\/\/ikimisli.tr\/index.php\/wp-json\/wp\/v2\/comments?post=40949"}],"version-history":[{"count":1,"href":"https:\/\/ikimisli.tr\/index.php\/wp-json\/wp\/v2\/posts\/40949\/revisions"}],"predecessor-version":[{"id":40951,"href":"https:\/\/ikimisli.tr\/index.php\/wp-json\/wp\/v2\/posts\/40949\/revisions\/40951"}],"wp:featuredmedia":[{"embeddable":true,"href":"https:\/\/ikimisli.tr\/index.php\/wp-json\/wp\/v2\/media\/40950"}],"wp:attachment":[{"href":"https:\/\/ikimisli.tr\/index.php\/wp-json\/wp\/v2\/media?parent=40949"}],"wp:term":[{"taxonomy":"category","embeddable":true,"href":"https:\/\/ikimisli.tr\/index.php\/wp-json\/wp\/v2\/categories?post=40949"},{"taxonomy":"post_tag","embeddable":true,"href":"https:\/\/ikimisli.tr\/index.php\/wp-json\/wp\/v2\/tags?post=40949"}],"curies":[{"name":"wp","href":"https:\/\/api.w.org\/{rel}","templated":true}]}}