{"id":4102,"date":"2025-01-15T07:30:45","date_gmt":"2025-01-15T07:30:45","guid":{"rendered":"https:\/\/ikimisli.tr\/?p=4102"},"modified":"2025-01-15T07:30:45","modified_gmt":"2025-01-15T07:30:45","slug":"akpli-uyeler-istifa-etti-yeni-baskanin-chpye-oy-topladigi-iddia-edildi","status":"publish","type":"post","link":"https:\/\/ikimisli.tr\/index.php\/2025\/01\/15\/akpli-uyeler-istifa-etti-yeni-baskanin-chpye-oy-topladigi-iddia-edildi\/","title":{"rendered":"AKP&#8217;li \u00fcyeler istifa etti: Yeni ba\u015fkan\u0131n CHP&#8217;ye oy toplad\u0131\u011f\u0131 iddia edildi"},"content":{"rendered":"<p>Bilecik\u2019in Bay\u0131rk\u00f6y Beldesi&#8217;ne AKP Belde Ba\u015fkanl\u0131\u011f\u0131&#8217;na yap\u0131lan yeni atama ile Cantekin Vural&#8217;\u0131n vazifeye getirilmesinin akabinde, Bay\u0131rk\u00f6y Belediyesi meclis \u00fcyeleri partilerinden istifa ettiklerini duyurdu. H\u00fcseyin Kara, Tar\u0131k Kahraman, Deniz U\u011fur Karaa\u011fa\u00e7 ve \u00d6znur \u00d6zdemir imzas\u0131yla yap\u0131lan ortak a\u00e7\u0131klamada, istifa kararlar\u0131n\u0131n m\u00fcnasebetleri yer ald\u0131.<\/p>\n<p>Meclis \u00fcyeleri, atamadan duyduklar\u0131 rahats\u0131zl\u0131k ve parti i\u00e7indeki birtak\u0131m geli\u015fmeler nedeniyle bu ad\u0131m\u0131 att\u0131klar\u0131n\u0131 belirttiler, yapt\u0131klar\u0131 ortak a\u00e7\u0131klamada, \u015fu tabirlere yer verdiler:\u00a0<\/p>\n<p>&#8221;Bizler 31 Mart Yerel Se\u00e7imlerinde AK Parti Bay\u0131rk\u00f6y Belediye Meclisi \u00dcyeli\u011fine se\u00e7ildik. Se\u00e7im s\u00fcrecinde gece g\u00fcnd\u00fcz demeden partimizin ba\u015far\u0131s\u0131 i\u00e7in \u00e7al\u0131\u015ft\u0131k ve 13 oy fark ile Bay\u0131rk\u00f6y&#8217;de 2&#8217;nci parti olduk. Belediye meclisinde de 4 \u00fcye ile temsil hakk\u0131 kazand\u0131k. Meclis \u00fcyeli\u011fi misyonumuza ba\u015flamam\u0131z\u0131n akabinde misyonumuzu en uygun bi\u00e7imde yapmak ve Bay\u0131rk\u00f6y&#8217;e hizmet etmek ismine \u00e7al\u0131\u015fmalar\u0131m\u0131z\u0131 s\u00fcrd\u00fcr\u00fcyoruz. Lakin son periyotta ya\u015fanan birtak\u0131m geli\u015fmeler \u00fczerine a\u00e7\u0131klama yapma gere\u011fi has\u0131l olmu\u015ftur.<\/p>\n<p>Kamuoyunun malumu oldu\u011fu \u00fczere AK Parti Bay\u0131rk\u00f6y Belde Ba\u015fkanl\u0131\u011f\u0131na yeni bir atama ger\u00e7ekle\u015ftirilmi\u015ftir. Fakat bu atama s\u00fcrecinde Bay\u0131rk\u00f6y AK Parti Te\u015fkilatlar\u0131 ve se\u00e7ilmi\u015f belediye meclisi \u00fcyeleri olan bizlerle rastgele bir fikir al\u0131\u015fveri\u015finde bulunulmad\u0131\u011f\u0131 \u00fczere bilgi dahi verilmemi\u015ftir. \u00c7\u00fcnk\u00fc Bay\u0131rk\u00f6y&#8217;de herkes bu ataman\u0131n nas\u0131l ger\u00e7ekle\u015fti\u011fini bilmektedir.<\/p>\n<p><b>&#8220;OYLARI CHP&#8217;YE Y\u00d6NLEND\u0130R\u0130YOR&#8221;<\/b><\/p>\n<p>31 Mart Yerel Se\u00e7imlerinde AK Parti aleyhine \u00e7al\u0131\u015fan ve d\u0131\u015far\u0131dan getirdi\u011fi oylar\u0131 CHP&#8217;ye y\u00f6nlendiren kelam\u0131m\u0131z ona zeki \u015fah\u0131slar\u0131n vilayet idaresinde yer almalar\u0131n\u0131 \u015fa\u015fk\u0131nl\u0131kla izlemekteyiz. T\u00fcm bunlar ya\u015fan\u0131rken AK Parti Bay\u0131rk\u00f6y Belde Ba\u015fkanl\u0131\u011f\u0131na ger\u00e7ekle\u015fen ataman\u0131n ise kabul edilir taraf\u0131 olmad\u0131\u011f\u0131n\u0131 bildirmek istiyoruz. Zira se\u00e7im d\u00f6neminde AK Parti aleyhine \u00e7al\u0131\u015fan, AK Parti&#8217;ye ve Cumhurba\u015fkan\u0131m\u0131z Recep Tayyip Erdo\u011fan&#8217;a k\u00fcf\u00fcrler eden bir \u015fahs\u0131n belde ba\u015fkanl\u0131\u011f\u0131na getirilmesi tam bir ak\u0131l tutulmas\u0131d\u0131r. Kendisine misyonunda muvaffakiyetler diliyoruz.<\/p>\n<p>Sonu\u00e7 prestijiyle; AK Parti&#8217;nin en k\u0131ymetli \u015fiarlar\u0131ndan birisi olan isti\u015fare k\u00fclt\u00fcr\u00fcn\u00fcn yok edilmesi, emek harcay\u0131p al\u0131n teri d\u00f6ken dava arkada\u015flar\u0131m\u0131z\u0131n yok say\u0131lmas\u0131, se\u00e7ilmi\u015f belediye meclis \u00fcyelerinin hi\u00e7e say\u0131lmas\u0131 bizleri derinden \u00fczm\u00fc\u015ft\u00fcr. T\u00fcm bu geli\u015fmeler do\u011frultusunda biz belediye meclis \u00fcyelerinin AK Parti \u00e7at\u0131s\u0131 alt\u0131nda siyaset yapma imkan\u0131m\u0131z kalmam\u0131\u015ft\u0131r. Bay\u0131rk\u00f6y&#8217;de AK Parti&#8217;ye kaybettirenlerin bug\u00fcn AK Parti&#8217;de idarelerde yer almas\u0131n\u0131 hazmetmek m\u00fcmk\u00fcn de\u011fildir. Bu sebepler \u0131\u015f\u0131\u011f\u0131nda AK Parti&#8217;den istifa etti\u011fimizi ve meclis \u00fcyeli\u011fi misyonumuza ba\u011f\u0131ms\u0131z olarak devam edece\u011fimizi bildiririz. Ba\u015fta Bay\u0131rk\u00f6y\u00fcm\u00fcz olmak \u00fczere ilimiz ve \u00fclkemiz i\u00e7in varg\u00fcc\u00fcm\u00fczle \u00e7al\u0131\u015fmaya devam edece\u011fiz. Takdir kamuoyunundur.&#8221;<\/p>\n<p><img decoding=\"async\" src=\"https:\/\/ikimisli.tr\/wp-content\/uploads\/2025\/01\/akpli-uyeler-istifa-etti-yeni-baskanin-chpye-oy-topladigi-iddia-edildi-0-7QavAXz3.jpg\"\/><\/p>\n<p>\u00a0<\/p>\n<p>\u00a0<\/p>\n","protected":false},"excerpt":{"rendered":"<p>AKP Bilecik Bay\u0131rk\u00f6y Belde Ba\u015fkanl\u0131\u011f\u0131na Cantekin Vural atand\u0131. Atama karar\u0131n\u0131n gerisinde meclis \u00fcyeleri partilerinden istifa etiklerini duyurdu. Meclis \u00fcyeleri istifalar\u0131na dair yapt\u0131klar\u0131 ortak a\u00e7\u0131klamada, &#8220;31 Mart Yerel Se\u00e7imlerinde AK Parti aleyhine \u00e7al\u0131\u015fan ve d\u0131\u015far\u0131dan getirdi\u011fi oylar\u0131 CHP&#8217;ye y\u00f6nlendiren kelam\u0131m\u0131z ona zeki \u015fah\u0131slar\u0131n vilayet idaresinde yer almalar\u0131n\u0131 \u015fa\u015fk\u0131nl\u0131kla izlemekteyiz.  AK Parti \u00e7at\u0131s\u0131 alt\u0131nda siyaset yapma imkan\u0131m\u0131z kalmam\u0131\u015ft\u0131r&#8221; tabirleri yer ald\u0131.<\/p>\n","protected":false},"author":1,"featured_media":4103,"comment_status":"open","ping_status":"open","sticky":false,"template":"","format":"standard","meta":{"footnotes":""},"categories":[25],"tags":[1114,1116,1115,1118,1117],"class_list":["post-4102","post","type-post","status-publish","format-standard","has-post-thumbnail","hentry","category-gundem","tag-ak-parti","tag-atama","tag-bayirkoy","tag-belde","tag-uyeleri"],"_links":{"self":[{"href":"https:\/\/ikimisli.tr\/index.php\/wp-json\/wp\/v2\/posts\/4102","targetHints":{"allow":["GET"]}}],"collection":[{"href":"https:\/\/ikimisli.tr\/index.php\/wp-json\/wp\/v2\/posts"}],"about":[{"href":"https:\/\/ikimisli.tr\/index.php\/wp-json\/wp\/v2\/types\/post"}],"author":[{"embeddable":true,"href":"https:\/\/ikimisli.tr\/index.php\/wp-json\/wp\/v2\/users\/1"}],"replies":[{"embeddable":true,"href":"https:\/\/ikimisli.tr\/index.php\/wp-json\/wp\/v2\/comments?post=4102"}],"version-history":[{"count":1,"href":"https:\/\/ikimisli.tr\/index.php\/wp-json\/wp\/v2\/posts\/4102\/revisions"}],"predecessor-version":[{"id":4105,"href":"https:\/\/ikimisli.tr\/index.php\/wp-json\/wp\/v2\/posts\/4102\/revisions\/4105"}],"wp:featuredmedia":[{"embeddable":true,"href":"https:\/\/ikimisli.tr\/index.php\/wp-json\/wp\/v2\/media\/4103"}],"wp:attachment":[{"href":"https:\/\/ikimisli.tr\/index.php\/wp-json\/wp\/v2\/media?parent=4102"}],"wp:term":[{"taxonomy":"category","embeddable":true,"href":"https:\/\/ikimisli.tr\/index.php\/wp-json\/wp\/v2\/categories?post=4102"},{"taxonomy":"post_tag","embeddable":true,"href":"https:\/\/ikimisli.tr\/index.php\/wp-json\/wp\/v2\/tags?post=4102"}],"curies":[{"name":"wp","href":"https:\/\/api.w.org\/{rel}","templated":true}]}}