{"id":41100,"date":"2025-05-21T08:36:18","date_gmt":"2025-05-21T08:36:18","guid":{"rendered":"https:\/\/ikimisli.tr\/?p=41100"},"modified":"2025-05-21T08:36:18","modified_gmt":"2025-05-21T08:36:18","slug":"12-dev-adam-italya-macina-hazir","status":"publish","type":"post","link":"https:\/\/ikimisli.tr\/index.php\/2025\/05\/21\/12-dev-adam-italya-macina-hazir\/","title":{"rendered":"12 Dev Adam, \u0130talya ma\u00e7\u0131na haz\u0131r"},"content":{"rendered":"<p>A Ulusal Erkek Basketbol Grubu, 2025 Avrupa \u015eampiyonas\u0131 Elemeleri B K\u00fcmesi&#8217;nin 5. haftas\u0131nda yar\u0131n alan\u0131nda \u0130talya ile oynayaca\u011f\u0131 ma\u00e7\u0131n haz\u0131rl\u0131klar\u0131n\u0131 tamamlad\u0131.<\/p>\n<p>Ay-y\u0131ld\u0131zl\u0131lar, Basketbol Geli\u015fim Merkezi&#8217;nde ba\u015fantren\u00f6r Ergin Ataman idaresinde \u0130talya ma\u00e7\u0131 \u00f6ncesindeki son idman\u0131n\u0131 yapt\u0131.<\/p>\n<p>Basketbol Geli\u015fim Merkezi&#8217;nde oynanacak T\u00fcrkiye-\u0130talya m\u00fcsabakas\u0131, saat 20.30&#8217;da ba\u015flayacak.<\/p>\n<p>Bu ortada m\u00fcsabaka i\u00e7in sat\u0131\u015fa \u00e7\u0131kan biletlerin tamam\u0131 t\u00fckendi. U\u011fra\u015f, kapal\u0131 gi\u015fe oynanacak.<\/p>\n","protected":false},"excerpt":{"rendered":"<p>2025 Avrupa \u015eampiyonas\u0131 Elemeleri B K\u00fcmesi&#8217;nde \u0130talya&#8217;y\u0131 konuk edecek olan A Ulusal Erkek Basketbol Kadrosu, haz\u0131rl\u0131klar\u0131n\u0131 tamamlad\u0131.<\/p>\n","protected":false},"author":1,"featured_media":41101,"comment_status":"open","ping_status":"open","sticky":false,"template":"","format":"standard","meta":{"footnotes":""},"categories":[30],"tags":[],"class_list":["post-41100","post","type-post","status-publish","format-standard","has-post-thumbnail","hentry","category-spor"],"_links":{"self":[{"href":"https:\/\/ikimisli.tr\/index.php\/wp-json\/wp\/v2\/posts\/41100","targetHints":{"allow":["GET"]}}],"collection":[{"href":"https:\/\/ikimisli.tr\/index.php\/wp-json\/wp\/v2\/posts"}],"about":[{"href":"https:\/\/ikimisli.tr\/index.php\/wp-json\/wp\/v2\/types\/post"}],"author":[{"embeddable":true,"href":"https:\/\/ikimisli.tr\/index.php\/wp-json\/wp\/v2\/users\/1"}],"replies":[{"embeddable":true,"href":"https:\/\/ikimisli.tr\/index.php\/wp-json\/wp\/v2\/comments?post=41100"}],"version-history":[{"count":1,"href":"https:\/\/ikimisli.tr\/index.php\/wp-json\/wp\/v2\/posts\/41100\/revisions"}],"predecessor-version":[{"id":41102,"href":"https:\/\/ikimisli.tr\/index.php\/wp-json\/wp\/v2\/posts\/41100\/revisions\/41102"}],"wp:featuredmedia":[{"embeddable":true,"href":"https:\/\/ikimisli.tr\/index.php\/wp-json\/wp\/v2\/media\/41101"}],"wp:attachment":[{"href":"https:\/\/ikimisli.tr\/index.php\/wp-json\/wp\/v2\/media?parent=41100"}],"wp:term":[{"taxonomy":"category","embeddable":true,"href":"https:\/\/ikimisli.tr\/index.php\/wp-json\/wp\/v2\/categories?post=41100"},{"taxonomy":"post_tag","embeddable":true,"href":"https:\/\/ikimisli.tr\/index.php\/wp-json\/wp\/v2\/tags?post=41100"}],"curies":[{"name":"wp","href":"https:\/\/api.w.org\/{rel}","templated":true}]}}