{"id":41166,"date":"2025-05-21T12:24:29","date_gmt":"2025-05-21T12:24:29","guid":{"rendered":"https:\/\/ikimisli.tr\/?p=41166"},"modified":"2025-05-21T12:24:29","modified_gmt":"2025-05-21T12:24:29","slug":"harac-mezat-satilacak-cayirhanin-talibi-azaldi","status":"publish","type":"post","link":"https:\/\/ikimisli.tr\/index.php\/2025\/05\/21\/harac-mezat-satilacak-cayirhanin-talibi-azaldi\/","title":{"rendered":"Hara\u00e7 mezat sat\u0131lacak \u00c7ay\u0131rhan\u2019\u0131n talibi azald\u0131"},"content":{"rendered":"<p><em><strong>Cem YILDIRIM<\/strong><\/em><\/p>\n<p>\u0130ktidar\u0131n bug\u00fcne kadar satamad\u0131\u011f\u0131 devlete ili\u015fkin en b\u00fcy\u00fck g\u00fc\u00e7 tesislerinden \u00c7ay\u0131rhan\u2019\u0131n taliplileri azald\u0131, sendikac\u0131lar\u0131n \u201cihale \u015fartnamesi ald\u0131klar\u0131n\u0131 \u00f6ne s\u00fcrd\u00fc\u011f\u00fc Cengiz, Limak ve Polat Holding d\u00fcn \u00c7ay\u0131rhan\u2019a talip olmad\u0131klar\u0131n\u0131 a\u00e7\u0131klad\u0131lar.<\/p>\n<p><b>\u00dc\u00e7 \u015firketin S\u00d6ZC\u00dc\u2019ye yapt\u0131\u011f\u0131 a\u00e7\u0131klamalar \u015f\u00f6yle: <\/b><\/p>\n<p><strong>&#8211; Limak Holding:<\/strong> \u201cKesinlikle belirtmek isteriz ki, \u00c7ay\u0131rhan Termik Santrali ve alan\u0131 ihalesinde \u015fartname alan \u015firketler ortas\u0131nda Limak yer almamaktad\u0131r, kayna\u011f\u0131 me\u00e7hul bu sav as\u0131ls\u0131zd\u0131r ve tez dezenformasyona dayal\u0131d\u0131r.\u201d<\/p>\n<p><strong>&#8211; Cengiz Holding:<\/strong> \u201c\u00c7ay\u0131rhan Termik Santrali\u2019nin \u00f6zelle\u015ftirilme s\u00fcreciyle hi\u00e7bir ilgimiz bulunmamaktad\u0131r. \u0130hale evrak\u0131n\u0131 ald\u0131\u011f\u0131m\u0131za dair ileri s\u00fcr\u00fclen tez b\u00fcsb\u00fct\u00fcn yanl\u0131\u015ft\u0131r. \u00c7ay\u0131rhan ihale belgesini almad\u0131\u011f\u0131m\u0131z \u00fczere s\u00fcrece dair bir planlamam\u0131z da yoktur.\u201d<\/p>\n<p><strong>&#8211; Polat Holding:<\/strong> \u201c\u00c7ay\u0131rhan\u201d haberinde Polat Holding\u2019in isminin ge\u00e7ti\u011fi s\u00f6z\u00fcn ger\u00e7ek olmad\u0131\u011f\u0131n\u0131 ve ihale s\u00fcrecine kat\u0131lmad\u0131\u011f\u0131n\u0131 belirtmek isteriz. Haberde ge\u00e7en Polyak Eynez \u015firketi, Polat Holding\u2019in i\u015ftiraki de\u011fildir.\u201d<\/p>\n<p><img decoding=\"async\" src=\"https:\/\/ikimisli.tr\/wp-content\/uploads\/2025\/05\/harac-mezat-satilacak-cayirhanin-talibi-azaldi-0-DLIVr5S4.jpg\"\/><\/p>\n<p><b><span>\u0130\u015f\u00e7iler aksiyona ge\u00e7iyor<\/span><\/b><\/p>\n<p>\u00c7ay\u0131rhan Termik Santrali yok de\u011ferine sat\u0131lmak istenirken T\u00fcrkiye Maden \u0130\u015f\u00e7ileri Sendikas\u0131 Genel Ba\u015fkan\u0131 Nurettin Ak\u00e7ul S\u00d6ZC\u00dc\u2019ye konu\u015ftu. Ak\u00e7ul, \u201cH\u00fck\u00fcmetten olumlu bir a\u00e7\u0131klama gelene kadar hareketlerimiz s\u00fcrecek, yeni planlar\u0131m\u0131z\u0131 yapaca\u011f\u0131z. Bundan sonra at\u0131lacak ad\u0131mlar\u0131 personellerimiz ile bir ortada hayata ge\u00e7irece\u011fiz. Emek\u00e7i bu sat\u0131\u015fa boyun e\u011fmeyecek m\u00fcsaade vermeyecek\u201d dedi. Lider Ak\u00e7ul, \u201cSat\u0131\u015f\u0131n b\u00fcsb\u00fct\u00fcn iptal edilmesini talep ediyoruz. \u0130hale tarihini ertelemek tahlil olmaz, tek tahlil sat\u0131\u015ftan vazge\u00e7mektir\u201d diye konu\u015ftu. Birinci planda madende mahpus ve a\u00e7l\u0131k grevi var.<\/p>\n","protected":false},"excerpt":{"rendered":"<p>\u00c7ay\u0131rhan Termik Santrali\u2019nde \u00f6rg\u00fctl\u00fc Maden-\u0130\u015f Sendikas\u0131, \u00f6zelle\u015ftirme i\u00e7in 7 \u015firketin evrak ald\u0131\u011f\u0131n\u0131 belirtti. Sendikan\u0131n listesinde yer alan Cengiz, Limak ve Polat holding, \u00c7ay\u0131rhan ile ilgilenmediklerini a\u00e7\u0131klad\u0131.<\/p>\n","protected":false},"author":1,"featured_media":41167,"comment_status":"open","ping_status":"open","sticky":false,"template":"","format":"standard","meta":{"footnotes":""},"categories":[25],"tags":[5746,3482,206],"class_list":["post-41166","post","type-post","status-publish","format-standard","has-post-thumbnail","hentry","category-gundem","tag-cayirhan","tag-holding","tag-ihale"],"_links":{"self":[{"href":"https:\/\/ikimisli.tr\/index.php\/wp-json\/wp\/v2\/posts\/41166","targetHints":{"allow":["GET"]}}],"collection":[{"href":"https:\/\/ikimisli.tr\/index.php\/wp-json\/wp\/v2\/posts"}],"about":[{"href":"https:\/\/ikimisli.tr\/index.php\/wp-json\/wp\/v2\/types\/post"}],"author":[{"embeddable":true,"href":"https:\/\/ikimisli.tr\/index.php\/wp-json\/wp\/v2\/users\/1"}],"replies":[{"embeddable":true,"href":"https:\/\/ikimisli.tr\/index.php\/wp-json\/wp\/v2\/comments?post=41166"}],"version-history":[{"count":1,"href":"https:\/\/ikimisli.tr\/index.php\/wp-json\/wp\/v2\/posts\/41166\/revisions"}],"predecessor-version":[{"id":41169,"href":"https:\/\/ikimisli.tr\/index.php\/wp-json\/wp\/v2\/posts\/41166\/revisions\/41169"}],"wp:featuredmedia":[{"embeddable":true,"href":"https:\/\/ikimisli.tr\/index.php\/wp-json\/wp\/v2\/media\/41167"}],"wp:attachment":[{"href":"https:\/\/ikimisli.tr\/index.php\/wp-json\/wp\/v2\/media?parent=41166"}],"wp:term":[{"taxonomy":"category","embeddable":true,"href":"https:\/\/ikimisli.tr\/index.php\/wp-json\/wp\/v2\/categories?post=41166"},{"taxonomy":"post_tag","embeddable":true,"href":"https:\/\/ikimisli.tr\/index.php\/wp-json\/wp\/v2\/tags?post=41166"}],"curies":[{"name":"wp","href":"https:\/\/api.w.org\/{rel}","templated":true}]}}