{"id":41181,"date":"2025-05-21T13:12:18","date_gmt":"2025-05-21T13:12:18","guid":{"rendered":"https:\/\/ikimisli.tr\/?p=41181"},"modified":"2025-05-21T13:12:18","modified_gmt":"2025-05-21T13:12:18","slug":"ihtiyac-degil-rant-projesi","status":"publish","type":"post","link":"https:\/\/ikimisli.tr\/index.php\/2025\/05\/21\/ihtiyac-degil-rant-projesi\/","title":{"rendered":"\u0130htiya\u00e7 de\u011fil, rant projesi"},"content":{"rendered":"<p><em><strong>Ali Can POLAT<\/strong><\/em><\/p>\n<p>Bar\u0131nma meselesinin tepe yapt\u0131\u011f\u0131 bug\u00fcnlerde Etraf ve \u015eehircilik Bakanl\u0131\u011f\u0131\u2019ndan g\u00fcnl\u00fck, m\u00fcteahhit kurtarma kampanyas\u0131 geldi. Emlak konut arac\u0131l\u0131\u011f\u0131 ile hayata ge\u00e7irilen orta gelirlilere y\u00f6nelik konut kampanyas\u0131 duyuruldu. 3 \u00f6deme se\u00e7ene\u011fi ile sunulan kampanyada sat\u0131lan konutlar\u0131n en ucuzunun 5 milyon 650 bin TL oldu\u011fu belirtildi. Pe\u015finats\u0131z sat\u0131n alma se\u00e7ene\u011finde hesapland\u0131\u011f\u0131nda ayl\u0131k taksit mebla\u011f\u0131 125 bin TL oluyor. Kampanyaya ba\u015fvurmak i\u00e7in bir gelir k\u0131s\u0131tlamas\u0131 koyulmad\u0131. Lakin taban fiyat\u0131n 5.6 kat\u0131 olan bu ayl\u0131k taksiti \u00f6deyecek \u2018orta gelirli\u2019 vatanda\u015flar\u0131n iktisat team\u00fcllerine nazaran, gelirlerinin y\u00fczde 25\u2019ini konut gereksinimine ay\u0131rd\u0131\u011f\u0131 varsay\u0131l\u0131rsa ayl\u0131k toplam gelirlerinin 500 bin TL olmas\u0131 gerekiyor. Yani AKP, 500 bin TL kazanan bir ailenin orta gelirli oldu\u011funu kabul etmi\u015f oluyor. Bu mebla\u011f minimum fiyat\u0131n 22 kat\u0131na denk geliyor. Bu kampanya, \u00e7al\u0131\u015fanlar\u0131n y\u00fczde 46\u2019s\u0131n\u0131n taban fiyat ve civar\u0131nda fiyat ald\u0131\u011f\u0131 bilinen T\u00fcrkiye\u2019de orta s\u0131n\u0131f\u0131n kalmad\u0131\u011f\u0131n\u0131n da g\u00f6stergesi oldu. <\/p>\n<p><b>Yat\u0131r\u0131m \u00f6ncelikli<\/b><\/p>\n<p>Orta gelirliler i\u00e7in oldu\u011fu belirtilen bu kampanyaya toplumsal medyada da reaksiyon ya\u011fd\u0131. Ekonomist \u0130ris Cibre, toplumsal medya payla\u015f\u0131m\u0131nda, \u201c\u00d6ncelikle, birinci kere mesken sahibi olacaklara de\u011fil herkese hitap ediyor. B\u00fcy\u00fck yanl\u0131\u015f, \u00fclkede konut sahipli\u011fi y\u00fczde 54, insanlar\u0131 konut sahibi yapacaklar\u0131na, hala yat\u0131r\u0131m yapt\u0131rt\u0131yorlar. En d\u00fc\u015f\u00fck 61.5 bin TL taksit var Bu nas\u0131l orta ve dar gelirli kampanyas\u0131d\u0131r?\u201d tabirlerini kulland\u0131. Emlak dal\u0131 ise bu faiz imkan\u0131n\u0131n yaln\u0131zca Emlak Konut ile \u00e7al\u0131\u015fan \u00f6zel m\u00fcteahhitlerin projeleriyle sonlu kalmay\u0131p t\u00fcm dala yay\u0131lmas\u0131n\u0131 istedi. Konut Geli\u015ftiricileri ve Yat\u0131r\u0131mc\u0131lar\u0131 Derne\u011fi (KONUTDER) Ba\u015fkan\u0131 Ramadan Kumova, \u201cBu oranlar\u0131n kesimin geneline yay\u0131labilecek modellerin \u00fczerinde durulmas\u0131 gerekiyor\u201d dedi.<\/p>\n<p><b><span>Kampanya 4.500 adedi kaps\u0131yor<\/span><\/b><\/p>\n<p>\u0130stanbul ba\u015fta olmak \u00fczere \u0130zmir, Antalya ve Bal\u0131kesir\u2019deki Emlak Konut ve \u00f6zel \u015firket m\u00fcteahhitleri i\u015ftirakindeki 25 projede 4.500 ba\u011f\u0131ms\u0131z \u00fcnitesi kapsayan kampanyada 3 se\u00e7enek sunuluyor. Birinci se\u00e7enekte pe\u015finats\u0131z, ayl\u0131k y\u00fczde 0.99 vade fark\u0131 ile 60 aya kadar vade sunuluyor. \u0130kinci se\u00e7enekte birinci 12 ay boyunca taksit \u00f6demeleri Emlak Konut taraf\u0131ndan kar\u015f\u0131lan\u0131yor, y\u0131ll\u0131k y\u00fczde 1.29 vade fark\u0131 ile 60 aya kadar taksit imkan\u0131 sunuluyor. \u00dc\u00e7\u00fcnc\u00fc se\u00e7enekte leasing takviyeli bir finansman sa\u011flan\u0131yor 120 aya  kadar vade uygulanabiliyor, pe\u015finatla birlikte 6 milyonluk bir daireye 61.698 TL taksitle sahip olunabiliyor.<\/p>\n","protected":false},"excerpt":{"rendered":"<p>\u0130ktidar\u0131n \u2018orta gelirli\u2019 i\u00e7in duyurdu\u011fu kampanyada pe\u015finats\u0131z sat\u0131n al\u0131mlarda en d\u00fc\u015f\u00fck taksidin 125 bin TL olmas\u0131, \u201cHangi orta s\u0131n\u0131f bu?\u201d dedirtti. Emlak kesimi temsilcileri ise, \u201cBu vade herkese uygulanmal\u0131\u201d dedi.<\/p>\n","protected":false},"author":1,"featured_media":41182,"comment_status":"open","ping_status":"open","sticky":false,"template":"","format":"standard","meta":{"footnotes":""},"categories":[24],"tags":[47,1873,769,3924,5210],"class_list":["post-41181","post","type-post","status-publish","format-standard","has-post-thumbnail","hentry","category-ekonomi","tag-gelir","tag-kampanya","tag-konut","tag-orta","tag-taksit"],"_links":{"self":[{"href":"https:\/\/ikimisli.tr\/index.php\/wp-json\/wp\/v2\/posts\/41181","targetHints":{"allow":["GET"]}}],"collection":[{"href":"https:\/\/ikimisli.tr\/index.php\/wp-json\/wp\/v2\/posts"}],"about":[{"href":"https:\/\/ikimisli.tr\/index.php\/wp-json\/wp\/v2\/types\/post"}],"author":[{"embeddable":true,"href":"https:\/\/ikimisli.tr\/index.php\/wp-json\/wp\/v2\/users\/1"}],"replies":[{"embeddable":true,"href":"https:\/\/ikimisli.tr\/index.php\/wp-json\/wp\/v2\/comments?post=41181"}],"version-history":[{"count":1,"href":"https:\/\/ikimisli.tr\/index.php\/wp-json\/wp\/v2\/posts\/41181\/revisions"}],"predecessor-version":[{"id":41183,"href":"https:\/\/ikimisli.tr\/index.php\/wp-json\/wp\/v2\/posts\/41181\/revisions\/41183"}],"wp:featuredmedia":[{"embeddable":true,"href":"https:\/\/ikimisli.tr\/index.php\/wp-json\/wp\/v2\/media\/41182"}],"wp:attachment":[{"href":"https:\/\/ikimisli.tr\/index.php\/wp-json\/wp\/v2\/media?parent=41181"}],"wp:term":[{"taxonomy":"category","embeddable":true,"href":"https:\/\/ikimisli.tr\/index.php\/wp-json\/wp\/v2\/categories?post=41181"},{"taxonomy":"post_tag","embeddable":true,"href":"https:\/\/ikimisli.tr\/index.php\/wp-json\/wp\/v2\/tags?post=41181"}],"curies":[{"name":"wp","href":"https:\/\/api.w.org\/{rel}","templated":true}]}}