{"id":41213,"date":"2025-05-21T14:48:10","date_gmt":"2025-05-21T14:48:10","guid":{"rendered":"https:\/\/ikimisli.tr\/?p=41213"},"modified":"2025-05-21T14:48:10","modified_gmt":"2025-05-21T14:48:10","slug":"egitimde-yeni-tartisma-ilk-sinyal-verilmisti-rapor-ortaya-cikti","status":"publish","type":"post","link":"https:\/\/ikimisli.tr\/index.php\/2025\/05\/21\/egitimde-yeni-tartisma-ilk-sinyal-verilmisti-rapor-ortaya-cikti\/","title":{"rendered":"E\u011fitimde yeni tart\u0131\u015fma: \u0130lk sinyal verilmi\u015fti, rapor ortaya \u00e7\u0131kt\u0131"},"content":{"rendered":"<p>E\u011fitim derneklerinin \u00e7al\u0131\u015ftay sonu\u00e7 raporunda \u00fcniversite e\u011fitiminin i\u015fsizli\u011fi art\u0131rd\u0131\u011f\u0131 ileri s\u00fcr\u00fcld\u00fc.<\/p>\n<p>Enderun \u00d6zg\u00fcn E\u011fitimciler Derne\u011fi, Maarif Platformu ve Medeniyet Enstit\u00fcs\u00fc, &#8220;T\u00fcrk E\u011fitim Sistemi ve Zarur\u00ee E\u011fitimin Yans\u0131malar\u0131&#8221; ba\u015fl\u0131kl\u0131 \u00e7al\u0131\u015ftay\u0131n sonu\u00e7lar\u0131n\u0131 payla\u015ft\u0131. \u00c7al\u0131\u015ftayda, zarur\u00ee e\u011fitim m\u00fchletinin k\u0131salt\u0131lmas\u0131, bran\u015fla\u015fman\u0131n erken yap\u0131lmas\u0131 ve s\u0131n\u0131f ge\u00e7me y\u00f6netmeli\u011finin g\u00f6zden ge\u00e7irilmesi gerekti\u011fi belirtildi.<\/p>\n<p>Ayr\u0131ca, her \u00f6\u011frenciyi birebir d\u00fczeye getiren sistemin e\u011fitimi \u00e7\u0131kmaza s\u00fcr\u00fckledi\u011fi ve \u00fcniversite e\u011fitiminin i\u015fsizli\u011fi art\u0131rd\u0131\u011f\u0131 vurguland\u0131.<\/p>\n<p>T\u00fcrkiye Gazetesi&#8217;nden Mahmut \u00d6zay imzal\u0131 habere nazaran, kelam konusu raporda \u00f6ne \u00e7\u0131kan tespitler \u00f6zetle \u015f\u00f6yle:<\/p>\n<p>Zorunlu e\u011fitim uygulamas\u0131, e\u011fitimi bir hak de\u011fil dayatma arac\u0131 h\u00e2line getirmekte.<\/p>\n<p>Lise ve \u00fcniversitelerimiz her \u00f6\u011frencinin \u00e7ar\u00e7abuk mezun oldu\u011fu yap\u0131 ve anlay\u0131\u015ftan kurtar\u0131lmal\u0131.<\/p>\n<p>Herkesi mezun edip diploma sahibi yapmak \u00fczerine kurulmu\u015f sistemi \u00f6ncelikle de\u011fi\u015ftirmeliyiz.<\/p>\n<p>Zorunlu e\u011fitim m\u00fchleti d\u00fc\u015f\u00fcr\u00fclmeli, bran\u015fla\u015fma yani y\u00f6nlendirme erkene \u00e7ekilmeli, s\u0131n\u0131f ge\u00e7me y\u00f6netmeli\u011fi tekrar g\u00f6zden ge\u00e7irmeli ve bitirme imtihanlar\u0131 geri gelmeli.<\/p>\n<p>Zorunlu lise e\u011fitimi alg\u0131 noktas\u0131nda zarur\u00ee bir \u00fcniversite e\u011fitimini do\u011furdu\u011fu i\u00e7in \u00fcniversite \u00f6\u011frencisi olmak i\u015fsizli\u011fin yeni ismi olmu\u015ftur.<\/p>\n<p>\u00dcniversite \u00e7a\u011f\u0131na gelen bir \u00e7ocu\u011fun art\u0131k end\u00fcstrinin en b\u00fcy\u00fck muhta\u00e7l\u0131\u011f\u0131 olan i\u015f al\u0131\u015fkanl\u0131klar\u0131na ve mesleksel maharetlere sahip nitelikli eleman olma ihtimali kalmam\u0131\u015ft\u0131r.<\/p>\n<p>4 + 4 + 4 olarak tan\u0131m edilen e\u011fitim sisteminin \u00f6ncelikle \u00fc\u00e7\u00fcnc\u00fc d\u00f6rt y\u0131ll\u0131k k\u0131sm\u0131 zarur\u00ee olmaktan bir an evvel \u00e7\u0131kar\u0131lmal\u0131 ve okumak isteyenler i\u00e7in \u00fc\u00e7 y\u0131la d\u00fc\u015f\u00fcr\u00fclmeli.<\/p>\n<p>12 y\u0131ll\u0131k zarur\u00ee e\u011fitimin bilhassa son d\u00f6rt y\u0131ll\u0131k diliminin, yani lise k\u0131sm\u0131n\u0131n mecbur\u00ee olmas\u0131; okullardaki ders ba\u015far\u0131s\u0131zl\u0131\u011f\u0131n\u0131n, d\u00fczensizli\u011fin, disiplin s\u0131k\u0131nt\u0131lar\u0131n\u0131n, suistimallerin ve kalite d\u00fc\u015f\u00fckl\u00fc\u011f\u00fcn\u00fcn en \u00f6nemli temel sebeplerinden birisi.<\/p>\n<p>\u00dclkemizde b\u00fcy\u00fck \u00e7apta orta eleman eksikli\u011fi oldu\u011fu bilinmekte. Bu a\u00e7\u0131\u011f\u0131n kapat\u0131lmas\u0131 i\u00e7in \u00f6ncelikle \u00f6\u011frencilerin b\u00fcy\u00fck k\u0131sm\u0131n\u0131 mesleksel e\u011fitime y\u00f6nlendiren bir uygulamaya ge\u00e7ilmesi gerekmekte.<\/p>\n<p>Meslek liseleri m\u00fchendis olman\u0131n ilk basama\u011f\u0131 olarak g\u00f6sterilebilir. \u0130\u00e7erikleri de bu ba\u011flamda yenilenerek prestij kazand\u0131r\u0131l\u0131p m\u00fchendis olmak isteyen \u00f6\u011frencilerimizin \u00f6ncelikli tercih edece\u011fi h\u00e2le d\u00f6n\u00fc\u015ft\u00fcr\u00fclebilir.<\/p>\n<p>Mill\u00ee E\u011fitim Bakanl\u0131\u011f\u0131nda, yakla\u015f\u0131k iki y\u0131ld\u0131r s\u00fcren ve ismi \u201cT\u00fcrkiye Y\u00fczy\u0131l\u0131 Maarif Modeli\u201d olan geni\u015f \u00e7apl\u0131 yenilik \u00e7al\u0131\u015fmalar\u0131 s\u00fcrmekte. Bu \u00e7er\u00e7evede, mecbur\u00ee e\u011fitim kald\u0131r\u0131lmad\u0131k\u00e7a, \u00f6\u011frenci \u00e7o\u011funlu\u011funu mesle\u011fe y\u00f6nlendiren yenilik\u00e7i teknikler hayata ge\u00e7irilmedik\u00e7e, ortaya konan vizyon e\u011fitimciler taraf\u0131ndan gere\u011fince sahiplenilmedik\u00e7e m\u00fcfredat d\u00f6n\u00fc\u015f\u00fcmlerinin tesiri zay\u0131f kalacak.<\/p>\n<p>\u00dcniversitelerde k\u0131s\u0131mlar\u0131n kontenjanlar\u0131 talebe nazaran de\u011fil \u00fclkemizin gereksinimlerine, n\u00fcfusa ve istihdam imk\u00e2nlar\u0131na nazaran planlanmal\u0131, kontenjanlar belirlenirken pop\u00fclist yakla\u015f\u0131mlardan uzak durulmal\u0131.<\/p>\n","protected":false},"excerpt":{"rendered":"<p>Mill\u00ee E\u011fitim Bakan\u0131, 2012 y\u0131l\u0131nda ba\u015flayan 4+4+4 e\u011fitim sisteminden d\u00f6n\u00fc\u015f sinyali verdi. Buna olumlu yakla\u015fan e\u011fitim dernekleri haz\u0131rlad\u0131klar\u0131 raporda, \u201cLise kesinlikle 3 y\u0131l olmal\u0131. 4+4+3 sistemine ge\u00e7ilmeli. Zarur\u00ee e\u011fitim dayat\u0131lmamal\u0131. Bran\u015f y\u00f6nlendirmesi erkene \u00e7ekilmeli\u201d tekliflerinde bulundu.<\/p>\n","protected":false},"author":1,"featured_media":41214,"comment_status":"open","ping_status":"open","sticky":false,"template":"","format":"standard","meta":{"footnotes":""},"categories":[23],"tags":[1328,658,576,6264],"class_list":["post-41213","post","type-post","status-publish","format-standard","has-post-thumbnail","hentry","category-egitim","tag-egitim","tag-ogrenci","tag-universite","tag-zorunlu-egitim"],"_links":{"self":[{"href":"https:\/\/ikimisli.tr\/index.php\/wp-json\/wp\/v2\/posts\/41213","targetHints":{"allow":["GET"]}}],"collection":[{"href":"https:\/\/ikimisli.tr\/index.php\/wp-json\/wp\/v2\/posts"}],"about":[{"href":"https:\/\/ikimisli.tr\/index.php\/wp-json\/wp\/v2\/types\/post"}],"author":[{"embeddable":true,"href":"https:\/\/ikimisli.tr\/index.php\/wp-json\/wp\/v2\/users\/1"}],"replies":[{"embeddable":true,"href":"https:\/\/ikimisli.tr\/index.php\/wp-json\/wp\/v2\/comments?post=41213"}],"version-history":[{"count":1,"href":"https:\/\/ikimisli.tr\/index.php\/wp-json\/wp\/v2\/posts\/41213\/revisions"}],"predecessor-version":[{"id":41215,"href":"https:\/\/ikimisli.tr\/index.php\/wp-json\/wp\/v2\/posts\/41213\/revisions\/41215"}],"wp:featuredmedia":[{"embeddable":true,"href":"https:\/\/ikimisli.tr\/index.php\/wp-json\/wp\/v2\/media\/41214"}],"wp:attachment":[{"href":"https:\/\/ikimisli.tr\/index.php\/wp-json\/wp\/v2\/media?parent=41213"}],"wp:term":[{"taxonomy":"category","embeddable":true,"href":"https:\/\/ikimisli.tr\/index.php\/wp-json\/wp\/v2\/categories?post=41213"},{"taxonomy":"post_tag","embeddable":true,"href":"https:\/\/ikimisli.tr\/index.php\/wp-json\/wp\/v2\/tags?post=41213"}],"curies":[{"name":"wp","href":"https:\/\/api.w.org\/{rel}","templated":true}]}}