{"id":41264,"date":"2025-05-21T18:00:24","date_gmt":"2025-05-21T18:00:24","guid":{"rendered":"https:\/\/ikimisli.tr\/?p=41264"},"modified":"2025-05-21T18:00:24","modified_gmt":"2025-05-21T18:00:24","slug":"libyada-toplu-mezarlarda-93-gocmenin-cesedi-bulundu","status":"publish","type":"post","link":"https:\/\/ikimisli.tr\/index.php\/2025\/05\/21\/libyada-toplu-mezarlarda-93-gocmenin-cesedi-bulundu\/","title":{"rendered":"Libya\u2019da toplu mezarlarda 93 g\u00f6\u00e7menin cesedi bulundu"},"content":{"rendered":"<p>BM&#8217;nin yay\u0131nlad\u0131\u011f\u0131 yeni bir rapora nazaran , g\u00fcvenlik g\u00fc\u00e7lerinin yasad\u0131\u015f\u0131 insan ticareti \u015febekelerine y\u00f6nelik operasyonlar\u0131 s\u0131ras\u0131nda Libya&#8217;da yeni ortaya \u00e7\u0131kar\u0131lan iki toplu mezardan \u015fu ana kadar 93 ceset \u00e7\u0131kar\u0131ld\u0131\u011f\u0131 a\u00e7\u0131kland\u0131. BM Siyasi \u0130\u015fler Genel Sekreter Yard\u0131mc\u0131s\u0131 Rosemary DiCarlo, BM G\u00fcvenlik Kurulu toplant\u0131s\u0131nda yapt\u0131\u011f\u0131 konu\u015fmada, &#8220;\u0130nsan ticareti yap\u0131lan yerlere d\u00fczenlenen bask\u0131nlar\u0131n akabinde ortaya \u00e7\u0131kan rahats\u0131z edici ve trajik toplu mezarlar, Libya&#8217;daki g\u00f6\u00e7menlerin kar\u015f\u0131 kar\u015f\u0131ya oldu\u011fu \u00f6nemli tehlikeyi g\u00f6zler \u00f6n\u00fcne seriyor.&#8221; dedi.<\/p>\n<p>BM&#8217;nin yay\u0131nlad\u0131\u011f\u0131 yeni bir rapora nazaran , g\u00fcvenlik g\u00fc\u00e7lerinin yasad\u0131\u015f\u0131 insan ticareti \u015febekelerine y\u00f6nelik operasyonlar\u0131 s\u0131ras\u0131nda Libya&#8217;da yeni ortaya \u00e7\u0131kar\u0131lan iki toplu mezardan \u015fu ana kadar 93 ceset \u00e7\u0131kar\u0131ld\u0131\u011f\u0131 a\u00e7\u0131kland\u0131. BM Siyasi \u0130\u015fler Genel Sekreter Yard\u0131mc\u0131s\u0131 Rosemary DiCarlo, BM G\u00fcvenlik Kurulu toplant\u0131s\u0131nda yapt\u0131\u011f\u0131 konu\u015fmada, &#8220;\u0130nsan ticareti yap\u0131lan yerlere d\u00fczenlenen bask\u0131nlar\u0131n akabinde ortaya \u00e7\u0131kan rahats\u0131z edici ve trajik toplu mezarlar, Libya&#8217;daki g\u00f6\u00e7menlerin kar\u015f\u0131 kar\u015f\u0131ya oldu\u011fu \u00f6nemli tehlikeyi g\u00f6zler \u00f6n\u00fcne seriyor.7 \u015eubat&#8217;ta Libya&#8217;n\u0131n kuzeydo\u011fusundaki Cihara b\u00f6lgesindeki bir \u00e7iftlikte toplu mezar bulundu, sonraki g\u00fcn de g\u00fcneydo\u011fudaki Kufra kasabas\u0131nda \u00f6b\u00fcr bir toplu mezar daha bulundu&#8221; dedi.<\/p>\n<p>&#8220;Bug\u00fcne kadar Cihara ve Kufra&#8217;da 93 ceset \u00e7\u0131kar\u0131ld\u0131&#8221; diyen Rosemary DiCarlo hangi b\u00f6lgede ka\u00e7 ceset bulundu\u011funu belirtmeden, \u00fclkede \u00e7ocuklar\u0131n da ortalar\u0131nda bulundu\u011fu g\u00f6\u00e7menlerin maruz kald\u0131\u011f\u0131 &#8220;ac\u0131mas\u0131z ve insanl\u0131k d\u0131\u015f\u0131 muameleyi&#8221; k\u0131nad\u0131.<\/p>\n<p>Libya Ba\u015fsavc\u0131l\u0131\u011f\u0131, 10 g\u00fcn evvel, Kufra b\u00f6lgesinde ka\u00e7ak\u00e7\u0131lar\u0131n i\u015fgal etti\u011fi ve 76 g\u00f6\u00e7menin &#8220;esir tutuldu\u011fu&#8221; bir b\u00f6lgede yap\u0131lan operasyonda ortaya \u00e7\u0131kar\u0131lan toplu mezarda, Sahra Alt\u0131 Afrika \u00fclkelerinden gelen 28 g\u00f6\u00e7menin cesedinin bulundu\u011funu duyurmu\u015ftu.<\/p>\n<p>Savc\u0131l\u0131k, soru\u015fturma sonucunda &#8220;D\u00fczensiz g\u00f6\u00e7menleri ka\u00e7\u0131ran, azap yapan, zalimce, a\u015fa\u011f\u0131lay\u0131c\u0131 ve insanl\u0131k d\u0131\u015f\u0131 muameleye maruz b\u0131rakan bir \u00e7etenin varl\u0131\u011f\u0131n\u0131n&#8221; ortaya \u00e7\u0131kar\u0131ld\u0131\u011f\u0131n\u0131 belirtti.<\/p>\n<p>Uluslararas\u0131 G\u00f6\u00e7 \u00d6rg\u00fct\u00fc daha sonra Cihara&#8217;da 19 cesedin bulundu\u011fu ikinci bir toplu mezar\u0131n ke\u015ffedildi\u011fini bildirirken Kufra&#8217;daki toplu mezarda 70&#8217;e kadar ceset olabilece\u011fini vurgulad\u0131.<\/p>\n<p>\u0130talya k\u0131y\u0131lar\u0131na yakla\u015f\u0131k 300 kilometre uzakl\u0131kta bulunan ve 2011 y\u0131l\u0131nda Albay Muammer Kaddafi rejiminin devrilmesinin akabinde kaosa s\u00fcr\u00fcklenen Libya, giderek Akdeniz \u00fczerinden Avrupa&#8217;ya sistemsiz g\u00f6\u00e7\u00fcn merkezi haline geldi.<\/p>\n","protected":false},"excerpt":{"rendered":"<p>Libya\u2019n\u0131n Cihara ve Kufra kentlerindeki iki toplu mezarda insan ka\u00e7ak\u00e7\u0131lar\u0131n\u0131n kurban\u0131 oldu\u011fu \u00f6ne s\u00fcr\u00fclen 93 g\u00f6\u00e7menin cesedi bulundu.<\/p>\n","protected":false},"author":1,"featured_media":41265,"comment_status":"open","ping_status":"open","sticky":false,"template":"","format":"standard","meta":{"footnotes":""},"categories":[25],"tags":[1397,2290,711,2441,6272],"class_list":["post-41264","post","type-post","status-publish","format-standard","has-post-thumbnail","hentry","category-gundem","tag-ceset","tag-goc","tag-insan","tag-libya","tag-toplu-mezar"],"_links":{"self":[{"href":"https:\/\/ikimisli.tr\/index.php\/wp-json\/wp\/v2\/posts\/41264","targetHints":{"allow":["GET"]}}],"collection":[{"href":"https:\/\/ikimisli.tr\/index.php\/wp-json\/wp\/v2\/posts"}],"about":[{"href":"https:\/\/ikimisli.tr\/index.php\/wp-json\/wp\/v2\/types\/post"}],"author":[{"embeddable":true,"href":"https:\/\/ikimisli.tr\/index.php\/wp-json\/wp\/v2\/users\/1"}],"replies":[{"embeddable":true,"href":"https:\/\/ikimisli.tr\/index.php\/wp-json\/wp\/v2\/comments?post=41264"}],"version-history":[{"count":1,"href":"https:\/\/ikimisli.tr\/index.php\/wp-json\/wp\/v2\/posts\/41264\/revisions"}],"predecessor-version":[{"id":41266,"href":"https:\/\/ikimisli.tr\/index.php\/wp-json\/wp\/v2\/posts\/41264\/revisions\/41266"}],"wp:featuredmedia":[{"embeddable":true,"href":"https:\/\/ikimisli.tr\/index.php\/wp-json\/wp\/v2\/media\/41265"}],"wp:attachment":[{"href":"https:\/\/ikimisli.tr\/index.php\/wp-json\/wp\/v2\/media?parent=41264"}],"wp:term":[{"taxonomy":"category","embeddable":true,"href":"https:\/\/ikimisli.tr\/index.php\/wp-json\/wp\/v2\/categories?post=41264"},{"taxonomy":"post_tag","embeddable":true,"href":"https:\/\/ikimisli.tr\/index.php\/wp-json\/wp\/v2\/tags?post=41264"}],"curies":[{"name":"wp","href":"https:\/\/api.w.org\/{rel}","templated":true}]}}