{"id":41297,"date":"2025-05-21T19:48:18","date_gmt":"2025-05-21T19:48:18","guid":{"rendered":"https:\/\/ikimisli.tr\/?p=41297"},"modified":"2025-05-21T19:48:18","modified_gmt":"2025-05-21T19:48:18","slug":"yine-oynamayan-arda-gulere-cagri-realden-ayril","status":"publish","type":"post","link":"https:\/\/ikimisli.tr\/index.php\/2025\/05\/21\/yine-oynamayan-arda-gulere-cagri-realden-ayril\/","title":{"rendered":"Yine oynamayan Arda G\u00fcler&#8217;e \u00e7a\u011fr\u0131! &#8216;Real&#8217;den ayr\u0131l&#8217;"},"content":{"rendered":"<p>UEFA \u015eampiyonlar Ligi play-off \u00e7e\u015fidi r\u00f6van\u015f\u0131nda Real Madrid, Santiago Bernab\u00e9u\u2019da Manchester City\u2019yi 3-1 ma\u011flup ederek son 16 tipine y\u00fckseldi. Ma\u00e7\u0131n kahraman\u0131 hat-trick yapan Kylian Mbappe olurken, gen\u00e7 yetenek Arda G\u00fcler\u2019in m\u00fchlet alamamas\u0131 futbolseverlerin yans\u0131s\u0131n\u0131 \u00e7ekti.<\/p>\n<p><b>MBAPPE\u2019DEN TAR\u0130H\u0130 PERFORMANS<\/b><\/p>\n<p>Real Madrid\u2019in Frans\u0131z muhte\u015fem y\u0131ld\u0131z\u0131 Kylian Mbappe, 4, 33 ve 61. dakikalarda a\u011flar\u0131 havaland\u0131rarak grubunu galibiyete ta\u015f\u0131d\u0131. Manchester City\u2019nin tek gol\u00fc ise 90+2\u2019de Nico Gonzalez\u2019den geldi.<\/p>\n<p>\u0130lk ma\u00e7\u0131 da kazanan Real Madrid, toplam 6-2\u2019lik skorla \u015eampiyonlar Ligi\u2019nde ismini son 16 cinsine yazd\u0131rd\u0131.<\/p>\n<p><b>SOSYAL MEDYA MBAPPE\u2019N\u0130N SEV\u0130NC\u0130N\u0130 KONU\u015eTU<\/b><\/p>\n<p>Mbappe\u2019nin att\u0131\u011f\u0131 goller kadar gol sevinci de b\u00fcy\u00fck yank\u0131 uyand\u0131rd\u0131. Y\u0131ld\u0131z oyuncunun golden sonra yapt\u0131\u011f\u0131 hareketler, toplumsal medyada Real Madrid taraftarlar\u0131n\u0131n co\u015fkusunu art\u0131r\u0131rken, futbol d\u00fcnyas\u0131nda geni\u015f yank\u0131 buldu.<\/p>\n<p><b>ARDA G\u00dcLER\u2019E FORMA TAL\u0130H\u0130 YOK: ANCELOTT\u0130\u2019YE B\u00dcY\u00dcK TEPK\u0130<\/b><\/p>\n<p>Ma\u00e7 tak\u0131m\u0131nda yer almas\u0131na kar\u015f\u0131n alana \u00e7\u0131kamayan Arda G\u00fcler, T\u00fcrk futbolseverleri hayal k\u0131r\u0131kl\u0131\u011f\u0131na u\u011fratt\u0131. Teknik y\u00f6netici Carlo Ancelotti\u2019nin gen\u00e7 oyuncuya m\u00fchlet vermemesi, b\u00fcy\u00fck tenkitlere neden oldu.<\/p>\n<p>#ArdaG\u00fcler etiketi toplumsal medyada k\u0131sa m\u00fcddette trend olurken, binlerce futbolsever Ancelotti&#8217;nin karar\u0131na reaksiyon g\u00f6sterdi. Taraftarlar, gen\u00e7 yetene\u011fin daha fazla m\u00fchlet almas\u0131 gerekti\u011fini savundu.<\/p>\n<p><b>REAL MADRID SON 16 TURUNDA! SIRADAK\u0130 RAK\u0130P BEKLEN\u0130YOR<\/b><\/p>\n<p>Bu galibiyetle \u015eampiyonlar Ligi\u2019ndeki sav\u0131n\u0131 s\u00fcrd\u00fcren Real Madrid, son 16 cinsindeki rakibini beklemeye ba\u015flad\u0131. Turnuvan\u0131n favorileri ortas\u0131nda g\u00f6sterilen \u0130spanyol tak\u0131m\u0131, kupaya bir ad\u0131m daha yakla\u015f\u0131rken, UEFA\u2019n\u0131n yapaca\u011f\u0131 kura \u00e7ekimi sonras\u0131 yeni rakibini \u00f6\u011frenecek.<\/p>\n<p>T\u00fcm g\u00f6zler, Real Madrid\u2019in yoluna nas\u0131l devam edece\u011fine ve Arda G\u00fcler\u2019in bundan sonraki s\u00fcre\u00e7te nas\u0131l bir rol alaca\u011f\u0131na \u00e7evrildi.<\/p>\n<p><b>&#8216;B\u00d6YLE OLMAZ! AYRIL!&#8217;<\/b><\/p>\n<p>Kar\u015f\u0131la\u015fman\u0131n yorumcusu olan \u00d6mer \u00dcr\u00fcnd\u00fcl, Arda G\u00fcler ile ilgili, &#8220;Ma\u00e7 3-0 olmu\u015f. Bitime 8 dakika var. Modric&#8217;i alman\u0131n manas\u0131 ne? \u015eu ma\u00e7ta Arda G\u00fcler&#8217;i oynatm\u0131yorsun. Arda G\u00fcler&#8217;in d\u00f6nem sonu kesinlikle Real Madrid&#8217;den ayr\u0131lmas\u0131 laz\u0131m. Bu t\u00fcrl\u00fc olmaz yani. Yaz\u0131k.&#8221; tabirlerini kulland\u0131.<\/p>\n<p>Real Madrid&#8217;de bu d\u00f6nem 27 ma\u00e7ta 967 dakika m\u00fcddet bulan 19 ya\u015f\u0131ndaki futbolcu, 3 gol att\u0131 ve 5 asist yapt\u0131.<\/p>\n","protected":false},"excerpt":{"rendered":"<p>UEFA \u015eampiyonlar Ligi play-off r\u00f6van\u015f\u0131nda \u0130spanya&#8217;da Manchester City\u2019yi 3-1 ma\u011flup eden Real Madrid&#8217;de g\u00fcndem yeniden Arda G\u00fcler&#8217;di. 3-0&#8217;a gelen ma\u00e7ta son k\u0131s\u0131mda tekrar oyuna al\u0131nmayan Arda i\u00e7in &#8216;ayr\u0131l&#8217; daveti geldi.<\/p>\n","protected":false},"author":1,"featured_media":41298,"comment_status":"open","ping_status":"open","sticky":false,"template":"","format":"standard","meta":{"footnotes":""},"categories":[30],"tags":[721,1052,229,1194,193],"class_list":["post-41297","post","type-post","status-publish","format-standard","has-post-thumbnail","hentry","category-spor","tag-arda-guler","tag-futbol","tag-mac","tag-real-madrid","tag-sure"],"_links":{"self":[{"href":"https:\/\/ikimisli.tr\/index.php\/wp-json\/wp\/v2\/posts\/41297","targetHints":{"allow":["GET"]}}],"collection":[{"href":"https:\/\/ikimisli.tr\/index.php\/wp-json\/wp\/v2\/posts"}],"about":[{"href":"https:\/\/ikimisli.tr\/index.php\/wp-json\/wp\/v2\/types\/post"}],"author":[{"embeddable":true,"href":"https:\/\/ikimisli.tr\/index.php\/wp-json\/wp\/v2\/users\/1"}],"replies":[{"embeddable":true,"href":"https:\/\/ikimisli.tr\/index.php\/wp-json\/wp\/v2\/comments?post=41297"}],"version-history":[{"count":1,"href":"https:\/\/ikimisli.tr\/index.php\/wp-json\/wp\/v2\/posts\/41297\/revisions"}],"predecessor-version":[{"id":41299,"href":"https:\/\/ikimisli.tr\/index.php\/wp-json\/wp\/v2\/posts\/41297\/revisions\/41299"}],"wp:featuredmedia":[{"embeddable":true,"href":"https:\/\/ikimisli.tr\/index.php\/wp-json\/wp\/v2\/media\/41298"}],"wp:attachment":[{"href":"https:\/\/ikimisli.tr\/index.php\/wp-json\/wp\/v2\/media?parent=41297"}],"wp:term":[{"taxonomy":"category","embeddable":true,"href":"https:\/\/ikimisli.tr\/index.php\/wp-json\/wp\/v2\/categories?post=41297"},{"taxonomy":"post_tag","embeddable":true,"href":"https:\/\/ikimisli.tr\/index.php\/wp-json\/wp\/v2\/tags?post=41297"}],"curies":[{"name":"wp","href":"https:\/\/api.w.org\/{rel}","templated":true}]}}