{"id":41330,"date":"2025-05-21T21:36:29","date_gmt":"2025-05-21T21:36:29","guid":{"rendered":"https:\/\/ikimisli.tr\/?p=41330"},"modified":"2025-05-21T21:36:29","modified_gmt":"2025-05-21T21:36:29","slug":"beyaz-sarayin-resmi-sayfasi-paylasti-kral-trump","status":"publish","type":"post","link":"https:\/\/ikimisli.tr\/index.php\/2025\/05\/21\/beyaz-sarayin-resmi-sayfasi-paylasti-kral-trump\/","title":{"rendered":"Beyaz Saray&#8217;\u0131n resmi sayfas\u0131 payla\u015ft\u0131: &#8216;Kral Trump!&#8217;"},"content":{"rendered":"<p>D\u00fcn Beyaz Saray&#8217;\u0131n resmi X toplumsal medya platformu sayfas\u0131nda payla\u015f\u0131lan g\u00f6nder, g\u00f6renlerde e\u015fit \u00f6l\u00e7\u00fcde \u015fa\u015fk\u0131nl\u0131k ve kayg\u0131 uyand\u0131rd\u0131.<\/p>\n<p><img decoding=\"async\" src=\"https:\/\/ikimisli.tr\/wp-content\/uploads\/2025\/05\/beyaz-sarayin-resmi-sayfasi-paylasti-kral-trump-0-KOkfcTfP.png\"\/><\/p>\n<p>Ta\u00e7 takm\u0131\u015f, New York siluetinin \u00f6n\u00fcnde poz veren Trump&#8217;\u0131n bir portresini payla\u015fan Beyaz Saray hesab\u0131, portrenin sol alt k\u00f6\u015fesine &#8220;Kral \u00e7ok ya\u015fa&#8221; yaz\u0131s\u0131n\u0131 ili\u015ftirdi.<\/p>\n<p>G\u00f6nderide ise, &#8220;Yo\u011fun trafik fiyatlar\u0131 \u00f6ld\u00fc. Manhattan ve t\u00fcm New York kurtuldu. Ya\u015fas\u0131n Kral!&#8221; payla\u015f\u0131m\u0131 yap\u0131ld\u0131. Bu s\u00f6zleri ise Donald Trump&#8217;\u0131n s\u00f6yledi\u011fi belirtildi.<\/p>\n<p>\u0130ngiltere Krall\u0131\u011f\u0131&#8217;ndan ABD Ba\u011f\u0131ms\u0131zl\u0131k Sava\u015f\u0131&#8217;yla ayr\u0131lan ve monar\u015fi ayk\u0131r\u0131l\u0131\u011f\u0131yla bilinen ABD&#8217;de, bu payla\u015f\u0131m yans\u0131larla birlikte geldi. Birtak\u0131m toplumsal medya kullan\u0131c\u0131lar\u0131, payla\u015f\u0131m\u0131 bir latife olarak de\u011ferlendirirken, kimileriyle &#8220;ABD&#8217;nin bir h\u00fck\u00fcmdar\u0131 olmad\u0131\u011f\u0131n\u0131&#8221; hat\u0131rlatt\u0131.<\/p>\n<p><img decoding=\"async\" src=\"https:\/\/ikimisli.tr\/wp-content\/uploads\/2025\/05\/beyaz-sarayin-resmi-sayfasi-paylasti-kral-trump-1-YnIGiS6K.jpg\"\/><\/p>\n<p><b>&#8216;ABD&#8217;N\u0130N DE\u011e\u0130L, NEW YORK&#8217;UN KRALI&#8217;<\/b><\/p>\n<p>Kapa\u011f\u0131n, Trump&#8217;\u0131 &#8220;ABD&#8217;nin kral\u0131&#8221; de\u011fil, New York&#8217;un h\u00fck\u00fcmdar\u0131 olarak tasvir etti\u011fi s\u00f6ylendi. Trump idaresi, \u00c7ar\u015famba g\u00fcn\u00fc New York kentinin trafik s\u0131k\u0131\u015f\u0131kl\u0131\u011f\u0131n\u0131 azaltmay\u0131 ve eskiyen metro ile otob\u00fcs sistemlerini uygunla\u015ft\u0131rmak i\u00e7in gelir sa\u011flamay\u0131 ama\u00e7layan fiyatland\u0131rma program\u0131n\u0131n federal onay\u0131n\u0131 geri \u00e7ekti\u011fini a\u00e7\u0131klad\u0131.<\/p>\n<p>New York&#8217;taki a\u011f\u0131r trafik fiyatlar\u0131 feshedildikten sonra, Beyaz Saray &#8216;Kral Trump&#8217; portresini payla\u015ft\u0131. Portredeki New York siluetinin bu sebeple yerle\u015ftirildi\u011fi belirtildi. Bu s\u00f6zler, ya\u015fanan tela\u015f ve rahats\u0131zl\u0131\u011f\u0131 rahatlatmad\u0131.<\/p>\n<p>Program, 5 Ocak\u2019ta y\u00fcr\u00fcrl\u00fc\u011fe girmi\u015f ve a\u011f\u0131r saatlerde Manhattan\u2019\u0131n 60. Cadde g\u00fcneyine giri\u015f yapan binek ara\u00e7lardan 9 dolar, otob\u00fcs ve kamyonlardan ise 21,60 dolara kadar fiyat al\u0131nmas\u0131n\u0131 \u00f6ng\u00f6rm\u00fc\u015ft\u00fc.<\/p>\n<p>Gece saatlerinde bu fiyat y\u00fczde 75 oran\u0131nda d\u00fc\u015f\u00fcr\u00fcl\u00fcyordu. New York Ula\u015ft\u0131rma Otoritesi ve bir k\u00f6pr\u00fc otoritesi, Trump idaresinin karar\u0131n\u0131 engellemek i\u00e7in Manhattan\u2019da dava a\u00e7t\u0131.<\/p>\n<p>Yetkililer, karar\u0131n b\u00fcsb\u00fct\u00fcn siyasi sebeplerle al\u0131nd\u0131\u011f\u0131n\u0131 ve Cumhuriyet\u00e7i Lider Donald Trump\u2019\u0131n se\u00e7im vaatlerinden birini yerine getirmeye y\u00f6nelik oldu\u011funu savundu. <\/p>\n","protected":false},"excerpt":{"rendered":"<p>Beyaz Saray&#8217;\u0131n toplumsal medyada payla\u015ft\u0131\u011f\u0131 &#8220;Kral Trump&#8221; portresi, ABD\u2019de reaksiyon \u00e7ekti. Trump idaresi, New York\u2019un trafik fiyatland\u0131rma program\u0131n\u0131 iptal eden Trump, Beyaz Saray&#8217;\u0131n payla\u015f\u0131m\u0131na nazaran \u201cManhattan kurtuldu, ya\u015fas\u0131n Kral!\u201d s\u00f6zleri kullan\u0131d\u0131. Bu payla\u015f\u0131m, kimileri taraf\u0131ndan latife olarak de\u011ferlendirilirken, pek \u00e7ok ki\u015fi ABD\u2019nin bir h\u00fck\u00fcmdar\u0131 olmad\u0131\u011f\u0131n\u0131 hat\u0131rlatt\u0131.<\/p>\n","protected":false},"author":1,"featured_media":41331,"comment_status":"open","ping_status":"open","sticky":false,"template":"","format":"standard","meta":{"footnotes":""},"categories":[43],"tags":[82,3677,131],"class_list":["post-41330","post","type-post","status-publish","format-standard","has-post-thumbnail","hentry","category-dunya","tag-abd","tag-new-york","tag-trump"],"_links":{"self":[{"href":"https:\/\/ikimisli.tr\/index.php\/wp-json\/wp\/v2\/posts\/41330","targetHints":{"allow":["GET"]}}],"collection":[{"href":"https:\/\/ikimisli.tr\/index.php\/wp-json\/wp\/v2\/posts"}],"about":[{"href":"https:\/\/ikimisli.tr\/index.php\/wp-json\/wp\/v2\/types\/post"}],"author":[{"embeddable":true,"href":"https:\/\/ikimisli.tr\/index.php\/wp-json\/wp\/v2\/users\/1"}],"replies":[{"embeddable":true,"href":"https:\/\/ikimisli.tr\/index.php\/wp-json\/wp\/v2\/comments?post=41330"}],"version-history":[{"count":1,"href":"https:\/\/ikimisli.tr\/index.php\/wp-json\/wp\/v2\/posts\/41330\/revisions"}],"predecessor-version":[{"id":41334,"href":"https:\/\/ikimisli.tr\/index.php\/wp-json\/wp\/v2\/posts\/41330\/revisions\/41334"}],"wp:featuredmedia":[{"embeddable":true,"href":"https:\/\/ikimisli.tr\/index.php\/wp-json\/wp\/v2\/media\/41331"}],"wp:attachment":[{"href":"https:\/\/ikimisli.tr\/index.php\/wp-json\/wp\/v2\/media?parent=41330"}],"wp:term":[{"taxonomy":"category","embeddable":true,"href":"https:\/\/ikimisli.tr\/index.php\/wp-json\/wp\/v2\/categories?post=41330"},{"taxonomy":"post_tag","embeddable":true,"href":"https:\/\/ikimisli.tr\/index.php\/wp-json\/wp\/v2\/tags?post=41330"}],"curies":[{"name":"wp","href":"https:\/\/api.w.org\/{rel}","templated":true}]}}