{"id":41358,"date":"2025-05-21T23:00:22","date_gmt":"2025-05-21T23:00:22","guid":{"rendered":"https:\/\/ikimisli.tr\/?p=41358"},"modified":"2025-05-21T23:00:22","modified_gmt":"2025-05-21T23:00:22","slug":"usta-oyuncu-emin-gumuskayaya-buyuk-vefasizlik","status":"publish","type":"post","link":"https:\/\/ikimisli.tr\/index.php\/2025\/05\/21\/usta-oyuncu-emin-gumuskayaya-buyuk-vefasizlik\/","title":{"rendered":"Usta oyuncu Emin G\u00fcm\u00fc\u015fkaya&#8217;ya b\u00fcy\u00fck vefas\u0131zl\u0131k"},"content":{"rendered":"<p>Tiyatro ve dizi oyuncusu Emin G\u00fcm\u00fc\u015fkaya bir m\u00fcddettir tedavi g\u00f6rd\u00fc\u011f\u00fc hastanede akci\u011fer yetmezli\u011fi nedeniyle  77 ya\u015f\u0131nda ortam\u0131zdan ayr\u0131ld\u0131.<\/p>\n<p><img decoding=\"async\" src=\"https:\/\/ikimisli.tr\/wp-content\/uploads\/2025\/05\/usta-oyuncu-emin-gumuskayaya-buyuk-vefasizlik-0-AdqEEUbV.jpg\"\/><\/p>\n<p>Vefat haberinin akabinde sanat d\u00fcnyas\u0131ndan toplumsal medyada ba\u015fsa\u011fl\u0131\u011f\u0131 bildirileri payla\u015f\u0131l\u0131rken, cenazeye i\u015ftirakin d\u00fc\u015f\u00fck olmas\u0131 ise dikkat \u00e7ekti.<\/p>\n<p><b>\u00dcSK\u00dcDAR&#8217;DAK\u0130 CENAZE MERAS\u0130M\u0130NE AZ SAYIDA KATILIM<\/b><\/p>\n<p>\u00dcsk\u00fcdar Devlet Tiyatrolar\u0131 \u0130nhisar Sahnesi\u2019nde d\u00fczenlenen merasimde usta oyuncunun meslekta\u015f\u0131 Zafer Alg\u00f6z ve birtak\u0131m kent tiyatrolar\u0131 sanatkarlar\u0131 kat\u0131ld\u0131.<\/p>\n<p>Az say\u0131da ki\u015finin kat\u0131ld\u0131\u011f\u0131 merasimin akabinde G\u00fcm\u00fc\u015fkaya, alk\u0131\u015flarla Bursa&#8217;ya u\u011furland\u0131.<\/p>\n<p><img decoding=\"async\" src=\"https:\/\/ikimisli.tr\/wp-content\/uploads\/2025\/05\/usta-oyuncu-emin-gumuskayaya-buyuk-vefasizlik-1-TOlKmShp.jpg\"\/><\/p>\n<p><b>ZAFER ALG\u00d6Z: BU MESLE\u011e\u0130 A\u015eKLA YAPIYORDU<\/b><\/p>\n<p>T\u00f6rende duygusal bir konu\u015fma yapan oyuncu Zafer Alg\u00f6z, G\u00fcm\u00fc\u015fkaya\u2019n\u0131n tiyatroya olan ba\u011fl\u0131l\u0131\u011f\u0131n\u0131 \u015fu s\u00f6zlerle anlatt\u0131:<\/p>\n<p>&#8220;Bursa Devlet Tiyatrolar\u0131&#8217;n\u0131n a\u00e7t\u0131\u011f\u0131 gen\u00e7lik tiyatrosu kurslar\u0131nda hepimizin babas\u0131 \u00fczereydi. Bu mesle\u011fi para i\u00e7in de\u011fil, a\u015fk i\u00e7in yapan nadir insanlardan biriydi. Bir g\u00fcn bana, &#8216;Ben devlet tiyatrosunda bir\u00e7ok oyun oynad\u0131m lakin bir &#8216;Seyyar Tayyar&#8217; ile tan\u0131nd\u0131m. Ne kadar vefas\u0131z bir meslek bu&#8217; demi\u015fti.&#8221;<\/p>\n<p><img decoding=\"async\" src=\"https:\/\/ikimisli.tr\/wp-content\/uploads\/2025\/05\/usta-oyuncu-emin-gumuskayaya-buyuk-vefasizlik-2-AkiI8CMC.jpg\"\/><\/p>\n<p>Zafer Alg\u00f6z, Emin G\u00fcm\u00fc\u015fkaya\u2019n\u0131n sanat d\u00fcnyas\u0131ndaki yerini \u015fu s\u00f6zlerle vurgulad\u0131:<\/p>\n<p>&#8220;Emin abi, t\u0131pk\u0131 merhum Par\u0131lt\u0131 Suba\u015f\u0131 ve Semih Sergen \u00fczere fabrikas\u0131nda yaln\u0131zca bir kere \u00fcretilmi\u015f, de\u011ferli bir adamd\u0131. Onunla olan g\u00f6n\u00fcl ba\u011f\u0131m apayr\u0131yd\u0131. Bu t\u00fcrl\u00fc b\u00fcy\u00fck ustalar bir daha gelmeyecek.&#8221;<\/p>\n<p><img decoding=\"async\" src=\"https:\/\/ikimisli.tr\/wp-content\/uploads\/2025\/05\/usta-oyuncu-emin-gumuskayaya-buyuk-vefasizlik-3-AwQH5NiU.jpg\"\/><\/p>\n<p><b>EM\u0130N G\u00dcM\u00dc\u015eKAYA K\u0130MD\u0130R?<\/b><\/p>\n<p>Emin G\u00fcm\u00fc\u015fkaya 10 Ocak 1948&#8217;de \u0130stanbul&#8217;da do\u011fdu. Birinci ve orta\u00f6\u011fretiminin akabinde Devlet Konservatuvar\u0131 tiyatro k\u0131sm\u0131ndan mezun oldu.<\/p>\n<p>Tiyatroya 1964&#8217;te Bursa Halkevi&#8217;nin Oda Tiyatrosu&#8217;nda ba\u015flayan G\u00fcm\u00fc\u015fkaya, bir\u00e7ok tiyatro oyununda sahne ald\u0131 ve direkt\u00f6rl\u00fck yapt\u0131.<\/p>\n<p>Sanat\u00e7\u0131, 1994&#8217;te Bursa Osmangazi Belediyesi&#8217;nde sanat dan\u0131\u015fman\u0131 olarak vazife ald\u0131.<\/p>\n<p>G\u00fcm\u00fc\u015fkaya, 12 \u015eubat 2001&#8217;de tiyatrocu Belgin Al\u0131m ile evlendi ve bir \u00e7ocuklar\u0131 d\u00fcnyaya geldi.<\/p>\n<p><img decoding=\"async\" src=\"https:\/\/ikimisli.tr\/wp-content\/uploads\/2025\/05\/usta-oyuncu-emin-gumuskayaya-buyuk-vefasizlik-4-4O24GlWj.jpeg\"\/><\/p>\n<p>Usta oyuncu 2010&#8217;da &#8216;\u00c7ocuklar Duymas\u0131n&#8217; dizisinde canland\u0131rd\u0131\u011f\u0131 &#8216;Seyyar Tayyar&#8217; karakteriyle halk\u0131n tan\u0131d\u0131\u011f\u0131 bir isim oldu.<\/p>\n","protected":false},"excerpt":{"rendered":"<p>Tiyatro ve dizi d\u00fcnyas\u0131n\u0131n usta ismi Emin G\u00fcm\u00fc\u015fkaya 77 ya\u015f\u0131nda akci\u011fer yetmezli\u011fi nedeniyle hayat\u0131n\u0131 kaybetti. \u00d6cneki g\u00fcn \u00dcsk\u00fcdar&#8217;daki Devlet Tiyatrolar\u0131 Monopol Sahnesi&#8217;nde d\u00fczenlenen cenaze merasimine sanat toplulu\u011fundan az say\u0131da i\u015ftirak oldu. Meslekta\u015f\u0131 Zafer Alg\u00f6z, G\u00fcm\u00fc\u015fkaya&#8217;n\u0131n tiyatroya olan ba\u011fl\u0131l\u0131\u011f\u0131n\u0131 vurgulayarak, &#8220;O, fabrikas\u0131nda tek \u00fcretilen de\u011ferli bir adamd\u0131&#8221; dedi.<\/p>\n","protected":false},"author":1,"featured_media":41359,"comment_status":"open","ping_status":"open","sticky":false,"template":"","format":"standard","meta":{"footnotes":""},"categories":[27],"tags":[6277,6133,1225,893,1279],"class_list":["post-41358","post","type-post","status-publish","format-standard","has-post-thumbnail","hentry","category-magazin","tag-emin","tag-gumuskaya","tag-oyun","tag-sanat","tag-tiyatro"],"_links":{"self":[{"href":"https:\/\/ikimisli.tr\/index.php\/wp-json\/wp\/v2\/posts\/41358","targetHints":{"allow":["GET"]}}],"collection":[{"href":"https:\/\/ikimisli.tr\/index.php\/wp-json\/wp\/v2\/posts"}],"about":[{"href":"https:\/\/ikimisli.tr\/index.php\/wp-json\/wp\/v2\/types\/post"}],"author":[{"embeddable":true,"href":"https:\/\/ikimisli.tr\/index.php\/wp-json\/wp\/v2\/users\/1"}],"replies":[{"embeddable":true,"href":"https:\/\/ikimisli.tr\/index.php\/wp-json\/wp\/v2\/comments?post=41358"}],"version-history":[{"count":1,"href":"https:\/\/ikimisli.tr\/index.php\/wp-json\/wp\/v2\/posts\/41358\/revisions"}],"predecessor-version":[{"id":41365,"href":"https:\/\/ikimisli.tr\/index.php\/wp-json\/wp\/v2\/posts\/41358\/revisions\/41365"}],"wp:featuredmedia":[{"embeddable":true,"href":"https:\/\/ikimisli.tr\/index.php\/wp-json\/wp\/v2\/media\/41359"}],"wp:attachment":[{"href":"https:\/\/ikimisli.tr\/index.php\/wp-json\/wp\/v2\/media?parent=41358"}],"wp:term":[{"taxonomy":"category","embeddable":true,"href":"https:\/\/ikimisli.tr\/index.php\/wp-json\/wp\/v2\/categories?post=41358"},{"taxonomy":"post_tag","embeddable":true,"href":"https:\/\/ikimisli.tr\/index.php\/wp-json\/wp\/v2\/tags?post=41358"}],"curies":[{"name":"wp","href":"https:\/\/api.w.org\/{rel}","templated":true}]}}