{"id":41538,"date":"2025-05-22T09:24:26","date_gmt":"2025-05-22T09:24:26","guid":{"rendered":"https:\/\/ikimisli.tr\/?p=41538"},"modified":"2025-05-22T09:24:26","modified_gmt":"2025-05-22T09:24:26","slug":"narin-guran-cinayeti-davasinda-istinaf-basvurulari-mahkemeye-gonderildi","status":"publish","type":"post","link":"https:\/\/ikimisli.tr\/index.php\/2025\/05\/22\/narin-guran-cinayeti-davasinda-istinaf-basvurulari-mahkemeye-gonderildi\/","title":{"rendered":"Narin G\u00fcran cinayeti davas\u0131nda istinaf ba\u015fvurular\u0131 mahkemeye g\u00f6nderildi"},"content":{"rendered":"<p>Merkez Ba\u011flar il\u00e7esinin Tav\u015fantepe Mahallesi&#8217;nde 21 A\u011fustos 2024&#8217;te kaybolan ve 8 Eyl\u00fcl 2024&#8217;te E\u011fertutmaz Deresi&#8217;nde cans\u0131z v\u00fccuduna ula\u015f\u0131lan Narin G\u00fcran&#8217;\u0131n \u00f6ld\u00fcr\u00fclmesine ait Diyarbak\u0131r Cumhuriyet Ba\u015fsavc\u0131l\u0131\u011f\u0131nca y\u00fcr\u00fct\u00fclen soru\u015fturma tamamland\u0131.<\/p>\n<p>Diyarbak\u0131r 8. A\u011f\u0131r Ceza Mahkemesi&#8217;nde 28 Aral\u0131k 2024&#8217;teki karar duru\u015fmas\u0131nda, tutuklu san\u0131klar anne Y\u00fcksel, a\u011fabey Enes ve amca Salim G\u00fcran&#8217;a &#8220;i\u015ftirak halinde \u00e7ocu\u011fa kar\u015f\u0131 taamm\u00fcden \u00f6ld\u00fcrme&#8221; kabahatinden farkl\u0131 ayr\u0131 a\u011f\u0131rla\u015ft\u0131r\u0131lm\u0131\u015f m\u00fcebbet, Nevzat Bahtiyar&#8217;a ise &#8220;su\u00e7 kan\u0131tlar\u0131n\u0131 yok etme, gizleme yahut de\u011fi\u015ftirme&#8221; kabahatinden 4 y\u0131l 6 ay mahpus cezas\u0131 verilerek, 23 Ocak&#8217;ta 944 sayfal\u0131k gerek\u00e7eli karar a\u00e7\u0131kland\u0131.<\/p>\n<p><b>DE\u011eERLEND\u0130RME \u0130\u00c7\u0130N D\u0130YARBAKIR B\u00d6LGE ADL\u0130YE MAHKEMES\u0130&#8217;NE G\u00d6NDER\u0130LD\u0130 <\/b><\/p>\n<p>Diyarbak\u0131r Cumhuriyet Ba\u015fsavc\u0131l\u0131\u011f\u0131, &#8220;kat\u0131lan&#8221; s\u0131fat\u0131yla Aile ve Sosyal Hizmetler Bakanl\u0131\u011f\u0131 ile Diyarbak\u0131r Barosu, &#8220;m\u00fc\u015fteki&#8221; s\u0131fat\u0131yla baba Arif G\u00fcran ve san\u0131k avukatlar\u0131 taraf\u0131ndan Diyarbak\u0131r B\u00f6lge Adliye Mahkemesine g\u00f6nderilmek \u00fczere yarg\u0131laman\u0131n yap\u0131ld\u0131\u011f\u0131 8. A\u011f\u0131r Ceza Mahkemesi&#8217;ne g\u00f6nderilen istinaf m\u00fcracaat dilek\u00e7elerine ait \u00e7al\u0131\u015fmalar tamamland\u0131.<\/p>\n<p>Mahkeme, 17 klas\u00f6rden olu\u015fan dava belgesi ile istinaf m\u00fcracaatlar\u0131 dilek\u00e7elerini k\u0131ymetlendirme yap\u0131lmas\u0131 i\u00e7in Diyarbak\u0131r B\u00f6lge Adliye Mahkemesi 1. Ceza Dairesine g\u00f6nderdi.<\/p>\n<p>Aile ve Sosyal Hizmetler Bakanl\u0131\u011f\u0131, Diyarbak\u0131r Cumhuriyet Ba\u015fsavc\u0131l\u0131\u011f\u0131 ve Diyarbak\u0131r Barosu taraf\u0131ndan Nevzat Bahtiyar&#8217;a &#8220;su\u00e7 kan\u0131tlar\u0131n\u0131 yok etme, gizleme yahut de\u011fi\u015ftirme&#8221; kabahatinden verilen 4 y\u0131l 6 ay mahpus cezas\u0131 ile ilgili B\u00f6lge Adliye Mahkemesine istinaf ba\u015fvurusu yapm\u0131\u015f, sunulan dilek\u00e7elerde san\u0131\u011f\u0131n &#8220;i\u015ftirak halinde \u00e7ocu\u011fa kar\u015f\u0131 taamm\u00fcden \u00f6ld\u00fcrme&#8221; c\u00fcrm\u00fcnden cezaland\u0131r\u0131lmas\u0131 talep edilmi\u015fti.<\/p>\n<p>Tutuklu san\u0131k Nevzat Bahtiyar&#8217;\u0131n avukatlar\u0131 da istinaf m\u00fcracaatlar\u0131nda, m\u00fcvekkillerinin aleyhine yap\u0131lan istinaf m\u00fcracaatlar\u0131n\u0131n as\u0131ldan reddine karar verilmesi ve Diyarbak\u0131r 8. A\u011f\u0131r Ceza Mahkemesi&#8217;nin verdi\u011fi 4 y\u0131l 6 ay mahpus cezas\u0131n\u0131n m\u00fcvekkil lehine kald\u0131r\u0131lmas\u0131 ve tahliyesine karar verilmesi talebinde bulunmu\u015ftu.<\/p>\n<p>Narin G\u00fcran&#8217;\u0131n babas\u0131 Arif G\u00fcran ismine avukat\u0131 da san\u0131k Nevzat Bahtiyar&#8217;\u0131n &#8220;su\u00e7 kan\u0131tlar\u0131n\u0131 yok etme, gizleme yahut de\u011fi\u015ftirme&#8221; kabahatinden \u00e7arpt\u0131r\u0131ld\u0131\u011f\u0131 4 y\u0131l 6 ay mahpus cezas\u0131n\u0131n kald\u0131r\u0131larak, san\u0131\u011f\u0131n TCK&#8217;nin 82\/1-e hususu uyar\u0131nca &#8220;i\u015ftirak halinde \u00e7ocu\u011fa kar\u015f\u0131 taamm\u00fcden \u00f6ld\u00fcrme&#8221; hatas\u0131ndan cezaland\u0131r\u0131lmas\u0131n\u0131 talep etmi\u015fti.<\/p>\n<p>San\u0131klar anne Y\u00fcksel, a\u011fabey Enes ve amca Salim G\u00fcran&#8217;\u0131n avukatlar\u0131 ise m\u00fcvekkillerinin &#8220;i\u015ftirak halinde \u00e7ocu\u011fa kar\u015f\u0131 taamm\u00fcden \u00f6ld\u00fcrme&#8221; kabahatinden \u00e7arpt\u0131r\u0131ld\u0131klar\u0131 karar\u0131n kald\u0131r\u0131larak, tahliye ve beraat karar\u0131 verilmesini talep etmi\u015f, ayr\u0131yeten amca Salim G\u00fcran&#8217;\u0131n avukat\u0131, san\u0131k Nevzat Bahtiyar&#8217;\u0131n &#8220;\u00e7ocu\u011fun taamm\u00fcden \u00f6ld\u00fcr\u00fclmesi, \u00e7ocu\u011fun cinsel istismar\u0131 ve h\u00fcrriyeti tehdit&#8221; hatalar\u0131ndan farkl\u0131 ba\u015fka cezaland\u0131r\u0131lmas\u0131na karar verilmesi talebinde bulunmu\u015ftu.<\/p>\n","protected":false},"excerpt":{"rendered":"<p>Diyarbak\u0131r&#8217;da 8 ya\u015f\u0131ndaki Narin G\u00fcran&#8217;\u0131n \u00f6ld\u00fcr\u00fclmesine ait davada, san\u0131klara verilen mahpus cezalar\u0131na ait sunulan istinaf m\u00fcracaat dilek\u00e7eleri B\u00f6lge Adliye Mahkemesine g\u00f6nderildi.<\/p>\n","protected":false},"author":1,"featured_media":41539,"comment_status":"open","ping_status":"open","sticky":false,"template":"","format":"standard","meta":{"footnotes":""},"categories":[25],"tags":[53,489,2159,3276,2015],"class_list":["post-41538","post","type-post","status-publish","format-standard","has-post-thumbnail","hentry","category-gundem","tag-ceza","tag-diyarbakir","tag-guran","tag-mahkemesi","tag-sucundan"],"_links":{"self":[{"href":"https:\/\/ikimisli.tr\/index.php\/wp-json\/wp\/v2\/posts\/41538","targetHints":{"allow":["GET"]}}],"collection":[{"href":"https:\/\/ikimisli.tr\/index.php\/wp-json\/wp\/v2\/posts"}],"about":[{"href":"https:\/\/ikimisli.tr\/index.php\/wp-json\/wp\/v2\/types\/post"}],"author":[{"embeddable":true,"href":"https:\/\/ikimisli.tr\/index.php\/wp-json\/wp\/v2\/users\/1"}],"replies":[{"embeddable":true,"href":"https:\/\/ikimisli.tr\/index.php\/wp-json\/wp\/v2\/comments?post=41538"}],"version-history":[{"count":1,"href":"https:\/\/ikimisli.tr\/index.php\/wp-json\/wp\/v2\/posts\/41538\/revisions"}],"predecessor-version":[{"id":41540,"href":"https:\/\/ikimisli.tr\/index.php\/wp-json\/wp\/v2\/posts\/41538\/revisions\/41540"}],"wp:featuredmedia":[{"embeddable":true,"href":"https:\/\/ikimisli.tr\/index.php\/wp-json\/wp\/v2\/media\/41539"}],"wp:attachment":[{"href":"https:\/\/ikimisli.tr\/index.php\/wp-json\/wp\/v2\/media?parent=41538"}],"wp:term":[{"taxonomy":"category","embeddable":true,"href":"https:\/\/ikimisli.tr\/index.php\/wp-json\/wp\/v2\/categories?post=41538"},{"taxonomy":"post_tag","embeddable":true,"href":"https:\/\/ikimisli.tr\/index.php\/wp-json\/wp\/v2\/tags?post=41538"}],"curies":[{"name":"wp","href":"https:\/\/api.w.org\/{rel}","templated":true}]}}