{"id":4158,"date":"2025-01-15T12:30:45","date_gmt":"2025-01-15T12:30:45","guid":{"rendered":"https:\/\/ikimisli.tr\/?p=4158"},"modified":"2025-01-15T12:30:45","modified_gmt":"2025-01-15T12:30:45","slug":"bakan-isikhandan-siginmacilarin-saglik-giderleri-itirafi-bakanlikca-karsilaniyor","status":"publish","type":"post","link":"https:\/\/ikimisli.tr\/index.php\/2025\/01\/15\/bakan-isikhandan-siginmacilarin-saglik-giderleri-itirafi-bakanlikca-karsilaniyor\/","title":{"rendered":"Bakan I\u015f\u0131khan\u2019dan \u201cs\u0131\u011f\u0131nmac\u0131lar\u0131n sa\u011fl\u0131k giderleri\u201d itiraf\u0131: Bakanl\u0131k\u00e7a kar\u015f\u0131lan\u0131yor"},"content":{"rendered":"<p>\u00c7al\u0131\u015fma ve Sosyal G\u00fcvenlik Bakan\u0131 Vedat I\u015f\u0131khan, CHP Isparta Milletvekili ve PM \u00dcyesi Hikmet Yal\u0131m Hal\u0131c\u0131\u2019n\u0131n \u2018S\u0131\u011f\u0131nmac\u0131lara harcanan s\u0131hhat masraflar\u0131n\u0131n kayna\u011f\u0131 kim?\u2019 bahisli soru \u00f6nergesini yan\u0131tlad\u0131.<\/p>\n<p><b>\u201cTEDAV\u0130 VE AMEL\u0130YAT MASRAFLARI HANG\u0130 KAYNAKTAN KAR\u015eILANIYOR?\u201d<\/b><\/p>\n<p>Yal\u0131m Hal\u0131c\u0131 Bakan I\u015f\u0131khan\u2019\u0131n yan\u0131tlamas\u0131 istemiyle verdi\u011fi soru \u00f6nergesinde \u201cHangi vilayette ka\u00e7 s\u0131\u011f\u0131nmac\u0131, g\u00f6\u00e7men, s\u00fcreksiz s\u0131\u011f\u0131nmac\u0131 ve m\u00fclteci s\u0131hhat kurum ve kurulu\u015flar\u0131na ba\u015fvurmu\u015ftur? Bu tedavi ve ameliyat sarfiyatlar\u0131 hangi kaynaktan kar\u015f\u0131lanm\u0131\u015ft\u0131r?\u201d diye sormu\u015ftu.<\/p>\n<p><b>\u201cTEDAV\u0130 MASRAFLARI BAKANLIKCA KAR\u015eILANIYOR\u201d<\/b><\/p>\n<p>I\u015f\u0131khan, CHP\u2019li Yal\u0131m\u2019\u0131n sorusuna itiraf nitelinde bir kar\u015f\u0131l\u0131k verdi. Bakan I\u015f\u0131khan, yan\u0131t\u0131nda, \u201c\u00dclkemizde bulunan ve s\u00fcreksiz muhafaza alt\u0131na al\u0131nan yabanc\u0131lar, genel s\u0131hhat sigortas\u0131 kapsam\u0131nda tarifli olmay\u0131p, tedavi masraflar\u0131 \u0130\u00e7i\u015fleri Bakanl\u0131\u011f\u0131 G\u00f6\u00e7 \u0130daresi Genel M\u00fcd\u00fcrl\u00fc\u011f\u00fc ile S\u0131hhat Bakanl\u0131\u011f\u0131 ortas\u0131nda imzalanan protokol gere\u011fi g\u00f6t\u00fcr\u00fc bedel adab\u0131 ile \u0130\u00e7i\u015fleri Bakanl\u0131\u011f\u0131nca kar\u015f\u0131lanmaktad\u0131r\u201d tabirlerine yer verdi.<\/p>\n<p><b>\u201cMEMURA \u00c7ALI\u015eANA EMEKL\u0130YE YOK ANCAK SI\u011eINMACIYA \u00c7OK\u201d<\/b><\/p>\n<p>\u0130ktidar taraf\u0131ndan memur ve memur emeklilerine y\u00fczde 11 art\u0131r\u0131m yap\u0131ld\u0131\u011f\u0131n\u0131 hat\u0131rlatan Hal\u0131c\u0131 \u015funlar\u0131 s\u00f6yledi:<\/p>\n<p>&#8220;T\u00dc\u0130K\u2019e nazaran y\u0131l sonu enflasyonu y\u00fczde 44,38 olarak a\u00e7\u0131kland\u0131. ENAG bilgilerine nazaran de bu oran y\u00fczde 83. Memur ve emeklilere y\u00fczde 11 art\u0131r\u0131m; SSK ve emeklilerine y\u00fczde 15 art\u0131r\u0131m yap\u0131lmas\u0131 bu insanlar\u0131 a\u00e7l\u0131\u011fa ve yoksullu\u011fa mahkum etmek demektir. \u0130ktidar s\u0131\u011f\u0131nmac\u0131lara 200 milyar dolar harcamakla \u00f6v\u00fcn\u00fcyor. Kendi \u00f6z vatanda\u015f\u0131m\u0131z memura \u00e7al\u0131\u015fana emekliye yok ancak s\u0131\u011f\u0131nmac\u0131ya \u00e7ok!&#8221;<\/p>\n<p><b>\u201cVATANDA\u015eTAN ALIP SI\u011eINMACILARA HARCAMI\u015eLAR\u201d<\/b><\/p>\n<p>T\u00fcrk vatanda\u015flar\u0131na Genel S\u0131hhat Sigortas\u0131 borcu \u00e7\u0131kart\u0131l\u0131rken s\u0131\u011f\u0131nmac\u0131lara s\u0131hhat ayr\u0131cal\u0131\u011f\u0131 tan\u0131nmas\u0131na reaksiyon g\u00f6steren CHP\u2019li Hal\u0131c\u0131, \u201cDaha evvel de tekraren kendi yurtta\u015flar\u0131m\u0131z\u0131n kendi vatan\u0131nda s\u0131\u011f\u0131nmac\u0131ndan beter duruma d\u00fc\u015f\u00fcr\u00fcld\u00fc\u011f\u00fcn\u00fc tabir etmi\u015ftim. Say\u0131n Bakan\u0131n bu yan\u0131t\u0131, evvelki a\u00e7\u0131klamalar\u0131m\u0131 teyit etmi\u015f oldu. 60 milyon vatanda\u015f\u0131m\u0131z yoksulluk, 20 milyon insan\u0131m\u0131z a\u00e7l\u0131k hududunda. Daha d\u00fcne kadar hi\u00e7 hastane hizmeti almam\u0131\u015f vatanda\u015fa bile genel s\u0131hhat sigortas\u0131 borcu \u00e7\u0131karm\u0131\u015flard\u0131. Daha sonra d\u00fczenlemeyle bir k\u0131sm\u0131n\u0131 kald\u0131rd\u0131lar fakat insan\u0131m\u0131z\u0131 hala bor\u00e7land\u0131rmaya devam ediyorlar. Almad\u0131\u011f\u0131 s\u0131hhat hizmetine bor\u00e7 \u00e7\u0131kar\u0131p vatanda\u015ftan toplad\u0131klar\u0131 parayla Suriyelileri, Irakl\u0131lar\u0131, Afganlar\u0131 tedavi etmi\u015fler. D\u00fcnya tarihinde bunun e\u015fi gibisi yok\u201d dedi.<\/p>\n","protected":false},"excerpt":{"rendered":"<p>\u00c7al\u0131\u015fma ve Sosyal G\u00fcvenlik Bakan\u0131 Vedat I\u015f\u0131khan, CHP Isparta Milletvekili Hikmet Yal\u0131m Hal\u0131c\u0131\u2019n\u0131n \u2018s\u0131\u011f\u0131nmac\u0131lara harcanan s\u0131hhat masraflar\u0131n\u0131n kim taraf\u0131ndan kar\u015f\u0131land\u0131\u011f\u0131na\u2019 y\u00f6nelik sorusuna itiraf niteli\u011finde bir cevap verdi. Bakan I\u015f\u0131khan, \u201cTedavi giderleri \u0130\u00e7i\u015fleri Bakanl\u0131\u011f\u0131 G\u00f6\u00e7 \u0130daresi Genel M\u00fcd\u00fcrl\u00fc\u011f\u00fc ile S\u0131hhat Bakanl\u0131\u011f\u0131 ortas\u0131nda imzalanan protokol gere\u011fi g\u00f6t\u00fcr\u00fc bedel yordam\u0131 ile \u0130\u00e7i\u015fleri Bakanl\u0131\u011f\u0131nca kar\u015f\u0131lanmaktad\u0131r\u201d tabirlerine yer verdi.<\/p>\n","protected":false},"author":1,"featured_media":4159,"comment_status":"open","ping_status":"open","sticky":false,"template":"","format":"standard","meta":{"footnotes":""},"categories":[25],"tags":[262,605,150,1132,1133],"class_list":["post-4158","post","type-post","status-publish","format-standard","has-post-thumbnail","hentry","category-gundem","tag-bakan","tag-memur","tag-saglik","tag-siginmaci","tag-yanit"],"_links":{"self":[{"href":"https:\/\/ikimisli.tr\/index.php\/wp-json\/wp\/v2\/posts\/4158","targetHints":{"allow":["GET"]}}],"collection":[{"href":"https:\/\/ikimisli.tr\/index.php\/wp-json\/wp\/v2\/posts"}],"about":[{"href":"https:\/\/ikimisli.tr\/index.php\/wp-json\/wp\/v2\/types\/post"}],"author":[{"embeddable":true,"href":"https:\/\/ikimisli.tr\/index.php\/wp-json\/wp\/v2\/users\/1"}],"replies":[{"embeddable":true,"href":"https:\/\/ikimisli.tr\/index.php\/wp-json\/wp\/v2\/comments?post=4158"}],"version-history":[{"count":1,"href":"https:\/\/ikimisli.tr\/index.php\/wp-json\/wp\/v2\/posts\/4158\/revisions"}],"predecessor-version":[{"id":4160,"href":"https:\/\/ikimisli.tr\/index.php\/wp-json\/wp\/v2\/posts\/4158\/revisions\/4160"}],"wp:featuredmedia":[{"embeddable":true,"href":"https:\/\/ikimisli.tr\/index.php\/wp-json\/wp\/v2\/media\/4159"}],"wp:attachment":[{"href":"https:\/\/ikimisli.tr\/index.php\/wp-json\/wp\/v2\/media?parent=4158"}],"wp:term":[{"taxonomy":"category","embeddable":true,"href":"https:\/\/ikimisli.tr\/index.php\/wp-json\/wp\/v2\/categories?post=4158"},{"taxonomy":"post_tag","embeddable":true,"href":"https:\/\/ikimisli.tr\/index.php\/wp-json\/wp\/v2\/tags?post=4158"}],"curies":[{"name":"wp","href":"https:\/\/api.w.org\/{rel}","templated":true}]}}