{"id":41618,"date":"2025-05-22T14:48:18","date_gmt":"2025-05-22T14:48:18","guid":{"rendered":"https:\/\/ikimisli.tr\/?p=41618"},"modified":"2025-05-22T14:48:18","modified_gmt":"2025-05-22T14:48:18","slug":"ramazan-pidesinin-fiyati-belli-oldu","status":"publish","type":"post","link":"https:\/\/ikimisli.tr\/index.php\/2025\/05\/22\/ramazan-pidesinin-fiyati-belli-oldu\/","title":{"rendered":"Ramazan pidesinin fiyat\u0131 belli oldu"},"content":{"rendered":"<p>Mart ay\u0131nda ba\u015flayacak Ramazan ay\u0131 \u00f6ncesinde pide fiyatlar\u0131 merak ediliyordu. <\/p>\n<p>T\u00fcrkiye F\u0131r\u0131nc\u0131lar Federasyonu Ba\u015fkan\u0131 Halil \u0130brahim Balc\u0131, bu y\u0131l ramazan ay\u0131nda 250 gram pidenin 20 liradan sat\u0131laca\u011f\u0131n\u0131 duyurdu. <\/p>\n<p><strong>&#8216;ARTI\u015eI EN MAKUL D\u00dcZEYDE TUTMAYA \u00c7ALI\u015eTIK&#8217;<\/strong><\/p>\n<p>T\u00fcrkiye Gazetesi&#8217;ne a\u00e7\u0131klamalarda bulunan Balc\u0131, &#8220;Ge\u00e7en sene Ankara&#8217;da 250 gram pide 15 lirayd\u0131 bu sene 20 lira olacak. \u0130stanbul&#8217;da da pidenin fiyat\u0131 bu sene 20 lira olacak. Fiyatlarda y\u00fczde 33-35 ortas\u0131 bir art\u0131\u015f meydana geldi. Ayr\u0131yeten pidenin gramaj\u0131 da 370 grama \u00e7\u0131kar\u0131ld\u0131.<\/p>\n<p>Azami fiyattaki art\u0131\u015f y\u00fczde 35 olacak. Ge\u00e7en sene undaki fiyat art\u0131\u015f\u0131 y\u00fczde 40 oldu. Ramazan pidesinde fiyat art\u0131\u015f\u0131n\u0131 bu sene en makul d\u00fczeyde tutmaya \u00e7al\u0131\u015ft\u0131k.&#8221; dedi.<\/p>\n","protected":false},"excerpt":{"rendered":"<p>T\u00fcrkiye F\u0131r\u0131nc\u0131lar Federasyonu Ba\u015fkan\u0131 Halil \u0130brahim Balc\u0131, Ramazan ay\u0131nda 250 gram pidenin 20 TL&#8217;den sat\u0131laca\u011f\u0131n\u0131 duyurdu.<\/p>\n","protected":false},"author":1,"featured_media":41619,"comment_status":"open","ping_status":"open","sticky":false,"template":"","format":"standard","meta":{"footnotes":""},"categories":[24],"tags":[483,394,6312,6164],"class_list":["post-41618","post","type-post","status-publish","format-standard","has-post-thumbnail","hentry","category-ekonomi","tag-artis","tag-fiyat","tag-pide","tag-sene"],"_links":{"self":[{"href":"https:\/\/ikimisli.tr\/index.php\/wp-json\/wp\/v2\/posts\/41618","targetHints":{"allow":["GET"]}}],"collection":[{"href":"https:\/\/ikimisli.tr\/index.php\/wp-json\/wp\/v2\/posts"}],"about":[{"href":"https:\/\/ikimisli.tr\/index.php\/wp-json\/wp\/v2\/types\/post"}],"author":[{"embeddable":true,"href":"https:\/\/ikimisli.tr\/index.php\/wp-json\/wp\/v2\/users\/1"}],"replies":[{"embeddable":true,"href":"https:\/\/ikimisli.tr\/index.php\/wp-json\/wp\/v2\/comments?post=41618"}],"version-history":[{"count":1,"href":"https:\/\/ikimisli.tr\/index.php\/wp-json\/wp\/v2\/posts\/41618\/revisions"}],"predecessor-version":[{"id":41620,"href":"https:\/\/ikimisli.tr\/index.php\/wp-json\/wp\/v2\/posts\/41618\/revisions\/41620"}],"wp:featuredmedia":[{"embeddable":true,"href":"https:\/\/ikimisli.tr\/index.php\/wp-json\/wp\/v2\/media\/41619"}],"wp:attachment":[{"href":"https:\/\/ikimisli.tr\/index.php\/wp-json\/wp\/v2\/media?parent=41618"}],"wp:term":[{"taxonomy":"category","embeddable":true,"href":"https:\/\/ikimisli.tr\/index.php\/wp-json\/wp\/v2\/categories?post=41618"},{"taxonomy":"post_tag","embeddable":true,"href":"https:\/\/ikimisli.tr\/index.php\/wp-json\/wp\/v2\/tags?post=41618"}],"curies":[{"name":"wp","href":"https:\/\/api.w.org\/{rel}","templated":true}]}}