{"id":41621,"date":"2025-05-22T15:00:15","date_gmt":"2025-05-22T15:00:15","guid":{"rendered":"https:\/\/ikimisli.tr\/?p=41621"},"modified":"2025-05-22T15:00:15","modified_gmt":"2025-05-22T15:00:15","slug":"fransiz-ve-ingiliz-liderler-avrupaya-yon-vermek-icin-washingtona-gidiyor","status":"publish","type":"post","link":"https:\/\/ikimisli.tr\/index.php\/2025\/05\/22\/fransiz-ve-ingiliz-liderler-avrupaya-yon-vermek-icin-washingtona-gidiyor\/","title":{"rendered":"Frans\u0131z ve \u0130ngiliz liderler, Avrupa&#8217;ya y\u00f6n vermek i\u00e7in Washington&#8217;a gidiyor"},"content":{"rendered":"<p>ABD Ba\u015fkan\u0131 Donald Trump, Fransa Cumhurba\u015fkan\u0131 Emmanuel Macron ve \u0130ngiltere Ba\u015fbakan\u0131 Keir Starmer, Beyaz Saray\u2019da Ukrayna sava\u015f\u0131 ve Avrupa g\u00fcvenli\u011fi \u00fczerine kritik g\u00f6r\u00fc\u015fmeler ger\u00e7ekle\u015ftirmek \u00fczere Washington\u2019da bir ortaya gelecek.<\/p>\n<p>Beyaz Saray Ulusal G\u00fcvenlik Dan\u0131\u015fman\u0131 Mike Waltz, Macron\u2019un ve Starmer\u2019\u0131n Washington\u2019a geli\u015fini \u00c7ar\u015famba g\u00fcn\u00fc yapt\u0131\u011f\u0131 a\u00e7\u0131klamayla do\u011frulad\u0131.<\/p>\n<p>ABD ve Avrupa \u00f6nderleri, Ukrayna sava\u015f\u0131na diplomatik bir tahlil bulma te\u015febb\u00fcslerini h\u0131zland\u0131r\u0131rken, Beyaz Saray\u2019da yap\u0131lacak g\u00f6r\u00fc\u015fmelerin sava\u015f\u0131n gidi\u015fat\u0131na y\u00f6nelik yeni ad\u0131mlar getirmesi bekleniyor.<\/p>\n<p>Riyad\u2019daki m\u00fczakereler hakk\u0131nda konu\u015fan Waltz, \u201cT\u00fcm taraflarla temas halindeyiz. Bir sonraki basamak, teknik gruplar\u0131n olu\u015fturulmas\u0131 ve ayr\u0131nt\u0131lar\u0131n ele al\u0131nmas\u0131 olacak\u201d dedi. Lakin, Avrupa\u2019n\u0131n sava\u015f sonras\u0131 g\u00fcvenlik d\u00fczenlemeleri konusundaki b\u00f6l\u00fcnm\u00fc\u015fl\u00fc\u011f\u00fc, s\u00fcrecin karma\u015f\u0131kl\u0131\u011f\u0131n\u0131 art\u0131r\u0131yor.<\/p>\n<p><b>YOL HAR\u0130TASI \u0130\u00c7\u0130N YOLDALAR<\/b><\/p>\n<p>Macron ve Starmer\u2019\u0131n Washington\u2019daki temaslar\u0131, Avrupa&#8217;n\u0131n Ukrayna&#8217;daki sava\u015f\u0131n gidi\u015fat\u0131yla ilgili karars\u0131zl\u0131\u011f\u0131na bir tahlil bulmak i\u00e7in at\u0131lm\u0131\u015f bir ad\u0131m oldu.<\/p>\n<p>Fransa Cumhurba\u015fkan\u0131, Beyaz Saray\u2019a gelmeden evvel, Avrupal\u0131 ba\u015fkanlarla bir tepe d\u00fczenleyerek AB&#8217;nin Ukrayna&#8217;ya g\u00f6ndermesi beklenen bar\u0131\u015f g\u00fcc\u00fcn\u00fc, Ukrayna&#8217;ya verilecek AB garantilerini ve Trump&#8217;\u0131n &#8216;Rus yanl\u0131s\u0131&#8217; olarak bedellendirilen tavr\u0131n\u0131 konu\u015ftu.<\/p>\n<p>Ancak dorukta, Avrupa i\u00e7inde bu mevzuda ortak bir g\u00f6r\u00fc\u015f olu\u015fmad\u0131. Fransa, Polonya, \u0130ngiltere ve Finlandiya; Ukrayna &#8211; Rusya hududuna asker g\u00f6ndermeye s\u0131cak bakarken Almanya ve \u0130sve\u00e7 \u00fczere \u00fclkeler \u00e7ekimser davrand\u0131.<\/p>\n<p>Beyaz Saray\u2019daki g\u00f6r\u00fc\u015fmelerin akabinde, Avrupa\u2019n\u0131n ve ABD\u2019nin Ukrayna konusunda nas\u0131l bir ortak strateji izleyece\u011fi netle\u015fecek.<\/p>\n<p>Washington idaresi, bar\u0131\u015f m\u00fczakereleri s\u00fcrecinde Avrupa\u2019n\u0131n daha faal bir rol \u00fcstlenmesini istiyor. Lakin, k\u0131tan\u0131n ba\u015fkanlar\u0131 ortas\u0131nda birlik sa\u011flanmad\u0131\u011f\u0131 s\u00fcrece, bar\u0131\u015f yolundaki ad\u0131mlar\u0131n daha fazla m\u00fczakereye gereksinim duyaca\u011f\u0131 g\u00f6r\u00fcl\u00fcyor.<\/p>\n<p><b>SAVA\u015eTAN DAHA GERG\u0130N BARI\u015e G\u00d6R\u00dc\u015eMELER\u0130<\/b><\/p>\n<p>Ba\u015fkan Trump, Ukrayna konusundaki son a\u00e7\u0131klamalar\u0131nda Kiev idaresini gaye alarak Ukrayna Cumhurba\u015fkan\u0131 Volodimir Zelenski\u2019yi sava\u015f\u0131n ba\u015flar\u0131nda bir mutabakata varmamakla su\u00e7lad\u0131.<\/p>\n<p>Trump, Truth Social\u2019da yapt\u0131\u011f\u0131 payla\u015f\u0131mda, \u201cM\u00fctevaz\u0131 bir komedyen olan Zelenski, ABD\u2019yi 350 milyar dolar harcamaya ve kazan\u0131lamaz bir sava\u015fa ikna etti. ABD ve Trump olmadan bar\u0131\u015f m\u00fcmk\u00fcn olmayacak\u201d tabirlerini kulland\u0131.<\/p>\n<p>Ayr\u0131ca, Washington\u2019un Avrupa\u2019dan \u00e7ok daha fazla mali y\u00fck \u00fcstlendi\u011fini ve Ukrayna\u2019da se\u00e7imlerin yap\u0131lmamas\u0131n\u0131n demokratik bir zafiyet oldu\u011funu ileri s\u00fcrd\u00fc.<\/p>\n<p>Fransa ve Almanya, Trump\u2019\u0131n Ukrayna\u2019ya y\u00f6nelik sert tenkitlerine reaksiyon g\u00f6sterdi. Fransa h\u00fck\u00fcmet s\u00f6zc\u00fcs\u00fc Sophie Primas, ABD Ba\u015fkan\u0131\u2019n\u0131n Avrupal\u0131 m\u00fcttefikleriyle gere\u011fince isti\u015fare etmeden a\u00e7\u0131klamalar yapt\u0131\u011f\u0131n\u0131 s\u00f6yledi.<\/p>\n<p>Almanya Ba\u015fbakan\u0131 Olaf Scholz ise Trump\u2019\u0131n Zelenski\u2019yi \u201cdiktat\u00f6r\u201d olarak nitelendirmesini yanl\u0131\u015f ve tehlikeli buldu. \u0130ngiltere Ba\u015fbakan\u0131 Starmer da Ukrayna ba\u015fkan\u0131na dayana\u011f\u0131n\u0131 a\u00e7\u0131k\u00e7a tabir etti.<\/p>\n<p>Starmer\u2019\u0131n ofisinden yap\u0131lan a\u00e7\u0131klamada, \u201cBa\u015fbakan, Ukrayna\u2019n\u0131n demokratik yoldan se\u00e7ilmi\u015f lideri olarak Cumhurba\u015fkan\u0131 Zelenski\u2019ye dayana\u011f\u0131n\u0131 belirtti\u201d denildi.<\/p>\n<p>Ukrayna Cumhurba\u015fkan\u0131 Volodimir Zelenski, Trump\u2019\u0131n kelamlar\u0131na direkt cevap vermese de Ukrayna\u2019n\u0131n diplomatik s\u00fcre\u00e7lerde d\u0131\u015flanmas\u0131na sert reaksiyon g\u00f6sterdi.<\/p>\n<p>Ankara ziyareti s\u0131ras\u0131nda yapt\u0131\u011f\u0131 a\u00e7\u0131klamada, Kiev idaresi masada olmadan al\u0131nacak kararlar\u0131n kabul edilemez oldu\u011funu belirtti. \u00c7ar\u015famba gecesi yapt\u0131\u011f\u0131 halka sesleni\u015f konu\u015fmas\u0131nda, \u201cAyaklar\u0131m\u0131z\u0131n \u00fczerinde g\u00fc\u00e7l\u00fc formda duruyoruz. Ukrayna\u2019n\u0131n birli\u011fine, hamasetine ve Amerika\u2019n\u0131n pragmatizmine g\u00fcveniyorum\u201d tabirlerini kulland\u0131.<\/p>\n","protected":false},"excerpt":{"rendered":"<p>Washington, Ukrayna sava\u015f\u0131n\u0131n gelece\u011fini \u015fekillendirecek kritik g\u00f6r\u00fc\u015fmelere mesken sahipli\u011fi yap\u0131yor. Lider Trump, Fransa Cumhurba\u015fkan\u0131 Emmanuel Macron ve \u0130ngiltere Ba\u015fbakan\u0131 Keir Starmer, Beyaz Saray\u2019da bir ortaya gelerek Avrupa g\u00fcvenli\u011fi ve bar\u0131\u015f m\u00fczakerelerindeki yol haritas\u0131n\u0131 tart\u0131\u015facak. Fakat, Avrupa i\u00e7indeki b\u00f6l\u00fcnm\u00fc\u015fl\u00fck ve Trump\u2019\u0131n Zelenski\u2019ye y\u00f6nelik sert tenkitleri, m\u00fczakerelerin gergin bir atmosferde ge\u00e7ece\u011fine i\u015faret ediyor.<\/p>\n","protected":false},"author":1,"featured_media":41622,"comment_status":"open","ping_status":"open","sticky":false,"template":"","format":"standard","meta":{"footnotes":""},"categories":[43],"tags":[82,435,1302,131,201],"class_list":["post-41621","post","type-post","status-publish","format-standard","has-post-thumbnail","hentry","category-dunya","tag-abd","tag-avrupa","tag-starmer","tag-trump","tag-ukrayna"],"_links":{"self":[{"href":"https:\/\/ikimisli.tr\/index.php\/wp-json\/wp\/v2\/posts\/41621","targetHints":{"allow":["GET"]}}],"collection":[{"href":"https:\/\/ikimisli.tr\/index.php\/wp-json\/wp\/v2\/posts"}],"about":[{"href":"https:\/\/ikimisli.tr\/index.php\/wp-json\/wp\/v2\/types\/post"}],"author":[{"embeddable":true,"href":"https:\/\/ikimisli.tr\/index.php\/wp-json\/wp\/v2\/users\/1"}],"replies":[{"embeddable":true,"href":"https:\/\/ikimisli.tr\/index.php\/wp-json\/wp\/v2\/comments?post=41621"}],"version-history":[{"count":1,"href":"https:\/\/ikimisli.tr\/index.php\/wp-json\/wp\/v2\/posts\/41621\/revisions"}],"predecessor-version":[{"id":41623,"href":"https:\/\/ikimisli.tr\/index.php\/wp-json\/wp\/v2\/posts\/41621\/revisions\/41623"}],"wp:featuredmedia":[{"embeddable":true,"href":"https:\/\/ikimisli.tr\/index.php\/wp-json\/wp\/v2\/media\/41622"}],"wp:attachment":[{"href":"https:\/\/ikimisli.tr\/index.php\/wp-json\/wp\/v2\/media?parent=41621"}],"wp:term":[{"taxonomy":"category","embeddable":true,"href":"https:\/\/ikimisli.tr\/index.php\/wp-json\/wp\/v2\/categories?post=41621"},{"taxonomy":"post_tag","embeddable":true,"href":"https:\/\/ikimisli.tr\/index.php\/wp-json\/wp\/v2\/tags?post=41621"}],"curies":[{"name":"wp","href":"https:\/\/api.w.org\/{rel}","templated":true}]}}