{"id":4172,"date":"2025-01-15T13:54:49","date_gmt":"2025-01-15T13:54:49","guid":{"rendered":"https:\/\/ikimisli.tr\/?p=4172"},"modified":"2025-01-15T13:54:49","modified_gmt":"2025-01-15T13:54:49","slug":"cekilen-rest-ise-yaradi-iran-italyan-gazeteciyi-serbest-birakti","status":"publish","type":"post","link":"https:\/\/ikimisli.tr\/index.php\/2025\/01\/15\/cekilen-rest-ise-yaradi-iran-italyan-gazeteciyi-serbest-birakti\/","title":{"rendered":"\u00c7ekilen rest i\u015fe yarad\u0131: \u0130ran, \u0130talyan gazeteciyi serbest b\u0131rakt\u0131"},"content":{"rendered":"<div>\n<p>\u0130talya Ba\u015fbakanl\u0131k Ofisi, \u0130ran\u2019da haber \u00e7al\u0131\u015fmas\u0131 y\u00fcr\u00fctt\u00fc\u011f\u00fc s\u0131rada g\u00f6zalt\u0131na al\u0131nan \u0130talyan gazeteci Cecilia Sala\u2019n\u0131n h\u00fcr b\u0131rak\u0131ld\u0131\u011f\u0131n\u0131 ve \u00fclkesine d\u00f6nmek \u00fczere yola \u00e7\u0131kt\u0131\u011f\u0131n\u0131 duyurdu. Sala, 19 Aral\u0131k 2024&#8217;te \u0130ran makamlar\u0131 taraf\u0131ndan g\u00f6zalt\u0131na al\u0131nm\u0131\u015ft\u0131.\u00a0<\/p>\n<p>Ba\u015fbakan Giorgia Meloni\u2019nin ofisi taraf\u0131ndan yap\u0131lan a\u00e7\u0131klamada, Sala\u2019n\u0131n g\u00f6zalt\u0131ndan \u00e7\u0131kar\u0131lmas\u0131 i\u00e7in haftalar s\u00fcren diplomasi ve istihbarat \u00e7al\u0131\u015fmalar\u0131n\u0131n y\u00fcr\u00fct\u00fcld\u00fc\u011f\u00fc belirtildi.<\/p>\n<p>A\u00e7\u0131klamada, \u201cGazetecimiz Cecilia Sala, \u0130ran\u2019da y\u00fcr\u00fct\u00fclen a\u011f\u0131r diplomatik eforlar sayesinde h\u00fcr b\u0131rak\u0131ld\u0131 ve ailesi geli\u015fmeler hakk\u0131nda bilgilendirildi\u201d tabirleri yer ald\u0131.<\/p>\n<p><img decoding=\"async\" src=\"https:\/\/ikimisli.tr\/wp-content\/uploads\/2025\/01\/cekilen-rest-ise-yaradi-iran-italyan-gazeteciyi-serbest-birakti-0-guQ7zJgs.png\"\/><\/p>\n<p><b>\u0130TALYA&#8217;NIN REST\u0130 \u0130\u015eE YARADI<\/b><\/p>\n<p>Sala, g\u00f6zalt\u0131na al\u0131nmadan bir g\u00fcn evvel, toplumsal medya hesab\u0131nda yapt\u0131\u011f\u0131 payla\u015f\u0131mda k\u0131sa m\u00fcddet evvel tutuklanan \u0130ranl\u0131 bir komedyenle yapt\u0131\u011f\u0131 r\u00f6portajdan bahsetmi\u015fti.<\/p>\n<p>Bu payla\u015f\u0131m\u0131n akabinde Sala\u2019dan haber al\u0131namam\u0131\u015ft\u0131. \u0130talya D\u0131\u015fi\u015fleri Bakanl\u0131\u011f\u0131, Sala\u2019n\u0131n g\u00f6zalt\u0131 gerek\u00e7esinin net olmad\u0131\u011f\u0131n\u0131 belirtirken, \u0130ran\u2019\u0131n resmi haber ajans\u0131 IRNA, gazetecinin \u0130ran maddelerini ihlal etti\u011fini \u00f6ne s\u00fcrm\u00fc\u015ft\u00fc.<\/p>\n<p>Sala\u2019n\u0131n \u00f6zg\u00fcr b\u0131rak\u0131lmas\u0131n\u0131n akabinde Tahran\u2019dan kalkan u\u00e7akla Roma\u2019ya ger\u00e7ek yola \u00e7\u0131kt\u0131\u011f\u0131 bildirildi. Sala\u2019n\u0131n \u0130ran\u2019daki durumu, \u0130talya kamuoyunda dikkatle takip edilmi\u015fti.<\/p>\n<p>\u0130talyan polisi Pazartesi g\u00fcn\u00fc Milano&#8217;da ikamet eden \u0130ranl\u0131 i\u015f insan\u0131 Muhammed Abidini tutuklam\u0131\u015ft\u0131. ABD taraf\u0131ndan arand\u0131\u011f\u0131 \u00f6\u011frenilen Abidin&#8217;in \u0130talya&#8217;dan Washington&#8217;daki yetkililere teslim edilmesi kelam konusu olmu\u015ftu. Bu geli\u015fmeden iki g\u00fcn sonra, Sala \u0130talya&#8217;ya d\u00f6n\u00fc\u015f u\u00e7a\u011f\u0131na bindi.<\/p>\n<p>\u00a0<\/p>\n<p>\u00a0<\/p>\n<\/p><\/div>\n<div>\n<div>\u00a0<\/div>\n<\/p><\/div>\n","protected":false},"excerpt":{"rendered":"<p>Cecilia Sala&#8217;n\u0131n g\u00f6zalt\u0131na al\u0131nmas\u0131n\u0131n akabinde \u0130talya, \u0130ran&#8217;la diplomasi trafi\u011fini h\u0131zland\u0131rd\u0131. Tahran\u2019daki yetkililerle y\u00fcr\u00fct\u00fclen temaslar\u0131n akabinde Sala \u00f6zg\u00fcr b\u0131rak\u0131ld\u0131. \u0130talyan gazetecinin \u00fclkesine d\u00f6n\u00fc\u015f\u00fc, Milano&#8217;da bir \u0130ranl\u0131 i\u015f be\u015ferinin tutuklanmas\u0131ndan iki g\u00fcn sonra ger\u00e7ekle\u015fti.<\/p>\n","protected":false},"author":1,"featured_media":4173,"comment_status":"open","ping_status":"open","sticky":false,"template":"","format":"standard","meta":{"footnotes":""},"categories":[43],"tags":[1138,138,140,1137],"class_list":["post-4172","post","type-post","status-publish","format-standard","has-post-thumbnail","hentry","category-dunya","tag-gozalti","tag-iran","tag-italya","tag-sala"],"_links":{"self":[{"href":"https:\/\/ikimisli.tr\/index.php\/wp-json\/wp\/v2\/posts\/4172","targetHints":{"allow":["GET"]}}],"collection":[{"href":"https:\/\/ikimisli.tr\/index.php\/wp-json\/wp\/v2\/posts"}],"about":[{"href":"https:\/\/ikimisli.tr\/index.php\/wp-json\/wp\/v2\/types\/post"}],"author":[{"embeddable":true,"href":"https:\/\/ikimisli.tr\/index.php\/wp-json\/wp\/v2\/users\/1"}],"replies":[{"embeddable":true,"href":"https:\/\/ikimisli.tr\/index.php\/wp-json\/wp\/v2\/comments?post=4172"}],"version-history":[{"count":1,"href":"https:\/\/ikimisli.tr\/index.php\/wp-json\/wp\/v2\/posts\/4172\/revisions"}],"predecessor-version":[{"id":4175,"href":"https:\/\/ikimisli.tr\/index.php\/wp-json\/wp\/v2\/posts\/4172\/revisions\/4175"}],"wp:featuredmedia":[{"embeddable":true,"href":"https:\/\/ikimisli.tr\/index.php\/wp-json\/wp\/v2\/media\/4173"}],"wp:attachment":[{"href":"https:\/\/ikimisli.tr\/index.php\/wp-json\/wp\/v2\/media?parent=4172"}],"wp:term":[{"taxonomy":"category","embeddable":true,"href":"https:\/\/ikimisli.tr\/index.php\/wp-json\/wp\/v2\/categories?post=4172"},{"taxonomy":"post_tag","embeddable":true,"href":"https:\/\/ikimisli.tr\/index.php\/wp-json\/wp\/v2\/tags?post=4172"}],"curies":[{"name":"wp","href":"https:\/\/api.w.org\/{rel}","templated":true}]}}