{"id":41760,"date":"2025-05-23T00:00:19","date_gmt":"2025-05-23T00:00:19","guid":{"rendered":"https:\/\/ikimisli.tr\/?p=41760"},"modified":"2025-05-23T00:00:19","modified_gmt":"2025-05-23T00:00:19","slug":"bakan-simsekten-katarlilara-davet-cesitli-sektorlerde-cazip-tesvikler-sagliyoruz","status":"publish","type":"post","link":"https:\/\/ikimisli.tr\/index.php\/2025\/05\/23\/bakan-simsekten-katarlilara-davet-cesitli-sektorlerde-cazip-tesvikler-sagliyoruz\/","title":{"rendered":"Bakan \u015eim\u015fek&#8217;ten Katarl\u0131lara davet: \u00c7e\u015fitli sekt\u00f6rlerde cazip te\u015fvikler sa\u011fl\u0131yoruz"},"content":{"rendered":"<p>T\u00fcrkiye-Katar Karma Ekonomik Kurulu (KEK) toplant\u0131s\u0131 Hazine ve Maliye Bakan\u0131 Mehmet \u015eim\u015fek ve Katar Maliye Bakan\u0131 Ali Bin Ahmed Al-Kuwari ile iki \u00fclke temsilcilerinin i\u015ftirakiyle Dolmabah\u00e7e Ofisi&#8217;nde ger\u00e7ekle\u015ftirildi.<\/p>\n<p>\u0130ki \u00fclkenin, bir\u00e7ok vesileyle \u00f6rnek bir dayan\u0131\u015fma sergiledi\u011fine i\u015faret eden \u015eim\u015fek, \u015funlar\u0131 kaydetti:<\/p>\n<p>&#8220;\u015eubat 2023 zelzelesinin akabinde verdi\u011finiz g\u00fc\u00e7l\u00fc takviye i\u00e7in bir kere daha te\u015fekk\u00fcr ederim. Ba\u015fkanlar\u0131m\u0131z\u0131n 2014 y\u0131l\u0131nda ba\u015flatt\u0131\u011f\u0131 Y\u00fcksek Stratejik Komite, m\u00fcnasebetlerimizi yeni tepelere ta\u015f\u0131m\u0131\u015ft\u0131r. T\u00fcrkiye-Katar i\u015ftiraki, b\u00f6lgesel bar\u0131\u015f, g\u00fcvenlik ve refaha y\u00f6nelik ortak \u00e7\u0131karlar \u00fczerine in\u015fa edilmi\u015ftir. Ortak Ekonomik ve Finansal Komite kapsam\u0131nda teknik gruplar\u0131m\u0131z d\u00fcn yeni i\u015f birli\u011fi f\u0131rsatlar\u0131n\u0131 ele ald\u0131. Bu \u00fcst seviye diyalo\u011fun maksad\u0131, T\u00fcrkiye ve Katar ortas\u0131ndaki sa\u011flam ve esasl\u0131 ilgileri g\u00fc\u00e7lendirmektir.<\/p>\n<p>Bu kapsamda birlikte \u00e7al\u0131\u015fmaya karar verdi\u011fimiz alanlar, kar\u015f\u0131l\u0131kl\u0131 yat\u0131r\u0131mlar\u0131n art\u0131r\u0131lmas\u0131, stratejik kesimlerde i\u015fbirli\u011finin geni\u015fletilmesi, b\u00fcy\u00fck projeler ve ye\u015fil b\u00fcy\u00fcme i\u00e7in finansman\u0131n g\u00fc\u00e7lendirilmesi, bankac\u0131l\u0131k ve finansal ba\u011flar\u0131n kuvvetlendirilmesi, Merkez Bankalar\u0131 ortas\u0131ndaki i\u015fbirli\u011finin derinle\u015ftirilmesi, konut ve gayrimenkul yat\u0131r\u0131mlar\u0131nda i\u015fbirli\u011finin geni\u015fletilmesi, ihracat finansman\u0131n\u0131n g\u00fc\u00e7lendirilmesi, ticaret f\u0131rsatlar\u0131n\u0131n ara\u015ft\u0131r\u0131lmas\u0131, havac\u0131l\u0131k operasyonlar\u0131n\u0131n daha faal hale getirilmesi ve ekonomik \u0131slahatlara ait tecr\u00fcbe payla\u015f\u0131m\u0131 alanlar\u0131d\u0131r. Ayr\u0131yeten, \u00fc\u00e7\u00fcnc\u00fc \u00fclkelerde daha yak\u0131n i\u015fbirli\u011fi yapmaya ve i\u015ftiraklerimizi geni\u015fletmeye istekliyiz.&#8221;<\/p>\n<p><img decoding=\"async\" src=\"https:\/\/ikimisli.tr\/wp-content\/uploads\/2025\/05\/bakan-simsekten-katarlilara-davet-cesitli-sektorlerde-cazip-tesvikler-sagliyoruz-0-fWkkhQSi.jpg\"\/><\/p>\n<p><b>&#8220;KATARLI YATIRIMCILARI BU FIRSATLARA DAVET ED\u0130YORUZ&#8221;<\/b><\/p>\n<p>Bakan \u015eim\u015fek, T\u00fcrk m\u00fcteahhitlerinin b\u00f6lgede g\u00fc\u00e7l\u00fc bir tesir yaratt\u0131\u011f\u0131n\u0131 an\u0131msatarak, bu muvaffakiyetin \u00fc\u00e7\u00fcnc\u00fc \u00fclkelerde de s\u00fcrd\u00fcr\u00fclebilece\u011fini lisana getirdi.<\/p>\n<p>T\u00fcrkiye&#8217;nin, \u00fcretim \u00e7e\u015fitlili\u011fi ve giderek daha sofistike hale gelen \u00fcretim yap\u0131s\u0131, g\u00fc\u00e7l\u00fc altyap\u0131s\u0131, geli\u015fen AR-GE ekosistemi ve geni\u015f yetenek havuzu ile b\u00fcy\u00fck f\u0131rsatlar sundu\u011funu bildiren \u015eim\u015fek, \u015funlar\u0131 s\u00f6yledi:<\/p>\n<p>&#8220;Ayr\u0131ca, \u00e7e\u015fitli b\u00f6l\u00fcmlerde cazip te\u015fvikler sa\u011fl\u0131yor ve Katarl\u0131 yat\u0131r\u0131mc\u0131lar\u0131 bu f\u0131rsatlar\u0131 de\u011ferlendirmeye davet ediyoruz. 54 \u00fclkeyi kapsayan H\u00fcr Ticaret Mutabakatlar\u0131m\u0131z (STA) sayesinde, Avrupa Birli\u011fi de dahil olmak \u00fczere 30 trilyon dolarl\u0131k bir pazara eri\u015fim sa\u011fl\u0131yoruz ve bu da \u00fclkemize korumac\u0131l\u0131\u011fa kar\u015f\u0131 dayan\u0131kl\u0131l\u0131k kazand\u0131rmaktad\u0131r. Ayr\u0131yeten, global ticarette par\u00e7alanmalar\u0131n oldu\u011fu bu devirde b\u00f6lgesel entegrasyonun, k\u0131r\u0131lganl\u0131\u011fa kar\u015f\u0131 en uygun m\u00fcdafaa oldu\u011funa inan\u0131yoruz. T\u00fcrkiye-K\u00f6rfez \u0130\u015fbirli\u011fi Kurulu H\u00fcr Ticaret Muahedesi (GCC FTA) m\u00fczakereleri bir m\u00fcddettir devam etmektedir. Bu s\u00fcrecin ilerletilmesine verdi\u011fi takviye i\u00e7in Katar&#8217;a m\u00fcte\u015fekkiriz. Bu toplant\u0131n\u0131n g\u00fc\u00e7l\u00fc ve stratejik ortakl\u0131\u011f\u0131m\u0131z\u0131 daha da peki\u015ftirmesini temenni ediyorum.&#8221;<\/p>\n<p>Toplant\u0131 \u00e7er\u00e7evesinde Hazine ve Maliye Bakan\u0131 Mehmet \u015eim\u015fek ve Katar Maliye Bakan\u0131 Ali Bin Ahmed Al-Kuwari ortas\u0131nda kar\u015f\u0131l\u0131kl\u0131 i\u015fbirli\u011fine ait protokol imzaland\u0131.<\/p>\n<p><b>KATAR MAL\u0130YE BAKANINDAN &#8216;\u00c7ALI\u015eMAYA DEVAM&#8217; MESAJI<\/b><\/p>\n<p>Katar Maliye Bakan\u0131 Ali Bin Ahmed Al-Kuwari, &#8220;Katar ve T\u00fcrkiye ortas\u0131ndaki ekonomik ve finansal payda\u015fl\u0131k, ortak vizyon ve i\u015fbirli\u011finin neler ba\u015farabilece\u011finin g\u00fc\u00e7l\u00fc bir ispat\u0131d\u0131r. Gelece\u011fe bakt\u0131\u011f\u0131m\u0131zda, bu sa\u011flam temeli daha da g\u00fc\u00e7lendirmeye, yeni f\u0131rsatlar\u0131 ke\u015ffetmeye ve ortak refah i\u00e7in \u00e7al\u0131\u015fmaya devam edelim.&#8221; dedi.<\/p>\n<p>Toplant\u0131n\u0131n a\u00e7\u0131l\u0131\u015f\u0131nda konu\u015fan Katar Maliye Bakan\u0131 Ali Bin Ahmed Al-Kuwari, T\u00fcrkiye&#8217;de bulunmaktan duyduklar\u0131 memnuniyeti lisana getirerek, \u015funlar\u0131 s\u00f6yledi:<\/p>\n<p>&#8220;Ge\u00e7en y\u0131l kas\u0131m ay\u0131nda Ankara&#8217;da bizlere g\u00f6sterdi\u011finiz nazik misafirperverli\u011fin akabinde sizlerle burada olmak bizim i\u00e7in ba\u015fka bir memnunluk kayna\u011f\u0131d\u0131r. Ankara&#8217;daki g\u00f6r\u00fc\u015fmeler son derece verimli ge\u00e7ti ve yaln\u0131zca birka\u00e7 ay sonra bu uygun \u00e7al\u0131\u015fmalar\u0131 s\u00fcrd\u00fcrerek, \u00fclkelerimiz ortas\u0131ndaki b\u00fcy\u00fcyen i\u015ftirake daha da katk\u0131da bulunmaktan b\u00fcy\u00fck bir gurur duyuyoruz. Katar ve T\u00fcrkiye, kar\u015f\u0131l\u0131kl\u0131 h\u00fcrmete ve ortak refah ve kalk\u0131nma vizyonuna dayanan derin bir ba\u011fa sahiptir.<\/p>\n<p>Y\u0131llar i\u00e7inde, de\u011ferli yat\u0131r\u0131mlar ve ortak te\u015febb\u00fcslerle \u015fekillenen dinamik ekonomik ba\u011flar\u0131m\u0131z\u0131 g\u00fc\u00e7lendirdik. G\u00fc\u00e7 b\u00f6l\u00fcm\u00fcndeki i\u015fbirli\u011fimiz, bilhassa s\u0131v\u0131la\u015ft\u0131r\u0131lm\u0131\u015f do\u011fal gaz (LNG) mutabakatlar\u0131 sayesinde k\u0131ymetli bir b\u00fcy\u00fcme kaydetmi\u015f ve ekonomilerimizin \u00e7e\u015fitlendirilmesine katk\u0131 sa\u011flam\u0131\u015ft\u0131r. 2015 y\u0131l\u0131nda imzalanan LNG muahedesi, uzun vadeli taahh\u00fctlerimizi peki\u015ftiren ve ortak b\u00fcy\u00fcmemize k\u0131ymetli katk\u0131 sa\u011flayan kritik bir ad\u0131m olmu\u015ftur.&#8221;<\/p>\n<p>Kas\u0131m ay\u0131nda Y\u00fcksek Stratejik Komite\u2019nin onuncu toplant\u0131s\u0131na Cumhurba\u015fkan\u0131 Recep Tayyip Erdo\u011fan ile birlikte e\u015f ba\u015fkanl\u0131k etmek \u00fczere Katar Buyru\u011fu Pir Temim bin Hamed Al Sani&#8217;nin Ankara\u2019y\u0131 ziyaret etti\u011fini hat\u0131rlatan Al-Kuwari, &#8220;Toplant\u0131lardan a\u00e7\u0131k\u00e7a g\u00f6r\u00fcld\u00fc ki her iki \u00fclke de hem b\u00f6lgesel hem de milletleraras\u0131 geli\u015fmeler konusunda emsal bir bak\u0131\u015f a\u00e7\u0131s\u0131na sahip olup, ekonomik ve stratejik ilgilerimizi derinle\u015ftirme konusundaki kararl\u0131l\u0131\u011f\u0131n\u0131 s\u00fcrd\u00fcrmektedir.&#8221; de\u011ferlendirmesinde bulundu.<\/p>\n<p><b>EKONOM\u0130K B\u00dcY\u00dcME A\u00c7IKLAMASI<\/b><\/p>\n<p>Kas\u0131m ay\u0131ndaki toplant\u0131n\u0131n en de\u011ferli sonu\u00e7lar\u0131ndan birinin, yat\u0131r\u0131m ve ticarete odaklanan bir dizi mutabakat\u0131n imzalanmas\u0131 oldu\u011funu an\u0131msatan Al-Kuwari, &#8220;Bug\u00fcn bu temelin \u00fczerine in\u015fa ederken, \u00fclkelerimiz ekonomilerini daha fazla entegre etmeye haz\u0131rlan\u0131yor ve teknoloji, savunma ve turizm \u00fczere dallarda i\u015fbirli\u011fimizi geni\u015fletmeyi hedefliyoruz.&#8221; dedi.<\/p>\n<p>\u0130ki \u00fclke ortas\u0131ndaki bahislere katk\u0131 sunmaktan memnuniyet duydu\u011funu bildiren Al-Kuwari, al\u0131nacak stratejik kararlar\u0131n, ikili i\u015fbirli\u011finin gelece\u011fini \u015fekillendirece\u011fini ve ekonomik b\u00fcy\u00fcmeyi daha da ileriye ta\u015f\u0131yaca\u011f\u0131n\u0131 s\u00f6yledi.<\/p>\n<p>Al-Kuwari, &#8220;\u00dclkelerimiz ayr\u0131yeten yeni i\u015fbirli\u011fi alanlar\u0131n\u0131 ke\u015ffetmeye kararl\u0131d\u0131r. T\u00fcrkiye ile K\u00f6rfez \u0130\u015fbirli\u011fi Kurulu (GCC) ortas\u0131nda m\u00fczakereleri devam eden H\u00fcr Ticaret Mutabakat\u0131, ticaret ve yat\u0131r\u0131m ak\u0131\u015flar\u0131n\u0131 art\u0131rma yolunda k\u0131ymetli bir ad\u0131md\u0131r. Bu mutabakat\u0131n yeni pazarlar a\u00e7mas\u0131, ticaret mahzurlar\u0131n\u0131 azaltmas\u0131 ve her iki \u00fclkenin ve b\u00f6lgenin genelinde i\u015fletmeler i\u00e7in daha elveri\u015fli bir ortam yaratmas\u0131 beklenmektedir. Katar ve T\u00fcrkiye ortas\u0131ndaki ekonomik ve finansal payda\u015fl\u0131k, ortak vizyon ve i\u015fbirli\u011finin neler ba\u015farabilece\u011finin g\u00fc\u00e7l\u00fc bir delilidir. Gelece\u011fe bakt\u0131\u011f\u0131m\u0131zda, bu sa\u011flam temeli daha da g\u00fc\u00e7lendirmeye, yeni f\u0131rsatlar\u0131 ke\u015ffetmeye ve ortak refah i\u00e7in \u00e7al\u0131\u015fmaya devam edelim.&#8221; de\u011ferlendirmesinde bulundu.<\/p>\n","protected":false},"excerpt":{"rendered":"<p>Hazine ve Maliye Bakan\u0131 Mehmet \u015eim\u015fek, Katar Maliye Bakan\u0131 ile birlikte T\u00fcrkiye-Katar Karma Ekonomik Komitesi (KEK) toplant\u0131s\u0131n\u0131 ger\u00e7ekle\u015ftirdi. Bakan \u015eim\u015fek Katarl\u0131 yat\u0131r\u0131mc\u0131lara T\u00fcrkiye&#8217;nin cazip te\u015fvikler sundu\u011funu belirterek &#8220;Katarl\u0131 yat\u0131r\u0131mc\u0131lar\u0131 bu f\u0131rsatlar\u0131 de\u011ferlendirmeye davet ediyoruz.&#8221; dedi.<\/p>\n","protected":false},"author":1,"featured_media":41761,"comment_status":"open","ping_status":"open","sticky":false,"template":"","format":"standard","meta":{"footnotes":""},"categories":[24],"tags":[1498,524,1106,1868,113],"class_list":["post-41760","post","type-post","status-publish","format-standard","has-post-thumbnail","hentry","category-ekonomi","tag-ekonomik","tag-is","tag-katar","tag-ortak","tag-turkiye"],"_links":{"self":[{"href":"https:\/\/ikimisli.tr\/index.php\/wp-json\/wp\/v2\/posts\/41760","targetHints":{"allow":["GET"]}}],"collection":[{"href":"https:\/\/ikimisli.tr\/index.php\/wp-json\/wp\/v2\/posts"}],"about":[{"href":"https:\/\/ikimisli.tr\/index.php\/wp-json\/wp\/v2\/types\/post"}],"author":[{"embeddable":true,"href":"https:\/\/ikimisli.tr\/index.php\/wp-json\/wp\/v2\/users\/1"}],"replies":[{"embeddable":true,"href":"https:\/\/ikimisli.tr\/index.php\/wp-json\/wp\/v2\/comments?post=41760"}],"version-history":[{"count":1,"href":"https:\/\/ikimisli.tr\/index.php\/wp-json\/wp\/v2\/posts\/41760\/revisions"}],"predecessor-version":[{"id":41763,"href":"https:\/\/ikimisli.tr\/index.php\/wp-json\/wp\/v2\/posts\/41760\/revisions\/41763"}],"wp:featuredmedia":[{"embeddable":true,"href":"https:\/\/ikimisli.tr\/index.php\/wp-json\/wp\/v2\/media\/41761"}],"wp:attachment":[{"href":"https:\/\/ikimisli.tr\/index.php\/wp-json\/wp\/v2\/media?parent=41760"}],"wp:term":[{"taxonomy":"category","embeddable":true,"href":"https:\/\/ikimisli.tr\/index.php\/wp-json\/wp\/v2\/categories?post=41760"},{"taxonomy":"post_tag","embeddable":true,"href":"https:\/\/ikimisli.tr\/index.php\/wp-json\/wp\/v2\/tags?post=41760"}],"curies":[{"name":"wp","href":"https:\/\/api.w.org\/{rel}","templated":true}]}}