{"id":41820,"date":"2025-05-23T03:36:14","date_gmt":"2025-05-23T03:36:14","guid":{"rendered":"https:\/\/ikimisli.tr\/?p=41820"},"modified":"2025-05-23T03:36:14","modified_gmt":"2025-05-23T03:36:14","slug":"gocerlerin-zorlu-kis-mesaisi-kuzulama-sezonu-basladi","status":"publish","type":"post","link":"https:\/\/ikimisli.tr\/index.php\/2025\/05\/23\/gocerlerin-zorlu-kis-mesaisi-kuzulama-sezonu-basladi\/","title":{"rendered":"G\u00f6\u00e7erlerin zorlu k\u0131\u015f mesaisi: Kuzulama sezonu ba\u015flad\u0131"},"content":{"rendered":"<p>Yaz\u0131 daha verimli otlaklara sahip Erzurum, Sivas, Tunceli ve Bing\u00f6l yaylalar\u0131nda ge\u00e7iren ve havan\u0131n so\u011fumas\u0131yla Elaz\u0131\u011f&#8217;a d\u00f6nen g\u00f6\u00e7erler, k\u0131rsal b\u00f6lgelerde kurduklar\u0131 \u00e7ad\u0131rlarda ya\u015f\u0131yor.<\/p>\n<p>Ata mesle\u011fi koyun yeti\u015ftiricili\u011fini kendilerine ili\u015fkin yerlerde ya da kiralad\u0131klar\u0131 meralardaki \u00e7ad\u0131rlarda s\u00fcrd\u00fcren g\u00f6\u00e7erler brandadan yapt\u0131klar\u0131 a\u011f\u0131llarda hayvanlar\u0131n\u0131n bar\u0131nmas\u0131n\u0131 sa\u011fl\u0131yor.<\/p>\n<p>\u00c7etin k\u0131\u015f \u015fartlar\u0131yla gayret eden g\u00f6\u00e7erlerin mesaisi kuzulama d\u00f6neminde art\u0131yor.<\/p>\n<p>G\u00fcnl\u00fck rutin i\u015flerinin yan\u0131 s\u0131ra g\u00fcn\u00fcn 24 saati hamile hayvanlar\u0131 ve yeni do\u011fan kuzular\u0131 korumak i\u00e7in a\u011f\u0131lda vardiyal\u0131 n\u00f6bet tutan g\u00f6\u00e7erler, g\u00fcn uzunlu\u011fu hayvanlar\u0131n bak\u0131m\u0131yla ilgileniyor.<\/p>\n<p><b>&#8220;Gece g\u00fcnd\u00fcz demeden hayvanlar\u0131n i\u00e7indeyiz&#8221;<\/b><\/p>\n<p>Merkeze ba\u011fl\u0131 \u00dc\u00e7a\u011fa\u00e7 k\u00f6y\u00fcnde ailesiyle koyun yeti\u015ftiricili\u011fi yapan 41 ya\u015f\u0131ndaki Kaz\u0131m Ko\u00e7, g\u00f6\u00e7erli\u011fin kendileri i\u00e7in bir hayat \u015fekli oldu\u011funu s\u00f6yledi.<\/p>\n<p>Zorlu \u015fartlara kar\u015f\u0131n i\u015flerini severek yapt\u0131klar\u0131n\u0131 tabir eden Ko\u00e7, &#8220;Kendimi bildim bileli bu i\u015fi yap\u0131yorum, gece g\u00fcnd\u00fcz demeden hayvanlar\u0131n i\u00e7indeyiz. Sabah g\u00fcn a\u011farmadan kalk\u0131yoruz, \u00f6ncelikle koyunlar\u0131n yemini haz\u0131rl\u0131yoruz. Yemlerini yedikten sonra s\u00fct emmeleri i\u00e7in kuzularla annelerini bulu\u015fturuyoruz. Yeni do\u011fan kuzular\u0131n denetimini yapt\u0131ktan sonra kahvalt\u0131 yap\u0131yoruz. Bu i\u015fleri g\u00fcnde \u00fc\u00e7 kere tekrarl\u0131yoruz&#8221; dedi.<\/p>\n<p><img decoding=\"async\" src=\"https:\/\/ikimisli.tr\/wp-content\/uploads\/2025\/05\/gocerlerin-zorlu-kis-mesaisi-kuzulama-sezonu-basladi-0-CewPK6IK.jpg\"\/><\/p>\n<p><b>Gece a\u011f\u0131lda n\u00f6bet<\/b><\/p>\n<p>Kuzu do\u011fumlar\u0131yla i\u015f yo\u011funluklar\u0131n\u0131n artt\u0131\u011f\u0131n\u0131 anlatan Ko\u00e7, g\u00fcn\u00fcn 24 saati hayvanlar\u0131 korumak i\u00e7in n\u00f6bet tuttuklar\u0131n\u0131 belirtti.<\/p>\n<p>Ko\u00e7, &#8220;Bu y\u0131l koyunlar erken kuzulamaya ba\u015flad\u0131. 400 hayvandan \u00e7abucak hemen yar\u0131s\u0131 kuzulad\u0131. Yeni do\u011fan kuzular\u0131n burnunun temizlenmesi, 40 dakika i\u00e7inde anne s\u00fct\u00fcn\u00fc emmesi gerekiyor zira birinci s\u00fct kuzu i\u00e7in ila\u00e7 \u00fczere. G\u00fc\u00e7 do\u011fum yapanlar oluyor, do\u011furduktan sonra emzirmeyen hayvanlar oluyor. Hamile hayvanlar\u0131 ve yeni do\u011fan kuzular\u0131 24 saat takip ediyoruz. Kurtlar, \u00e7akallar \u00e7ad\u0131ra girebilir. Gece \u00e7oban a\u011f\u0131lda yatarak hamile hayvanlar\u0131n ba\u015f\u0131nda bekliyor, g\u00fcnd\u00fcz de ben bekliyorum. Onun i\u00e7in de a\u011f\u0131lda yat\u0131yoruz&#8221; diye konu\u015ftu.<\/p>\n<p>53 ya\u015f\u0131ndaki Y\u0131ld\u0131z Ko\u00e7 da k\u0131rsalda e\u011fitim imkanlar\u0131n\u0131n k\u0131s\u0131tl\u0131 olmas\u0131 nedeniyle \u00e7ocuklar\u0131n\u0131 yat\u0131l\u0131 okula g\u00f6nderdiklerini s\u00f6yledi.<\/p>\n<p>Ko\u00e7, &#8220;Yemek, \u00e7ama\u015f\u0131r, bula\u015f\u0131k, pakl\u0131k, k\u00fc\u00e7\u00fck \u00e7ocuklar\u0131n bak\u0131m\u0131n\u0131, her \u015feyi biz yap\u0131yoruz. Bu i\u015flerin yan\u0131 s\u0131ra hayvanlar\u0131n bak\u0131m\u0131yla ilgili erkeklere de gece g\u00fcnd\u00fcz takviye oluyoruz. \u0130\u015fimizi severek yap\u0131yoruz. Bu i\u015fle g\u00f6z\u00fcm\u00fcz\u00fc a\u00e7t\u0131\u011f\u0131m\u0131z i\u00e7in zorluklar\u0131na kar\u015f\u0131n pi\u015fman de\u011filiz&#8221; dedi.<\/p>\n<p><img decoding=\"async\" src=\"https:\/\/ikimisli.tr\/wp-content\/uploads\/2025\/05\/gocerlerin-zorlu-kis-mesaisi-kuzulama-sezonu-basladi-1-Ewzda71N.jpg\"\/><\/p>\n<p><b>&#8220;Yaz k\u0131\u015f demeden bu hayvanlara bak\u0131yoruz&#8221;<\/b><\/p>\n<p>Hasan Ko\u00e7 ise k\u0131\u015f aylar\u0131nda hayvanlar\u0131 ile Elaz\u0131\u011f&#8217;da bar\u0131nd\u0131klar\u0131n\u0131 yaz aylar\u0131nda ise yaylalara \u00e7\u0131kt\u0131klar\u0131n\u0131 s\u00f6yledi.<\/p>\n<p>Hayatlar\u0131n\u0131n k\u0131\u015flak ve yayla ortas\u0131nda s\u00fcr\u00fc pe\u015finde ge\u00e7ti\u011fini anlatan Ko\u00e7, \u015f\u00f6yle konu\u015ftu:<\/p>\n<p>&#8220;K\u0131\u015f kurallar\u0131 s\u0131k\u0131nt\u0131, ya\u011fmur olsun, kar olsun, \u00e7amur olsun&#8230; Zira \u00e7ad\u0131rlarda hayvanc\u0131l\u0131k yap\u0131yoruz. Bu bizim i\u00e7in baba ve dede mesle\u011fidir. Yaz k\u0131\u015f demeden bu hayvanlara bak\u0131yoruz. Kuzulama d\u00f6neminde i\u015flerimiz daha da a\u011f\u0131r oluyor.&#8221;<\/p>\n<p>Medine Ko\u00e7 da g\u00f6\u00e7ebe hayvanc\u0131l\u0131\u011f\u0131n bayanlar i\u00e7in daha g\u00fc\u00e7 oldu\u011funu belirterek, \u00e7ad\u0131rda elektrik ve su imkan\u0131 olmad\u0131\u011f\u0131n\u0131, \u00e7ama\u015f\u0131r\u0131 ve bula\u015f\u0131\u011f\u0131 elde y\u0131kad\u0131klar\u0131n\u0131 anlatt\u0131.<\/p>\n<p>Ko\u00e7, &#8220;Herhangi bir konforumuz yok, ko\u015fullar\u0131m\u0131z \u00e7ok g\u00fc\u00e7 ancak bu i\u015fi severek yap\u0131yoruz. Bizlere konteyner verilse \u00e7ok yeterli olur&#8221; tabirlerini kulland\u0131.<\/p>\n","protected":false},"excerpt":{"rendered":"<p>Elaz\u0131\u011f&#8217;da koyun yeti\u015ftiricili\u011fi yapan g\u00f6\u00e7erler, \u00e7etin k\u0131\u015f kurallar\u0131yla u\u011fra\u015f ederken kuzulama d\u00f6neminin ba\u015flamas\u0131yla 24 saat s\u00fcren a\u011f\u0131r bir mesaiye girdi. Kurt ve \u00e7akal tehlikesine kar\u015f\u0131 n\u00f6bet tutan \u00e7obanlar, yeni do\u011fan kuzular\u0131n sa\u011fl\u0131kl\u0131 b\u00fcy\u00fcmesi i\u00e7in b\u00fcy\u00fck emek harc\u0131yor.<\/p>\n","protected":false},"author":1,"featured_media":41821,"comment_status":"open","ping_status":"open","sticky":false,"template":"","format":"standard","meta":{"footnotes":""},"categories":[44],"tags":[89,4951,3264,1246,1130],"class_list":["post-41820","post","type-post","status-publish","format-standard","has-post-thumbnail","hentry","category-yasam","tag-gun","tag-hayvanlari","tag-koc","tag-kuzu","tag-zor"],"_links":{"self":[{"href":"https:\/\/ikimisli.tr\/index.php\/wp-json\/wp\/v2\/posts\/41820","targetHints":{"allow":["GET"]}}],"collection":[{"href":"https:\/\/ikimisli.tr\/index.php\/wp-json\/wp\/v2\/posts"}],"about":[{"href":"https:\/\/ikimisli.tr\/index.php\/wp-json\/wp\/v2\/types\/post"}],"author":[{"embeddable":true,"href":"https:\/\/ikimisli.tr\/index.php\/wp-json\/wp\/v2\/users\/1"}],"replies":[{"embeddable":true,"href":"https:\/\/ikimisli.tr\/index.php\/wp-json\/wp\/v2\/comments?post=41820"}],"version-history":[{"count":1,"href":"https:\/\/ikimisli.tr\/index.php\/wp-json\/wp\/v2\/posts\/41820\/revisions"}],"predecessor-version":[{"id":41824,"href":"https:\/\/ikimisli.tr\/index.php\/wp-json\/wp\/v2\/posts\/41820\/revisions\/41824"}],"wp:featuredmedia":[{"embeddable":true,"href":"https:\/\/ikimisli.tr\/index.php\/wp-json\/wp\/v2\/media\/41821"}],"wp:attachment":[{"href":"https:\/\/ikimisli.tr\/index.php\/wp-json\/wp\/v2\/media?parent=41820"}],"wp:term":[{"taxonomy":"category","embeddable":true,"href":"https:\/\/ikimisli.tr\/index.php\/wp-json\/wp\/v2\/categories?post=41820"},{"taxonomy":"post_tag","embeddable":true,"href":"https:\/\/ikimisli.tr\/index.php\/wp-json\/wp\/v2\/tags?post=41820"}],"curies":[{"name":"wp","href":"https:\/\/api.w.org\/{rel}","templated":true}]}}