{"id":41901,"date":"2025-05-23T08:12:23","date_gmt":"2025-05-23T08:12:23","guid":{"rendered":"https:\/\/ikimisli.tr\/?p=41901"},"modified":"2025-05-23T08:12:23","modified_gmt":"2025-05-23T08:12:23","slug":"turkiye-ile-katar-arasinda-yeni-protokol","status":"publish","type":"post","link":"https:\/\/ikimisli.tr\/index.php\/2025\/05\/23\/turkiye-ile-katar-arasinda-yeni-protokol\/","title":{"rendered":"T\u00fcrkiye ile Katar aras\u0131nda yeni protokol"},"content":{"rendered":"<p>Hazine ve Maliye Bakan\u0131 Mehmet \u015eim\u015fek ile Katar Maliye Bakan\u0131 Ali bin Ahmed Al-Kuwari, bug\u00fcn \u0130stanbul&#8217;da bir ortaya geldi. Bakanl\u0131ktan yap\u0131lan a\u00e7\u0131klamaya nazaran, ikili g\u00f6r\u00fc\u015fmenin akabinde T\u00fcrkiye ve Katar ortas\u0131nda ekonomik ilgilerin daha da derinle\u015ftirilmesi ve stratejik alanlarda i\u015fbirli\u011finin art\u0131r\u0131lmas\u0131 hedefiyle somut ad\u0131mlar at\u0131lmas\u0131 kararla\u015ft\u0131r\u0131larak Karma Ekonomik ve Mali Komite Protokol\u00fc imzaland\u0131.<\/p>\n<p><b>&#8220;F\u0130NAS, T\u0130CARET, TUR\u0130ZM&#8230;&#8221;<\/b><\/p>\n<p>Bakanl\u0131ktan yap\u0131lan a\u00e7\u0131klamada \u015funlar kaydedildi:<\/p>\n<p>*T\u00fcrkiye-Katar Karma Ekonomik ve Mali Komite Toplant\u0131s\u0131 Hazine ve Maliye Bakan\u0131m\u0131z Say\u0131n Mehmet \u015eim\u015fek ile Katar Devleti Maliye Bakan\u0131 Say\u0131n Ali bin Ahmed Al-Kuwari&#8217;nin e\u015fba\u015fkanl\u0131klar\u0131nda 19-20 \u015eubat 2025 tarihlerinde \u0130stanbul&#8217;da ger\u00e7ekle\u015ftirilmi\u015ftir.<\/p>\n<p>*Her iki \u00fclkeden \u00fcst seviye temsilcilerin kat\u0131ld\u0131\u011f\u0131 toplant\u0131da, stratejik ortak olan T\u00fcrkiye ve Katar ortas\u0131nda kar\u015f\u0131l\u0131kl\u0131 yat\u0131r\u0131mlar\u0131n ve ticaretin art\u0131r\u0131lmas\u0131, ekonomik ve mali i\u015fbirli\u011finin g\u00fc\u00e7lendirilmesi ismine k\u0131ymetli kararlar al\u0131nm\u0131\u015ft\u0131r.<\/p>\n<p>*Karma Kurul toplant\u0131s\u0131 \u00e7er\u00e7evesinde 19 \u015eubat 2025 tarihinde her iki \u00fclke teknik heyetleri bir ortaya gelerek iktisat, bankac\u0131l\u0131k, finans, ticaret ve turizm alanlar\u0131nda de\u011ferli g\u00fcndem mevzular\u0131 ve i\u015fbirli\u011fi imk\u00e2nlar\u0131na dair g\u00f6r\u00fc\u015fmeler ger\u00e7ekle\u015ftirmi\u015ftir.<\/p>\n<p><b>&#8220;\u0130\u015eB\u0130RL\u0130\u011e\u0130N\u0130N ARTIRILMASI KARARLA\u015eTIRILDI&#8221;<\/b><\/p>\n<p>20 \u015eubat 2025 tarihinde, Hazine ve Maliye Bakan\u0131m\u0131z Say\u0131n Mehmet \u015eim\u015fek ile Katar Maliye Bakan\u0131 Say\u0131n Ali bin Ahmed Al-Kuwari ortas\u0131nda yap\u0131lan ikili g\u00f6r\u00fc\u015fmenin akabinde Say\u0131n Bakanlar\u0131n e\u015fba\u015fkanl\u0131klar\u0131nda Karma Ekonomik ve Mali Komite toplant\u0131s\u0131 ger\u00e7ekle\u015ftirilmi\u015ftir. Komite toplant\u0131s\u0131nda, T\u00fcrkiye ve Katar ortas\u0131nda ekonomik ilgilerin daha da derinle\u015ftirilmesi ve stratejik alanlarda i\u015fbirli\u011finin art\u0131r\u0131lmas\u0131 maksad\u0131yla somut ad\u0131mlar at\u0131lmas\u0131 kararla\u015ft\u0131r\u0131lm\u0131\u015f ve toplant\u0131 sonunda Karma Ekonomik ve Mali Komite Protokol\u00fc imzalanm\u0131\u015ft\u0131r. Kamuoyuna h\u00fcrmetle duyurulur.&#8221;<\/p>\n<p><b>YURTDI\u015eI \u00c7IKI\u015e YASA\u011eI VER\u0130LM\u0130\u015eT\u0130<\/b><\/p>\n<p>Katar&#8217;\u0131n en b\u00fcy\u00fck bankas\u0131 Qatar National Bank&#8217;\u0131n (QNB) sat\u0131n ald\u0131\u011f\u0131 QNB Finansbank&#8217;\u0131n Y\u00f6netim Kurulu Lideri Mehmet \u00d6mer Arif Aras hakk\u0131nda d\u00fcn yurtd\u0131\u015f\u0131na \u00e7\u0131k\u0131\u015f yasa\u011f\u0131 verilmi\u015fti. Aras, tabirinde, bu duruma dikkati \u00e7ekerek, &#8220;Uluslararas\u0131 bir bankan\u0131n 15 y\u0131ld\u0131r y\u00f6netim kurulu lideriyim, bankan\u0131n kurulu\u015fundan beri \u00e7al\u0131\u015f\u0131yorum, 70 ya\u015f\u0131nday\u0131m, bu bankan\u0131n ba\u015f\u0131nda oldu\u011fum i\u00e7in yurt d\u0131\u015f\u0131 ile temaslar\u0131m epey a\u011f\u0131rd\u0131r, ba\u015fta Katar olmak \u00fczere bir\u00e7ok \u00fclkeye gidiyorum, bankam\u0131zda 15 bin ki\u015fi \u00e7al\u0131\u015fmaktad\u0131r. T\u00fcrk iktisad\u0131na katk\u0131 sa\u011flamaya \u00e7al\u0131\u015f\u0131yoruz, yurt d\u0131\u015f\u0131 \u00e7\u0131k\u0131\u015f yasa\u011f\u0131n\u0131n taraf\u0131ma uygulanmamas\u0131n\u0131 arz ederim&#8221; demi\u015fti. Aras hakk\u0131nda yurtd\u0131\u015f\u0131na \u00e7\u0131k\u0131\u015f yasa\u011f\u0131 verildikten bir g\u00fcn sonra Hazine ve Maliye Bakan\u0131 \u015eim\u015fek&#8217;in Katar ile ekonomik ilgileri geli\u015ftirmek hedefiyle i\u00e7in Katar Maliye Bakan\u0131 ile protokol imzalamas\u0131 dikkati \u00e7ekti.<\/p>\n","protected":false},"excerpt":{"rendered":"<p>Hazine ve Maliye Bakanl\u0131\u011f\u0131&#8217;ndan yap\u0131lan a\u00e7\u0131klamada, Bakan Mehmet \u015eim\u015fek ile Katar Maliye Bakan\u0131 Ali bin Ahmed Al-Kuwari&#8217;nin g\u00f6r\u00fc\u015ft\u00fc\u011f\u00fc, g\u00f6r\u00fc\u015fmenin akabinde Karma Ekonomik ve Mali Komite Protokol\u00fc&#8217;n\u00fcn imzaland\u0131\u011f\u0131 bildirildi.<\/p>\n","protected":false},"author":1,"featured_media":41902,"comment_status":"open","ping_status":"open","sticky":false,"template":"","format":"standard","meta":{"footnotes":""},"categories":[24],"tags":[4158,1106,6337,247,163],"class_list":["post-41901","post","type-post","status-publish","format-standard","has-post-thumbnail","hentry","category-ekonomi","tag-aras","tag-katar","tag-maliye-bakani","tag-toplanti","tag-turk"],"_links":{"self":[{"href":"https:\/\/ikimisli.tr\/index.php\/wp-json\/wp\/v2\/posts\/41901","targetHints":{"allow":["GET"]}}],"collection":[{"href":"https:\/\/ikimisli.tr\/index.php\/wp-json\/wp\/v2\/posts"}],"about":[{"href":"https:\/\/ikimisli.tr\/index.php\/wp-json\/wp\/v2\/types\/post"}],"author":[{"embeddable":true,"href":"https:\/\/ikimisli.tr\/index.php\/wp-json\/wp\/v2\/users\/1"}],"replies":[{"embeddable":true,"href":"https:\/\/ikimisli.tr\/index.php\/wp-json\/wp\/v2\/comments?post=41901"}],"version-history":[{"count":1,"href":"https:\/\/ikimisli.tr\/index.php\/wp-json\/wp\/v2\/posts\/41901\/revisions"}],"predecessor-version":[{"id":41903,"href":"https:\/\/ikimisli.tr\/index.php\/wp-json\/wp\/v2\/posts\/41901\/revisions\/41903"}],"wp:featuredmedia":[{"embeddable":true,"href":"https:\/\/ikimisli.tr\/index.php\/wp-json\/wp\/v2\/media\/41902"}],"wp:attachment":[{"href":"https:\/\/ikimisli.tr\/index.php\/wp-json\/wp\/v2\/media?parent=41901"}],"wp:term":[{"taxonomy":"category","embeddable":true,"href":"https:\/\/ikimisli.tr\/index.php\/wp-json\/wp\/v2\/categories?post=41901"},{"taxonomy":"post_tag","embeddable":true,"href":"https:\/\/ikimisli.tr\/index.php\/wp-json\/wp\/v2\/tags?post=41901"}],"curies":[{"name":"wp","href":"https:\/\/api.w.org\/{rel}","templated":true}]}}