{"id":41907,"date":"2025-05-23T08:36:32","date_gmt":"2025-05-23T08:36:32","guid":{"rendered":"https:\/\/ikimisli.tr\/?p=41907"},"modified":"2025-05-23T08:36:32","modified_gmt":"2025-05-23T08:36:32","slug":"akpden-emeklilere-bayram-ikramiyesiyle-ilgili-kotu-haber","status":"publish","type":"post","link":"https:\/\/ikimisli.tr\/index.php\/2025\/05\/23\/akpden-emeklilere-bayram-ikramiyesiyle-ilgili-kotu-haber\/","title":{"rendered":"AKP&#8217;den emeklilere bayram ikramiyesiyle ilgili k\u00f6t\u00fc haber"},"content":{"rendered":"<p>AK Parti K\u00fcme Lideri Abdullah G\u00fcler, \u0130klim Kanunu yasa teklifine ait d\u00fczenlenen bas\u0131n toplant\u0131s\u0131na kat\u0131larak gazetecilerin sorular\u0131 yan\u0131tlad\u0131 ve kimi a\u00e7\u0131klamalarda bulundu.<\/p>\n<p>Emekli bayram ikramiyesi her y\u0131l iki kere hesaplara yat\u0131r\u0131l\u0131yor. Ge\u00e7ti\u011fimiz y\u0131l %50 art\u0131\u015f ile bir arada 3.000 liraya y\u00fckselirken bu y\u0131l yap\u0131lacak art\u0131\u015f \u015fimdi a\u015fik\u00e2r olmad\u0131.<\/p>\n<p><b>BAYRAM \u0130KRAM\u0130YES\u0130NE ARTIRIM YOK<\/b><\/p>\n<p>Emekliye bayram ikramiyesine ait soruyu yan\u0131tlayan G\u00fcler, g\u00fcndemlerinde \u015fimdi o denli bir \u00e7al\u0131\u015fma olmad\u0131\u011f\u0131n\u0131 s\u00f6z etti.<\/p>\n<p><b>&#8220;KEND\u0130 \u0130\u015e\u0130NE BAKMAK YER\u0130NE AKIL VERMEYE S\u00d6Z H\u00dcRR\u0130YET D\u0130YORLAR&#8221;<\/b><\/p>\n<p>G\u00fcler, T\u00dcS\u0130AD Y\u00f6netim Kurulu Lideri Orhan Turan ve Y\u0130K Ba\u015fkan\u0131 \u00d6mer Arif Aras hakk\u0131nda soru\u015fturma a\u00e7\u0131lmas\u0131na y\u00f6nelik soruya da yan\u0131t verdi.<\/p>\n<p>Abdullah G\u00fcler, T\u00fcrkiye&#8217;de herkesin i\u015fine odaklanmak yerine had bildirmeyi se\u00e7ti\u011fini kaydetti:<\/p>\n<p>&#8220;\u015eimdi arkada\u015flar T\u00fcrkiye&#8217;de maalesef herkes kendi temel i\u015fine odaklanmak yerine sa\u011fa sola ak\u0131l vermeyi yahut had bildirmeyi bir prosed\u00fcr olarak tabir h\u00fcrriyeti \u00fczere fikir h\u00fcrriyeti \u00fczere s\u00f6ylemeye \u00e7al\u0131\u015f\u0131yor. Olabilir yani s\u00f6z h\u00fcrriyeti, fikir h\u00fcrriyeti kapsam\u0131nda olabilir. Pekala bu T\u00dcS\u0130AD&#8217;taki arkada\u015flar hukuk\u00e7ular\u0131 var, dan\u0131\u015fmanlar\u0131 var. T\u00fcrkiye&#8217;nin de ge\u00e7en periyot gri listeden bu aktif u\u011fra\u015f\u0131yla bir arada \u00e7\u0131kmas\u0131na da sebebiyet verdi. Gri listeden \u00e7\u0131kt\u0131k.<\/p>\n<p>Bu faal gayretimizden \u00f6t\u00fcr\u00fc pekala neden bir a\u00e7\u0131klama yapm\u0131yorlar bu mevzuda? Mevzuat a\u00e7\u0131s\u0131ndan kanunun \u00f6rg\u00fctl\u00fc hatalarla gayret ter\u00f6r\u00fcn finansman\u0131yla gayret ve buraya ceza soru\u015fturmas\u0131yla birlikte mahkemelerce kayyum atanmas\u0131 halinde TMSF olmas\u0131n\u0131 neden kendi alan\u0131n\u0131 \u00e7ok direkt ilgilendirdi\u011fi halde T\u00dcS\u0130AD ni\u00e7in a\u00e7\u0131klama yapmaz arkada\u015flar?<\/p>\n<p>Sonra \u015f\u00f6yle a\u00e7\u0131klama yap\u0131yor. Efendim hatal\u0131 mudur, hatas\u0131z mudur bilmiyoruz. Ceza muhatab\u0131 tarz\u0131 kamu yeterince soru\u015fturmalar z\u0131mnidir. Ben de bilmiyorum. Bak \u015fu anda onlar hakk\u0131nda bir soru\u015fturma bilmiyorum i\u00e7eri\u011fini.&#8221;<\/p>\n","protected":false},"excerpt":{"rendered":"<p>T\u00fcrkiye ekonomisindeki kriz en fazla emekliyi olumsuz etkiliyor. Ramazan ay\u0131n\u0131n yakla\u015fmas\u0131yla birlikte ak\u0131llara emeklilere verilen bayram ikramiyesine art\u0131r\u0131m yap\u0131lacak m\u0131 sorusu geliyor. AKP Grup Ba\u015fkan\u0131 Abdullar G\u00fcler d\u00fczenledi\u011fi bas\u0131n toplant\u0131s\u0131nda bu mevzuya ait bir a\u00e7\u0131klama yapt\u0131<\/p>\n","protected":false},"author":1,"featured_media":41908,"comment_status":"open","ping_status":"open","sticky":false,"template":"","format":"standard","meta":{"footnotes":""},"categories":[25],"tags":[6338],"class_list":["post-41907","post","type-post","status-publish","format-standard","has-post-thumbnail","hentry","category-gundem","tag-hurriyet"],"_links":{"self":[{"href":"https:\/\/ikimisli.tr\/index.php\/wp-json\/wp\/v2\/posts\/41907","targetHints":{"allow":["GET"]}}],"collection":[{"href":"https:\/\/ikimisli.tr\/index.php\/wp-json\/wp\/v2\/posts"}],"about":[{"href":"https:\/\/ikimisli.tr\/index.php\/wp-json\/wp\/v2\/types\/post"}],"author":[{"embeddable":true,"href":"https:\/\/ikimisli.tr\/index.php\/wp-json\/wp\/v2\/users\/1"}],"replies":[{"embeddable":true,"href":"https:\/\/ikimisli.tr\/index.php\/wp-json\/wp\/v2\/comments?post=41907"}],"version-history":[{"count":1,"href":"https:\/\/ikimisli.tr\/index.php\/wp-json\/wp\/v2\/posts\/41907\/revisions"}],"predecessor-version":[{"id":41909,"href":"https:\/\/ikimisli.tr\/index.php\/wp-json\/wp\/v2\/posts\/41907\/revisions\/41909"}],"wp:featuredmedia":[{"embeddable":true,"href":"https:\/\/ikimisli.tr\/index.php\/wp-json\/wp\/v2\/media\/41908"}],"wp:attachment":[{"href":"https:\/\/ikimisli.tr\/index.php\/wp-json\/wp\/v2\/media?parent=41907"}],"wp:term":[{"taxonomy":"category","embeddable":true,"href":"https:\/\/ikimisli.tr\/index.php\/wp-json\/wp\/v2\/categories?post=41907"},{"taxonomy":"post_tag","embeddable":true,"href":"https:\/\/ikimisli.tr\/index.php\/wp-json\/wp\/v2\/tags?post=41907"}],"curies":[{"name":"wp","href":"https:\/\/api.w.org\/{rel}","templated":true}]}}