{"id":41927,"date":"2025-05-23T09:36:29","date_gmt":"2025-05-23T09:36:29","guid":{"rendered":"https:\/\/ikimisli.tr\/?p=41927"},"modified":"2025-05-23T09:36:29","modified_gmt":"2025-05-23T09:36:29","slug":"kar-uyarisi-gelirken-bir-de-buzullar-cikti-tehlike-canlari-caliyor","status":"publish","type":"post","link":"https:\/\/ikimisli.tr\/index.php\/2025\/05\/23\/kar-uyarisi-gelirken-bir-de-buzullar-cikti-tehlike-canlari-caliyor\/","title":{"rendered":"Kar uyar\u0131s\u0131 gelirken bir de buzullar \u00e7\u0131kt\u0131: Tehlike \u00e7anlar\u0131 \u00e7al\u0131yor"},"content":{"rendered":"<p>D\u00fcnya Buzul \u0130zleme Servisi Y\u00f6neticisi Michael Zemp&#8217;in Nature mecmuas\u0131nda yay\u0131mlad\u0131\u011f\u0131 yeni \u00e7al\u0131\u015fmaya nazaran, son on y\u0131lda buzullar\u0131n erime oran\u0131, 2000-2011 periyoduna k\u0131yasla k\u0131ymetli \u00f6l\u00e7\u00fcde artm\u0131\u015f durumda. Bu \u00e7al\u0131\u015fma, 35 farkl\u0131 bilimsel grubun 230&#8217;dan fazla b\u00f6lgesel kestirim raporunun birle\u015ftirilmesiyle yap\u0131ld\u0131 ve buzullar\u0131n erime surat\u0131n\u0131n gezegenin gelece\u011fi \u00fczerinde yarataca\u011f\u0131 tesirler hakk\u0131nda kritik datalar sunuyor.<\/p>\n<p><b>Tatl\u0131 Su Kaynaklar\u0131 Tehdit Alt\u0131nda<\/b><\/p>\n<p>Buzullar, bilhassa tatl\u0131 su kaynaklar\u0131 a\u00e7\u0131s\u0131ndan b\u00fcy\u00fck ehemmiyet ta\u015f\u0131yor. Lakin ara\u015ft\u0131rma, da\u011f buzullar\u0131n\u0131n s\u00fcratle k\u00fc\u00e7\u00fcld\u00fc\u011f\u00fcn\u00fc ve son 25 y\u0131lda buzul alanlar\u0131n\u0131n y\u00fczde 5 oran\u0131nda azald\u0131\u011f\u0131n\u0131 belirtiyor. Ola\u011fan \u015fartlarda, buzullar kar ya\u011f\u0131\u015f\u0131 ile eriyen k\u00fctlelerini telafi ederek dengeyi sa\u011flar. Ama artan fosil yak\u0131t kullan\u0131m\u0131 ve global s\u0131cakl\u0131klar\u0131n y\u00fckselmesi bu dengeyi bozdu.<\/p>\n<p><b>B\u00fcy\u00fck Kay\u0131plar ve \u00c7arp\u0131c\u0131 Veriler<\/b><\/p>\n<p>\u00c7al\u0131\u015fmaya nazaran, 2000-2023 y\u0131llar\u0131 ortas\u0131nda Gr\u00f6nland ve Antarktika\u2019daki buzullar, y\u0131lda ortalama 270 milyar ton buz kaybetti. Zemp, bu kayb\u0131 daha somut hale getirmek i\u00e7in \u015fu \u00f6rne\u011fi verdi: &#8220;Her ki\u015fi i\u00e7in g\u00fcnde 3 litre su olmak \u00fczere t\u00fcm d\u00fcnya n\u00fcfusunun 30 y\u0131ll\u0131k su t\u00fcketimine denk geliyor.&#8221;<\/p>\n<p><b>Erime Oran\u0131 Dramatikle\u015fiyor<\/b><\/p>\n<p>Baz\u0131 b\u00f6lgelerde buzul erimesi dramatik boyutlara ula\u015ft\u0131. Bilhassa Avrupa&#8217;n\u0131n orta k\u0131s\u0131mlar\u0131nda, son 20 y\u0131lda buzullar\u0131n y\u00fczde 39&#8217;unun kayboldu\u011fu tespit edildi. Bu, buzul alanlar\u0131nda ya\u015fanan b\u00fcy\u00fck kay\u0131plar\u0131n bir \u00f6b\u00fcr \u00f6rne\u011fi olarak dikkat \u00e7ekiyor.<\/p>\n<p>Zemp&#8217;in \u00e7al\u0131\u015fmas\u0131, buzullar\u0131n erimesinin sadece su kaynaklar\u0131n\u0131 de\u011fil, birebir vakitte global iklim tertibini ve deniz d\u00fczeylerinin y\u00fckselmesi \u00fczere \u00f6nemli sonu\u00e7lar\u0131 da beraberinde getirece\u011fini vurguluyor.<\/p>\n","protected":false},"excerpt":{"rendered":"<p>T\u00fcrkiye&#8217;de kar f\u0131rt\u0131nas\u0131 t\u00fcm \u00fclkeyi tesiri alt\u0131na ald\u0131. \u0130klim de\u011fi\u015fikli\u011finin de tesiriyle buzullar\u0131n erime surat\u0131 son vakitlerde hayli art\u0131yor. Uzmanlar buzullar\u0131n erimesi ile deniz d\u00fczeylerinin y\u00fckselmesi ve tatl\u0131 su kaynaklar\u0131n\u0131n da riske girdi\u011fini a\u00e7\u0131klad\u0131<\/p>\n","protected":false},"author":1,"featured_media":41928,"comment_status":"open","ping_status":"open","sticky":false,"template":"","format":"standard","meta":{"footnotes":""},"categories":[25],"tags":[3269,3863],"class_list":["post-41927","post","type-post","status-publish","format-standard","has-post-thumbnail","hentry","category-gundem","tag-buzul","tag-erime"],"_links":{"self":[{"href":"https:\/\/ikimisli.tr\/index.php\/wp-json\/wp\/v2\/posts\/41927","targetHints":{"allow":["GET"]}}],"collection":[{"href":"https:\/\/ikimisli.tr\/index.php\/wp-json\/wp\/v2\/posts"}],"about":[{"href":"https:\/\/ikimisli.tr\/index.php\/wp-json\/wp\/v2\/types\/post"}],"author":[{"embeddable":true,"href":"https:\/\/ikimisli.tr\/index.php\/wp-json\/wp\/v2\/users\/1"}],"replies":[{"embeddable":true,"href":"https:\/\/ikimisli.tr\/index.php\/wp-json\/wp\/v2\/comments?post=41927"}],"version-history":[{"count":1,"href":"https:\/\/ikimisli.tr\/index.php\/wp-json\/wp\/v2\/posts\/41927\/revisions"}],"predecessor-version":[{"id":41929,"href":"https:\/\/ikimisli.tr\/index.php\/wp-json\/wp\/v2\/posts\/41927\/revisions\/41929"}],"wp:featuredmedia":[{"embeddable":true,"href":"https:\/\/ikimisli.tr\/index.php\/wp-json\/wp\/v2\/media\/41928"}],"wp:attachment":[{"href":"https:\/\/ikimisli.tr\/index.php\/wp-json\/wp\/v2\/media?parent=41927"}],"wp:term":[{"taxonomy":"category","embeddable":true,"href":"https:\/\/ikimisli.tr\/index.php\/wp-json\/wp\/v2\/categories?post=41927"},{"taxonomy":"post_tag","embeddable":true,"href":"https:\/\/ikimisli.tr\/index.php\/wp-json\/wp\/v2\/tags?post=41927"}],"curies":[{"name":"wp","href":"https:\/\/api.w.org\/{rel}","templated":true}]}}