{"id":42093,"date":"2025-05-23T19:24:23","date_gmt":"2025-05-23T19:24:23","guid":{"rendered":"https:\/\/ikimisli.tr\/?p=42093"},"modified":"2025-05-23T19:24:23","modified_gmt":"2025-05-23T19:24:23","slug":"ergin-ataman-ikinci-yarida-kaos-basketbolu-oynadik","status":"publish","type":"post","link":"https:\/\/ikimisli.tr\/index.php\/2025\/05\/23\/ergin-ataman-ikinci-yarida-kaos-basketbolu-oynadik\/","title":{"rendered":"Ergin Ataman: \u0130kinci yar\u0131da kaos basketbolu oynad\u0131k"},"content":{"rendered":"<p>2025 Avrupa Basketbol \u015eampiyonas\u0131 Elemeleri B K\u00fcmesi 5. hafta ma\u00e7\u0131nda \u0130talya&#8217;ya 80-67 ma\u011flup olan A Ulusal Ekip&#8217;te ba\u015fantren\u00f6r Ergin Ataman, Basketbol Geli\u015fim Merkezi&#8217;ndeki kar\u015f\u0131la\u015fman\u0131n akabinde d\u00fczenlenen bas\u0131n toplant\u0131s\u0131nda a\u00e7\u0131klamalarda bulundu.<\/p>\n<p>Ma\u00e7\u0131n birinci \u00e7eyre\u011finde \u0130talya&#8217;ya 6 hamle ribaundu ve ekstra konumlar verdiklerini belirten Ergin Ataman, &#8220;Savunmada agresifli\u011fimizi kaybettik. Birinci yar\u0131da 48 say\u0131 yedik. Bu d\u00fczeylerde bu kadar say\u0131 \u00e7ok fazla. \u0130kinci yar\u0131da kaos basketbolu oynad\u0131k. Fark\u0131 7 say\u0131ya kadar d\u00fc\u015f\u00fcrd\u00fck. Geri d\u00f6nmeye \u00e7al\u0131\u015ft\u0131k. Top kay\u0131plar\u0131 yapt\u0131k. \u0130stikrar\u0131m\u0131z\u0131 kaybettik. \u0130talya, \u00e7ok d\u00fczg\u00fcn performans sergiledi. Galibiyeti ve k\u00fcme liderli\u011fini hak etti.&#8221; s\u00f6zlerini kulland\u0131.<\/p>\n<p>Milli basketbolcu \u015eehmus Hazer ise u\u011fra\u015fa istedikleri ba\u015flang\u0131c\u0131 yapamad\u0131klar\u0131n\u0131 aktararak &#8220;\u0130kinci yar\u0131da biraz bask\u0131 kurarak fark\u0131 kapatmaya \u00e7al\u0131\u015ft\u0131k lakin ba\u015far\u0131l\u0131 olamad\u0131k.&#8221; dedi.<\/p>\n<p><b>Pozzecco: Grubumla gurur duyuyorum<\/b><\/p>\n<p>\u0130talya Ba\u015fantren\u00f6r\u00fc Gianmarco Pozzecco, T\u00fcrkiye kar\u015f\u0131s\u0131nda elde ettikleri galibiyetten \u00f6t\u00fcr\u00fc oyuncular\u0131yla gurur duydu\u011funu kaydetti.<\/p>\n<p>Kar\u015f\u0131la\u015fma hakk\u0131nda g\u00f6r\u00fc\u015flerini payla\u015fan Pozzecco, &#8220;Ger\u00e7ekten grubumla gurur duyuyorum. Avrupa&#8217;n\u0131n en uygun ko\u00e7lar\u0131ndan birinin ekibine kar\u015f\u0131 oynad\u0131k. Larkin ve Furkan Korkmaz \u00fczere oyunculara sahipler. Kolay ma\u00e7 olmad\u0131. Gen\u00e7 oyunculardan olu\u015fan tak\u0131mla oynad\u0131k. Deneyimli oyuncular\u0131m\u0131z yoktu. Bu oyuncular \u0130talya&#8217;n\u0131n gelece\u011fi. \u00c7ok kusursuz performans g\u00f6sterdik. \u00c7ok yeterli sonu\u00e7 ald\u0131k. Yeterli savunma yapt\u0131k. Atakta topu g\u00fczel ta\u015f\u0131d\u0131k. Agresif oynad\u0131k. \u00c7ok memnunum.&#8221; formunda g\u00f6r\u00fc\u015f belirtti.<\/p>\n<p>\u0130talya&#8217;n\u0131n kaptan\u0131 Alessandro Pajola ise bilhassa savunmada \u00e7ok uygun bir oyun ortaya koyduklar\u0131n\u0131 vurgulayarak &#8220;\u00c7ok memnunum. Kaptan olarak birinci ma\u00e7\u0131ma \u00e7\u0131kt\u0131m. Grupla gurur duyuyorum.&#8221; diye konu\u015ftu.<\/p>\n","protected":false},"excerpt":{"rendered":"<p>A Ulusal Erkek Basketbol Kadrosu Ba\u015fantren\u00f6r\u00fc Ergin Ataman, \u0130talya ma\u00e7\u0131n\u0131n akabinde yapt\u0131\u011f\u0131 a\u00e7\u0131klamada ikinci yar\u0131da kaos basketbolu oynad\u0131klar\u0131n\u0131 s\u00f6yledi.<\/p>\n","protected":false},"author":1,"featured_media":42094,"comment_status":"open","ping_status":"open","sticky":false,"template":"","format":"standard","meta":{"footnotes":""},"categories":[30],"tags":[140,3771],"class_list":["post-42093","post","type-post","status-publish","format-standard","has-post-thumbnail","hentry","category-spor","tag-italya","tag-oyuncular"],"_links":{"self":[{"href":"https:\/\/ikimisli.tr\/index.php\/wp-json\/wp\/v2\/posts\/42093","targetHints":{"allow":["GET"]}}],"collection":[{"href":"https:\/\/ikimisli.tr\/index.php\/wp-json\/wp\/v2\/posts"}],"about":[{"href":"https:\/\/ikimisli.tr\/index.php\/wp-json\/wp\/v2\/types\/post"}],"author":[{"embeddable":true,"href":"https:\/\/ikimisli.tr\/index.php\/wp-json\/wp\/v2\/users\/1"}],"replies":[{"embeddable":true,"href":"https:\/\/ikimisli.tr\/index.php\/wp-json\/wp\/v2\/comments?post=42093"}],"version-history":[{"count":1,"href":"https:\/\/ikimisli.tr\/index.php\/wp-json\/wp\/v2\/posts\/42093\/revisions"}],"predecessor-version":[{"id":42095,"href":"https:\/\/ikimisli.tr\/index.php\/wp-json\/wp\/v2\/posts\/42093\/revisions\/42095"}],"wp:featuredmedia":[{"embeddable":true,"href":"https:\/\/ikimisli.tr\/index.php\/wp-json\/wp\/v2\/media\/42094"}],"wp:attachment":[{"href":"https:\/\/ikimisli.tr\/index.php\/wp-json\/wp\/v2\/media?parent=42093"}],"wp:term":[{"taxonomy":"category","embeddable":true,"href":"https:\/\/ikimisli.tr\/index.php\/wp-json\/wp\/v2\/categories?post=42093"},{"taxonomy":"post_tag","embeddable":true,"href":"https:\/\/ikimisli.tr\/index.php\/wp-json\/wp\/v2\/tags?post=42093"}],"curies":[{"name":"wp","href":"https:\/\/api.w.org\/{rel}","templated":true}]}}