{"id":42119,"date":"2025-05-23T20:36:31","date_gmt":"2025-05-23T20:36:31","guid":{"rendered":"https:\/\/ikimisli.tr\/?p=42119"},"modified":"2025-05-23T20:36:31","modified_gmt":"2025-05-23T20:36:31","slug":"korgenerali-olumle-bile-tehdit-ettiler","status":"publish","type":"post","link":"https:\/\/ikimisli.tr\/index.php\/2025\/05\/23\/korgenerali-olumle-bile-tehdit-ettiler\/","title":{"rendered":"Korgenerali \u00f6l\u00fcmle bile tehdit ettiler"},"content":{"rendered":"<p>\u201cMustafaKemal\u2019in Askerleriyiz\u201d diyerek yemin eden 5 te\u011fmenin ihra\u00e7 edilmesi i\u00e7in kampanya ba\u015flatan troller, bu defa de ihraca kar\u015f\u0131 \u00e7\u0131kan ve emeklili\u011fini isteyen Kara Kuvvetleri Komutanl\u0131\u011f\u0131 Kurmay Ba\u015fkan\u0131 Korgeneral Tevfik Algan\u2019\u0131 mevtle tehdit etti. Korgeneral Algan\u2019\u0131n 3. Ordu buyru\u011funa verilmesinin akabinde emeklili\u011fini istemesi \u00fczerine bir\u00e7ok toplumsal medya payla\u015f\u0131m\u0131nda Algan\u2019\u0131n \u2018onurlu ve dik bir duru\u015f\u2019 sergiledi\u011fi belirtildi. \u00d6te yandan troll hesaplardan da Algan hakk\u0131nda olumsuz payla\u015f\u0131mlar ve vefat tehditleri yap\u0131ld\u0131. CHP Genel Lider Yard\u0131mc\u0131s\u0131 Yank\u0131 Ba\u011fc\u0131o\u011flu, \u201cPersonelinin hak ve hukukunu korumak i\u00e7in Kara Kuvvetleri Komutanl\u0131\u011f\u0131 ve Ulusal Savunma \u00dcniversitesi Rekt\u00f6rl\u00fc\u011f\u00fc hata duyurusunda bulundu mu\u201d diye sordu. \u0130hra\u00e7 edilen te\u011fmenlerden devir birincisi Ebru Ero\u011flu\u2019na da yap\u0131lan a\u011f\u0131r hakaretler \u201c\u0130fade \u00f6zg\u00fcrl\u00fc\u011f\u00fc\u201d say\u0131lm\u0131\u015f ve takipsizlik karar\u0131 verilmi\u015fti. Lakin kamuoyunun reaksiyonu \u00fczerine bu karar kald\u0131r\u0131ld\u0131 ve soru\u015fturma ba\u015flat\u0131ld\u0131.<\/p>\n<p><b><span>Piyade Okulu\u2019ndaki ihra\u00e7 iptal edildi<\/span><\/b><\/p>\n<p>Erzurum 1. Y\u00f6netim Mahkemesi, Tuzla Piyade Okullar Komutanl\u0131\u011f\u0131nda 10 Kas\u0131m 2023\u2019teki Atat\u00fcrk\u2019\u00fc Anma T\u00f6reni\u2019nde \u201cAtat\u00fcrk foto\u011fraf\u0131 takmayan\u201d te\u011fmene reaksiyon g\u00f6sterdi\u011fi i\u00e7in ihra\u00e7 edilen S.\u00c7 hakk\u0131ndaki, Kara Kuvvetleri Komutanl\u0131\u011f\u0131 Y\u00fcksek Disiplin \u015euras\u0131n\u0131n ihra\u00e7 karar\u0131n\u0131 iptal etti. Oy birli\u011fiyle al\u0131nan karar\u0131n m\u00fcnasebetinde, \u201cSiyasi bir emelle yap\u0131ld\u0131\u011f\u0131n\u0131 destekleyen somut bilgi yok\u201d denildi. <strong>(ANKA)<\/strong><\/p>\n<p>\u00a0<\/p>\n","protected":false},"excerpt":{"rendered":"<p>CHP\u2019li Ba\u011fc\u0131o\u011flu, Korgeneral Algan hakk\u0131ndaki yorumlara, bir s\u00fcre\u00e7 yap\u0131l\u0131p yap\u0131lmad\u0131\u011f\u0131n\u0131 sordu.<\/p>\n","protected":false},"author":1,"featured_media":42120,"comment_status":"open","ping_status":"open","sticky":false,"template":"","format":"standard","meta":{"footnotes":""},"categories":[25],"tags":[1321,775],"class_list":["post-42119","post","type-post","status-publish","format-standard","has-post-thumbnail","hentry","category-gundem","tag-ihrac","tag-kara"],"_links":{"self":[{"href":"https:\/\/ikimisli.tr\/index.php\/wp-json\/wp\/v2\/posts\/42119","targetHints":{"allow":["GET"]}}],"collection":[{"href":"https:\/\/ikimisli.tr\/index.php\/wp-json\/wp\/v2\/posts"}],"about":[{"href":"https:\/\/ikimisli.tr\/index.php\/wp-json\/wp\/v2\/types\/post"}],"author":[{"embeddable":true,"href":"https:\/\/ikimisli.tr\/index.php\/wp-json\/wp\/v2\/users\/1"}],"replies":[{"embeddable":true,"href":"https:\/\/ikimisli.tr\/index.php\/wp-json\/wp\/v2\/comments?post=42119"}],"version-history":[{"count":1,"href":"https:\/\/ikimisli.tr\/index.php\/wp-json\/wp\/v2\/posts\/42119\/revisions"}],"predecessor-version":[{"id":42121,"href":"https:\/\/ikimisli.tr\/index.php\/wp-json\/wp\/v2\/posts\/42119\/revisions\/42121"}],"wp:featuredmedia":[{"embeddable":true,"href":"https:\/\/ikimisli.tr\/index.php\/wp-json\/wp\/v2\/media\/42120"}],"wp:attachment":[{"href":"https:\/\/ikimisli.tr\/index.php\/wp-json\/wp\/v2\/media?parent=42119"}],"wp:term":[{"taxonomy":"category","embeddable":true,"href":"https:\/\/ikimisli.tr\/index.php\/wp-json\/wp\/v2\/categories?post=42119"},{"taxonomy":"post_tag","embeddable":true,"href":"https:\/\/ikimisli.tr\/index.php\/wp-json\/wp\/v2\/tags?post=42119"}],"curies":[{"name":"wp","href":"https:\/\/api.w.org\/{rel}","templated":true}]}}