{"id":42217,"date":"2025-05-24T02:12:30","date_gmt":"2025-05-24T02:12:30","guid":{"rendered":"https:\/\/ikimisli.tr\/?p=42217"},"modified":"2025-05-24T02:12:30","modified_gmt":"2025-05-24T02:12:30","slug":"7-polisin-sehit-oldugu-katliam-davasinda-yargilanan-ogretmen-icin-karar","status":"publish","type":"post","link":"https:\/\/ikimisli.tr\/index.php\/2025\/05\/24\/7-polisin-sehit-oldugu-katliam-davasinda-yargilanan-ogretmen-icin-karar\/","title":{"rendered":"7 polisin \u015fehit oldu\u011fu katliam davas\u0131nda yarg\u0131lanan \u00f6\u011fretmen i\u00e7in karar"},"content":{"rendered":"<p>Bing\u00f6l\u2019de havaalan\u0131 yolunda z\u0131rhl\u0131 polis arac\u0131n\u0131n ge\u00e7i\u015fi s\u0131ras\u0131nda \u00e7al\u0131nt\u0131 bomba y\u00fckl\u00fc ara\u00e7la ger\u00e7ekle\u015ftirilen taarruzda \u015fehit olan 7 polisin \u00f6ld\u00fcr\u00fclmesi aksiyonunda yer ald\u0131\u011f\u0131 gerek\u00e7esiyle F\u0131rat D. 8 sefer a\u011f\u0131rla\u015ft\u0131r\u0131lm\u0131\u015f m\u00fcebbet mahpusla cezaland\u0131r\u0131ld\u0131. Akabinde hatas\u0131 yard\u0131m kapsam\u0131nda kald\u0131\u011f\u0131 gerek\u00e7esiyle cezas\u0131 1 defa a\u011f\u0131rla\u015ft\u0131r\u0131lm\u0131\u015f m\u00fcebbet ve 126 y\u0131la d\u00f6n\u00fc\u015ft\u00fcr\u00fcld\u00fc. Bing\u00f6l A\u011f\u0131r Ceza Mahkemesinin verdi\u011fi karar\u0131 Diyarbak\u0131r B\u00f6lge \u0130stinaf Mahkemesi de oy birli\u011fiyle onad\u0131. Evrak kesin karar verilmek \u00fczere Yarg\u0131tay 3. Ceza Dairesine g\u00f6nderildi.<\/p>\n<p>Bing\u00f6l havaalan\u0131 istikametinden Berti kav\u015fa\u011f\u0131na hakikat hareket halindeki \u00c7evik Kuvvet \u015eube M\u00fcd\u00fcrl\u00fc\u011f\u00fcne ba\u011fl\u0131 z\u0131rhl\u0131 sivil otob\u00fcse 1 A\u011fustos 2016 g\u00fcn\u00fc \u00e7al\u0131nt\u0131 bomba y\u00fckl\u00fc bir ara\u00e7la uzaktan kumandal\u0131 bombal\u0131 h\u00fccum ger\u00e7ekle\u015ftirildi. Hain h\u00fccumda alev alan otob\u00fcste Duran Merenir, Hasan Ko\u00e7er, O\u011fuz S\u00fcnb\u00fcl, Abdullah B\u0131y\u0131k, Bekir Deniz, Yunus Emre Do\u011fan ile Osman Emre Karademir isimli polisler \u015fehit olurken, Bu\u011fra Y\u0131ld\u0131r\u0131m, Hasan Tendik ve Ferit Akg\u00fcn isimli polisler de yaraland\u0131.<\/p>\n<p><b>\u00d6\u011eRETMENL\u0130K YAPIYORDU<\/b><\/p>\n<p>Sald\u0131r\u0131dan sonra yakalanan ve teslim olan da\u011f tak\u0131m\u0131ndaki ter\u00f6ristlerin te\u015fhisleri, polise gelen ihbar ile bir z\u0131mn\u00ee \u015fahit tabiri \u00fczerine olay\u0131n faili oldu\u011fu arg\u00fcman\u0131yla \u00f6\u011fretmenlik yapan F\u0131rat D. 16 Aral\u0131k 2022 g\u00fcn\u00fc tutukland\u0131.<\/p>\n<p>Hakk\u0131nda Bing\u00f6l A\u011f\u0131r Ceza Mahkemesine \u201cDevletin birli\u011fini ve b\u00fct\u00fcnl\u00fc\u011f\u00fcn\u00fc bozmak, ki\u015fiyi yerine getirdi\u011fi kamu vazifesinden \u00f6t\u00fcr\u00fc \u00f6ld\u00fcrmek\u201d hatas\u0131ndan dava a\u00e7\u0131ld\u0131. 5 Temmuz 2023 g\u00fcn\u00fc hata vasf\u0131n\u0131n de\u011fi\u015fme ihtimali ve kan\u0131t durumuna nazaran tahliye edildi. 22 Eyl\u00fcl 2023 g\u00fcn\u00fc yine tutukland\u0131. Hakim kar\u015f\u0131s\u0131na \u00e7\u0131kan F\u0131rat D. \u201cT\u00fcyler \u00fcrpertici vah\u015fice i\u015flenen bir h\u00fccumla yarg\u0131lan\u0131yorum. Ferman kod isimli ter\u00f6ristin s\u00f6zlerine sizde prestij etmemi\u015f olacaks\u0131n\u0131z ki 7 ay tutuklu kald\u0131ktan sonra beni tahliye ettiniz. Akabinde olaydan 7 y\u0131l sonra bir z\u0131mn\u00ee \u015fahit s\u00f6z\u00fcyle yine tutukland\u0131m. Rabbim \u015fahit ki her ikisinin tezleri da as\u0131ls\u0131zd\u0131r. \u00c7al\u0131\u015ft\u0131\u011f\u0131m kurumdan beni almaya geldiklerinde 5 dakikal\u0131k bir ifaden var imza at\u0131p gideceksin dediler\u201d diye konu\u015ftu.<\/p>\n<p><b>&#8220;HAYATIM BOYUNCA ARA\u00c7 KULLANMADIM&#8221;<\/b><\/p>\n<p>TEM \u015fubesine g\u00f6t\u00fcr\u00fcl\u00fcp, 2,5 saat hem kelaml\u0131 hem fiziki \u015fiddete maruz kald\u0131\u011f\u0131n\u0131 anlatan F\u0131rat D. \u201cAllah \u015fahit ki hukuk ve yarg\u0131 kaybeder. Kazanan ter\u00f6r \u00f6rg\u00fct\u00fc olur. Benim cezaland\u0131r\u0131lmam onlar\u0131n ekme\u011fine ya\u011f s\u00fcrer. 1. ve 5. s\u0131n\u0131fa giden iki \u00e7ocu\u011fum var. \u00c7ok g\u00fc\u00e7 kaidelerde okuduk, okuduktan sonra da \u00e7abucak i\u015f bulamad\u0131m. G\u00fcnahs\u0131z insanlar\u0131n kan\u0131na girecek bir insan de\u011filim. Bilhassa \u00e7ocuklar\u0131m i\u00e7in sizden tahliyemi istiyorum. Bu sald\u0131r\u0131y\u0131 ger\u00e7ekle\u015ftirenleri de lanetliyorum. Hakk\u0131mda tabir veren Ferman kod isimli ter\u00f6risti tan\u0131m\u0131yorum. 7 polisin \u015fehit oldu\u011fu olayla hi\u00e7bir ba\u011f\u0131m yok. Olay g\u00fcn\u00fc ben Gen\u00e7 il\u00e7esindeydim. Bing\u00f6l\u2019de de\u011fildim. Teslim olan H\u00fcseyin Do\u011fan isimli ter\u00f6risti benim aleyhime tabir vermeye zorlam\u0131\u015f olabilirler. Benim bomba y\u00fckl\u00fc arac\u0131 Bing\u00f6l\u2019e g\u00f6t\u00fcrd\u00fc\u011f\u00fcm sav edilmektedir. Hayat\u0131m boyunca ara\u00e7 kullanmad\u0131m. Gaz ve frenin nerede oldu\u011funu dahi bilmem\u201d dedi.<\/p>\n<p><b>ARA\u00c7TAN \u015e\u00dcPHELEN\u0130LMES\u0130N D\u0130YE T\u00dcRK BAYRA\u011eI ASTILAR<\/b><\/p>\n<p>Ferman kod isimli ter\u00f6rist H\u00fcseyin Do\u011fan F\u0131rat D.\u2019yi foto\u011fraf\u0131ndan te\u015fhis ederek, \u201c7 polisin \u015fehit oldu\u011fu olayda ben Bing\u00f6l Gen\u00e7 k\u0131rsal\u0131ndayd\u0131m. K\u00fcme aksiyon haz\u0131rl\u0131\u011f\u0131 i\u00e7indeydi, fakat ben nerede hangi aksiyonu yapacaklar\u0131n\u0131 bilmiyordum. Havaalan\u0131 yolunda bomba y\u00fckl\u00fc arac\u0131 patlat\u0131p 7 polisi \u015fehit ettiler. G\u00f6zl\u00fckl\u00fc \u015fah\u0131s F\u0131rat D. bomba y\u00fckl\u00fc \u00e7al\u0131nt\u0131 arac\u0131 ter\u00f6ristlerden al\u0131p Bing\u00f6l\u2019e g\u00f6t\u00fcrd\u00fc ve dikkat \u00e7ekmesin diye \u00fczerine T\u00fcrk bayra\u011f\u0131 ast\u0131. Yolun kenar\u0131na b\u0131rak\u0131ld\u0131ktan sonra patlat\u0131ld\u0131. Bu ki\u015fi Bomba y\u00fckl\u00fc arac\u0131n Lice\u2019den Bing\u00f6l\u2019e g\u00f6t\u00fcr\u00fcld\u00fc\u011f\u00fc s\u0131rada yolda asker denetimi olmad\u0131\u011f\u0131n\u0131 Demhat kod isimli ter\u00f6riste bildirdi. Hatta o periyotta 15 Temmuz darbe te\u015febb\u00fcs\u00fc ya\u015fand\u0131\u011f\u0131 i\u00e7in bombal\u0131 ara\u00e7tan kimse \u015f\u00fcphelenmesin diye \u00fczerine T\u00fcrk bayra\u011f\u0131 ast\u0131lar. Otob\u00fcs havaalan\u0131na ne vakit girip, \u00e7\u0131k\u0131yor bunun tan\u0131m\u0131n\u0131 F\u0131rat D. Demhat isimli ter\u00f6risti bildirmi\u015fti. Demhat ona \u00e7ok g\u00fcvenli\u011fi i\u00e7in bu aksiyonu ona yapt\u0131rd\u0131lar\u201d dedi.<\/p>\n<p><b>HTS VE S\u0130NYAL KAYITLARINA NAZARAN OLAY G\u00dcN\u00dc EV\u0130NDE<\/b><\/p>\n<p>Mahkeme san\u0131\u011f\u0131n olay g\u00fcn\u00fc kulland\u0131\u011f\u0131 telefonun HTS kay\u0131tlar\u0131n\u0131 istedi. Gelen yan\u0131tta san\u0131\u011f\u0131n olay g\u00fcn\u00fc Gen\u00e7 \u0130l\u00e7esinde ekseriyetle meskenine yak\u0131n pozisyonda baz-sinyal bilgisi verdi\u011fi, fakat Demhat kod isimli ter\u00f6ristle de yak\u0131n arkada\u015f olmas\u0131 nedeniyle \u00f6rg\u00fcte kat\u0131lmadan evvel bu \u015fah\u0131sla 73 kere arama, aranma, ileti alma, ileti atma formunda irtibat\u0131 oldu\u011fu tespit edildi.<\/p>\n<p><b>&#8220;EHL\u0130YET\u0130N\u0130N OLMAYI\u015eI ARA\u00c7 KULLANAMAYA P\u00dcR\u00dcZ DE\u011e\u0130L&#8221;<\/b><\/p>\n<p>Mahkeme patlamada kullan\u0131lan 35 FG 611 plakal\u0131 arac\u0131n olay tarihinden 10 g\u00fcn evvel Diyarbak\u0131r\u2019da PTS kayd\u0131n\u0131n bulundu\u011funu, gerekli tedbirlerin al\u0131narak arac\u0131n Bing\u00f6l vilayetine getirildi\u011fini, 15 Temmuz 2016 darbe te\u015febb\u00fcs\u00fc s\u00fcrecinin ya\u015fanmas\u0131 nedeniyle dikkat \u00e7ekmeyi \u00f6nlemek, kamufle olabilmek maksad\u0131yla araca T\u00fcrk bayra\u011f\u0131 as\u0131ld\u0131\u011f\u0131n\u0131 belirtti. Mahkeme, b\u00fcy\u00fck bir plan ve titizlikle ger\u00e7ekle\u015ftirilen ak\u0131nda al\u0131nan sinyal baz bilgileri ve z\u0131mn\u00ee \u015fahit s\u00f6z\u00fc ve yakalanan ter\u00f6rist s\u00f6z\u00fc dikkate al\u0131nd\u0131\u011f\u0131nda, san\u0131\u011f\u0131n ehliyetinin olmay\u0131\u015f\u0131n\u0131n ara\u00e7 kullanabilmesine p\u00fcr\u00fcz te\u015fkil etmedi\u011fini s\u00f6z etti. Onu te\u015fhis eden ter\u00f6ristin kulland\u0131\u011f\u0131 g\u00f6zl\u00fc\u011f\u00fcne kadar detay bilmesi, g\u00fcvenlik g\u00fc\u00e7leriyle girdi\u011fi \u00e7at\u0131\u015fmada \u00f6ld\u00fcr\u00fclen Demhat kod isimli Bayram Zoro\u011flan isimli ter\u00f6ristle olan yak\u0131nl\u0131\u011f\u0131 ve ona milislik yapt\u0131\u011f\u0131 ve bu ki\u015fi ile 73 sefer telefon ba\u011flant\u0131s\u0131 oldu\u011fu dikkate al\u0131nd\u0131\u011f\u0131nda 7 polisin \u015fehit oldu\u011fu olay\u0131n faili oldu\u011funa dikkat \u00e7ekildi.<\/p>\n<p><b>A\u011eIRLA\u015eTIRILMI\u015e M\u00dcEBBET HAP\u0130S<\/b><\/p>\n<p>San\u0131\u011f\u0131n bomba y\u00fckl\u00fc arac\u0131n Bing\u00f6l\u2019e getirilmesine \u00f6nc\u00fcl\u00fck etmesi ve g\u00f6zc\u00fcl\u00fck yaparak yolda asker denetimi olmad\u0131\u011f\u0131n\u0131 ter\u00f6ristlere bildirmesi, araca dikkat \u00e7ekmemek i\u00e7in T\u00fcrk bayra\u011f\u0131 ast\u0131rm\u0131\u015f olmas\u0131 nazara al\u0131nd\u0131\u011f\u0131nda devletin birli\u011fini ve b\u00fct\u00fcnl\u00fc\u011f\u00fcn\u00fc bozmaktan 1 kere, 7 polisin \u015fehit edilmesine i\u015ftirak etmekten de 7 kere olmak \u00fczere 8 sefer a\u011f\u0131rla\u015ft\u0131r\u0131lm\u0131\u015f m\u00fcebbet mahpusla cezaland\u0131r\u0131lmas\u0131na karar verildi. Mahkeme, kabahatin yard\u0131m basama\u011f\u0131nda kalmas\u0131 nedeniyle 7 defa 15\u2019er y\u0131l olmak \u00fczere 105 y\u0131l, 3 polisi yaralamak kabahatinden da 21 y\u0131l olmak \u00fczere toplam 126 y\u0131l mahpusla cezaland\u0131rd\u0131 ve hakk\u0131nda hi\u00e7bir indirim uygulamad\u0131. Belgeyi ele alan B\u00f6lge \u0130stinaf Mahkemesi de kan\u0131tlar\u0131n hukuka uygun elde edildi\u011fini, vicdani kanat\u0131n tam has\u0131l olmas\u0131 nedeniyle san\u0131\u011f\u0131n istinaf m\u00fcracaat\u0131n\u0131n temelden reddine karar verip belgeyi kesin karar verilmek \u00fczere Yarg\u0131tay\u2019a g\u00f6nderdi.<\/p>\n","protected":false},"excerpt":{"rendered":"<p>\u00d6\u011fretmen 7 polisin \u015fehit oldu\u011fu katliam davas\u0131nda yarg\u0131lan\u0131yordu. Yakaland\u0131, tutukland\u0131, \u00f6zg\u00fcr b\u0131rak\u0131ld\u0131 tekrar tutukland\u0131 a\u011f\u0131rla\u015ft\u0131r\u0131lm\u0131\u015f m\u00fcebbet ve 126 y\u0131l mahpus cezas\u0131 ald\u0131.<\/p>\n","protected":false},"author":1,"featured_media":42218,"comment_status":"open","ping_status":"open","sticky":false,"template":"","format":"standard","meta":{"footnotes":""},"categories":[25],"tags":[917,2310,1807,171,238],"class_list":["post-42217","post","type-post","status-publish","format-standard","has-post-thumbnail","hentry","category-gundem","tag-arac","tag-bingol","tag-ifade","tag-olay","tag-teror"],"_links":{"self":[{"href":"https:\/\/ikimisli.tr\/index.php\/wp-json\/wp\/v2\/posts\/42217","targetHints":{"allow":["GET"]}}],"collection":[{"href":"https:\/\/ikimisli.tr\/index.php\/wp-json\/wp\/v2\/posts"}],"about":[{"href":"https:\/\/ikimisli.tr\/index.php\/wp-json\/wp\/v2\/types\/post"}],"author":[{"embeddable":true,"href":"https:\/\/ikimisli.tr\/index.php\/wp-json\/wp\/v2\/users\/1"}],"replies":[{"embeddable":true,"href":"https:\/\/ikimisli.tr\/index.php\/wp-json\/wp\/v2\/comments?post=42217"}],"version-history":[{"count":1,"href":"https:\/\/ikimisli.tr\/index.php\/wp-json\/wp\/v2\/posts\/42217\/revisions"}],"predecessor-version":[{"id":42219,"href":"https:\/\/ikimisli.tr\/index.php\/wp-json\/wp\/v2\/posts\/42217\/revisions\/42219"}],"wp:featuredmedia":[{"embeddable":true,"href":"https:\/\/ikimisli.tr\/index.php\/wp-json\/wp\/v2\/media\/42218"}],"wp:attachment":[{"href":"https:\/\/ikimisli.tr\/index.php\/wp-json\/wp\/v2\/media?parent=42217"}],"wp:term":[{"taxonomy":"category","embeddable":true,"href":"https:\/\/ikimisli.tr\/index.php\/wp-json\/wp\/v2\/categories?post=42217"},{"taxonomy":"post_tag","embeddable":true,"href":"https:\/\/ikimisli.tr\/index.php\/wp-json\/wp\/v2\/tags?post=42217"}],"curies":[{"name":"wp","href":"https:\/\/api.w.org\/{rel}","templated":true}]}}