{"id":42226,"date":"2025-05-24T02:48:19","date_gmt":"2025-05-24T02:48:19","guid":{"rendered":"https:\/\/ikimisli.tr\/?p=42226"},"modified":"2025-05-24T02:48:19","modified_gmt":"2025-05-24T02:48:19","slug":"bakandan-dogal-gaza-zam-aciklamasi-tarih-verdi","status":"publish","type":"post","link":"https:\/\/ikimisli.tr\/index.php\/2025\/05\/24\/bakandan-dogal-gaza-zam-aciklamasi-tarih-verdi\/","title":{"rendered":"Bakandan do\u011fal gaza zam a\u00e7\u0131klamas\u0131: Tarih verdi"},"content":{"rendered":"<p>Bakan Bayraktar, T\u00fcrkiye&#8217;de bu k\u0131\u015f elektrik ve do\u011fal gaz fiyatlar\u0131nda rastgele bir art\u0131\u015f yap\u0131lmad\u0131\u011f\u0131n\u0131 belirtti. Nisan&#8217;a kadar da art\u0131r\u0131m yap\u0131lmas\u0131n\u0131n \u00f6ng\u00f6r\u00fclmedi\u011fini vurgulayan Bayraktar, 2025 y\u0131l\u0131 i\u00e7in enflasyon ama\u00e7lar\u0131na uygun bir halde g\u00fc\u00e7 fiyatland\u0131rmas\u0131 yapmay\u0131 planlad\u0131klar\u0131n\u0131 s\u00f6yledi.<\/p>\n<p>Bayraktar, Sakarya Gaz Alan\u0131&#8217;nda g\u00fcnl\u00fck do\u011fal gaz \u00fcretiminin 7,5 milyon metrek\u00fcpe ula\u015ft\u0131\u011f\u0131n\u0131, Mart sonunda ise bu \u00f6l\u00e7\u00fcn\u00fcn 9,5 milyon metrek\u00fcpe \u00e7\u0131kmas\u0131n\u0131n hedeflendi\u011fini duyurdu. Ayr\u0131yeten, 2026 y\u0131l\u0131nda devreye al\u0131nacak y\u00fczer \u00fcretim platformu ile g\u00fcnl\u00fck \u00fcretimin 20 milyon metrek\u00fcpe \u00e7\u0131kar\u0131lmas\u0131 planlan\u0131yor. Bu kapasite, yakla\u015f\u0131k 6 milyon haneye do\u011fal gaz temin edebilme imkan\u0131 sunacak.<\/p>\n<p><b>ARZ G\u00dcVENL\u0130\u011e\u0130 \u0130\u00c7\u0130N ALINAN \u00d6NLEMLER <\/b><\/p>\n<p>TGRT habere konu\u015fan Bayraktar, T\u00fcrkiye&#8217;nin do\u011fal gaz arz g\u00fcvenli\u011fi konusunda de\u011ferli ad\u0131mlar at\u0131ld\u0131\u011f\u0131n\u0131 s\u00f6z eden Bakan, Ocak ay\u0131nda ya\u015fanan \u0130ran ve Azerbaycan s\u0131n\u0131r\u0131ndaki 10 g\u00fcnl\u00fck kesintinin LNG altyap\u0131s\u0131 ve depolama tesisleri sayesinde meselesiz formda atlat\u0131ld\u0131\u011f\u0131n\u0131 belirtti. <br \/>T\u00fcrkiye\u2019nin g\u00fcnl\u00fck do\u011fal gaz t\u00fcketiminin 305 milyon metrek\u00fcpe ula\u015ft\u0131\u011f\u0131n\u0131 ve Avrupa&#8217;n\u0131n 4. b\u00fcy\u00fck do\u011fal gaz pazar\u0131 pozisyonunda oldu\u011funu da ekledi.<\/p>\n<p><b>ELEKTR\u0130K FATURALARINDAK\u0130 D\u00dcZENLEME <\/b><\/p>\n<p>Bakan Bayraktar, elektrik faturalar\u0131yla ilgili yeni d\u00fczenlemelere de de\u011findi. Buna nazaran, y\u0131ll\u0131k 5 bin kilovatsaatin \u00fczerinde t\u00fcketim yapan 1,2 milyon abonenin takviye k\u00fcmesinden \u00e7\u0131kar\u0131laca\u011f\u0131 belirtildi.<\/p>\n","protected":false},"excerpt":{"rendered":"<p>G\u00fc\u00e7 ve Tabii Kaynaklar Bakan\u0131 Alparslan Bayraktar, k\u0131\u015f devrinde elektrik ve do\u011fal gaz fiyatlar\u0131nda rastgele bir art\u0131\u015f yap\u0131lmad\u0131\u011f\u0131n\u0131 ve Nisan ay\u0131na kadar art\u0131r\u0131m beklenmedi\u011fini a\u00e7\u0131klad\u0131. Ayr\u0131yeten, T\u00fcrkiye&#8217;nin g\u00fc\u00e7 arz g\u00fcvenli\u011fi ve \u00fcretim kapasitesindeki geli\u015fmelerle ilgili k\u0131ymetli bilgiler payla\u015ft\u0131.<\/p>\n","protected":false},"author":1,"featured_media":42227,"comment_status":"open","ping_status":"open","sticky":false,"template":"","format":"standard","meta":{"footnotes":""},"categories":[24],"tags":[4287,1107,100],"class_list":["post-42226","post","type-post","status-publish","format-standard","has-post-thumbnail","hentry","category-ekonomi","tag-bayraktar","tag-dogal-gaz","tag-milyon"],"_links":{"self":[{"href":"https:\/\/ikimisli.tr\/index.php\/wp-json\/wp\/v2\/posts\/42226","targetHints":{"allow":["GET"]}}],"collection":[{"href":"https:\/\/ikimisli.tr\/index.php\/wp-json\/wp\/v2\/posts"}],"about":[{"href":"https:\/\/ikimisli.tr\/index.php\/wp-json\/wp\/v2\/types\/post"}],"author":[{"embeddable":true,"href":"https:\/\/ikimisli.tr\/index.php\/wp-json\/wp\/v2\/users\/1"}],"replies":[{"embeddable":true,"href":"https:\/\/ikimisli.tr\/index.php\/wp-json\/wp\/v2\/comments?post=42226"}],"version-history":[{"count":1,"href":"https:\/\/ikimisli.tr\/index.php\/wp-json\/wp\/v2\/posts\/42226\/revisions"}],"predecessor-version":[{"id":42228,"href":"https:\/\/ikimisli.tr\/index.php\/wp-json\/wp\/v2\/posts\/42226\/revisions\/42228"}],"wp:featuredmedia":[{"embeddable":true,"href":"https:\/\/ikimisli.tr\/index.php\/wp-json\/wp\/v2\/media\/42227"}],"wp:attachment":[{"href":"https:\/\/ikimisli.tr\/index.php\/wp-json\/wp\/v2\/media?parent=42226"}],"wp:term":[{"taxonomy":"category","embeddable":true,"href":"https:\/\/ikimisli.tr\/index.php\/wp-json\/wp\/v2\/categories?post=42226"},{"taxonomy":"post_tag","embeddable":true,"href":"https:\/\/ikimisli.tr\/index.php\/wp-json\/wp\/v2\/tags?post=42226"}],"curies":[{"name":"wp","href":"https:\/\/api.w.org\/{rel}","templated":true}]}}