{"id":4227,"date":"2025-01-15T20:55:19","date_gmt":"2025-01-15T20:55:19","guid":{"rendered":"https:\/\/ikimisli.tr\/?p=4227"},"modified":"2025-01-15T20:55:19","modified_gmt":"2025-01-15T20:55:19","slug":"devrim-ozkan-sosyal-medyayi-salladi","status":"publish","type":"post","link":"https:\/\/ikimisli.tr\/index.php\/2025\/01\/15\/devrim-ozkan-sosyal-medyayi-salladi\/","title":{"rendered":"Devrim \u00d6zkan sosyal medyay\u0131 sallad\u0131"},"content":{"rendered":"<p>Galatasaray&#8217;da forma giyen Lucas Torreira ve oyuncu \u0130htilal \u00d6zkan, ge\u00e7en y\u0131l a\u015fk savlar\u0131yla g\u00fcndeme geldi. \u00d6zkan, &#8220;Hayat\u0131mdaki tek \u015fey i\u015fimdir&#8221; diyerek tezleri yalanlasa da bir m\u00fcddet sonra \u00fcnl\u00fc \u00e7iftten ilan-\u0131 a\u015fk geldi. \u00c7ift 2024 y\u0131l\u0131n\u0131n ba\u015flar\u0131nda ise yollar\u0131n\u0131 ay\u0131rd\u0131. Fakat ayr\u0131l\u0131\u011fa fazla dayanamad\u0131lar ve a\u011fustosta m\u00fcnasebetlerine ikinci bir talih daha verdiler.<\/p>\n<p><img decoding=\"async\" src=\"https:\/\/ikimisli.tr\/wp-content\/uploads\/2025\/01\/devrim-ozkan-sosyal-medyayi-salladi-0-nwfecCwy.jpeg\"\/><\/p>\n<p>Kas\u0131m ay\u0131nda da Urguay&#8217;a giden ve Lucas Torreira&#8217;n\u0131n do\u011fup b\u00fcy\u00fcd\u00fc\u011f\u00fc yeri ziyaret eden ikili hakk\u0131nda evlilik arg\u00fcmanlar\u0131 ortaya at\u0131ld\u0131. Lakin \u00fcnl\u00fc \u00e7iftin hayranlar\u0131 memnun son beklerken ikiliden \u015fa\u015f\u0131rtan at\u0131l\u0131m geldi Lucas Torreira ile \u0130htilal \u00d6zkan toplumsal medya hesaplar\u0131ndan birbirlerini takip etmeyi b\u0131rak\u0131p birlikte \u00e7ekildikleri foto\u011fraflar\u0131 sildi.<\/p>\n<p><img decoding=\"async\" src=\"https:\/\/ikimisli.tr\/wp-content\/uploads\/2025\/01\/devrim-ozkan-sosyal-medyayi-salladi-1-37kfg7cd.jpeg\"\/><\/p>\n<p>Ge\u00e7en g\u00fcnlerde de konuk oldu\u011fu bir YouTube program\u0131nda &#8220;Son ait, sana ne \u00f6\u011fretti?&#8221; sorusuna &#8220;Hayat\u0131nda ne kadar \u00e7ok seversen sev ne d\u00fczeyde seversen sev, o durumun, o ki\u015finin, o ilginin, senin hayallerinden vazge\u00e7ecek d\u00fczeye gelme haddini kimseye verme&#8217; derdim. O haddi birine verecek kadar sevgini g\u00f6sterme. Sevebilirsin lakin o ya\u015fanmas\u0131n&#8221; verdi\u011fi kar\u015f\u0131l\u0131kla g\u00fcndem olan \u00d6zkan bu sefer Instagram&#8217;da payla\u015ft\u0131\u011f\u0131 pozlarla isminden kelam ettirdi.<\/p>\n<p><img decoding=\"async\" src=\"https:\/\/ikimisli.tr\/wp-content\/uploads\/2025\/01\/devrim-ozkan-sosyal-medyayi-salladi-2-JQUYOKmQ.jpg\"\/><\/p>\n<p>Devrim \u00d6zkan&#8217;\u0131n &#8220;Galeride kalmas\u0131n&#8221; notunu ekleyerek yay\u0131nlad\u0131\u011f\u0131 yazdan kalma karelerine be\u011feni ya\u011fd\u0131.<\/p>\n<p><img decoding=\"async\" src=\"https:\/\/ikimisli.tr\/wp-content\/uploads\/2025\/01\/devrim-ozkan-sosyal-medyayi-salladi-3-sxem4E3J.jpeg\"\/><\/p>\n<p><img decoding=\"async\" src=\"https:\/\/ikimisli.tr\/wp-content\/uploads\/2025\/01\/devrim-ozkan-sosyal-medyayi-salladi-4-ue4xarAV.jpg\"\/><\/p>\n<p><img decoding=\"async\" src=\"https:\/\/ikimisli.tr\/wp-content\/uploads\/2025\/01\/devrim-ozkan-sosyal-medyayi-salladi-5-1hbgaVPi.jpg\"\/><\/p>\n<p><img decoding=\"async\" src=\"https:\/\/ikimisli.tr\/wp-content\/uploads\/2025\/01\/devrim-ozkan-sosyal-medyayi-salladi-6-jyUZytp5.jpg\"\/><\/p>\n<p>\u00a0<\/p>\n","protected":false},"excerpt":{"rendered":"<p>Galatasaray&#8217;\u0131n y\u0131ld\u0131z futbolcusu Lucas Torreira&#8217;dan ge\u00e7en hafta ayr\u0131lan oyuncu \u0130htilal \u00d6zkan&#8217;\u0131n toplumsal medya hesab\u0131ndan &#8220;Galeride kalmas\u0131n&#8221; notuyla payla\u015ft\u0131\u011f\u0131 foto\u011fraflara be\u011feni ya\u011fd\u0131.<\/p>\n","protected":false},"author":1,"featured_media":4228,"comment_status":"open","ping_status":"open","sticky":false,"template":"","format":"standard","meta":{"footnotes":""},"categories":[27],"tags":[1154,1153],"class_list":["post-4227","post","type-post","status-publish","format-standard","has-post-thumbnail","hentry","category-magazin","tag-ozkan","tag-sev"],"_links":{"self":[{"href":"https:\/\/ikimisli.tr\/index.php\/wp-json\/wp\/v2\/posts\/4227","targetHints":{"allow":["GET"]}}],"collection":[{"href":"https:\/\/ikimisli.tr\/index.php\/wp-json\/wp\/v2\/posts"}],"about":[{"href":"https:\/\/ikimisli.tr\/index.php\/wp-json\/wp\/v2\/types\/post"}],"author":[{"embeddable":true,"href":"https:\/\/ikimisli.tr\/index.php\/wp-json\/wp\/v2\/users\/1"}],"replies":[{"embeddable":true,"href":"https:\/\/ikimisli.tr\/index.php\/wp-json\/wp\/v2\/comments?post=4227"}],"version-history":[{"count":1,"href":"https:\/\/ikimisli.tr\/index.php\/wp-json\/wp\/v2\/posts\/4227\/revisions"}],"predecessor-version":[{"id":4236,"href":"https:\/\/ikimisli.tr\/index.php\/wp-json\/wp\/v2\/posts\/4227\/revisions\/4236"}],"wp:featuredmedia":[{"embeddable":true,"href":"https:\/\/ikimisli.tr\/index.php\/wp-json\/wp\/v2\/media\/4228"}],"wp:attachment":[{"href":"https:\/\/ikimisli.tr\/index.php\/wp-json\/wp\/v2\/media?parent=4227"}],"wp:term":[{"taxonomy":"category","embeddable":true,"href":"https:\/\/ikimisli.tr\/index.php\/wp-json\/wp\/v2\/categories?post=4227"},{"taxonomy":"post_tag","embeddable":true,"href":"https:\/\/ikimisli.tr\/index.php\/wp-json\/wp\/v2\/tags?post=4227"}],"curies":[{"name":"wp","href":"https:\/\/api.w.org\/{rel}","templated":true}]}}