{"id":42276,"date":"2025-05-24T05:48:20","date_gmt":"2025-05-24T05:48:20","guid":{"rendered":"https:\/\/ikimisli.tr\/?p=42276"},"modified":"2025-05-24T05:48:20","modified_gmt":"2025-05-24T05:48:20","slug":"israil-ordusundan-sok-aciklama-iade-edilen-cenaze-rehineye-ait-degil","status":"publish","type":"post","link":"https:\/\/ikimisli.tr\/index.php\/2025\/05\/24\/israil-ordusundan-sok-aciklama-iade-edilen-cenaze-rehineye-ait-degil\/","title":{"rendered":"\u0130srail ordusundan \u015fok a\u00e7\u0131klama: &#8216;\u0130ade edilen cenaze, rehineye ait de\u011fil&#8217;"},"content":{"rendered":"<p>\u0130srail ordusu Cuma g\u00fcn\u00fc yapt\u0131\u011f\u0131 a\u00e7\u0131klamada, Hamas taraf\u0131ndan 20 \u015eubat Per\u015fembe g\u00fcn\u00fc teslim edilen cesetlerden birinin Gazze&#8217;de rehin tutulanlardan rastgele birine ili\u015fkin olmad\u0131\u011f\u0131n\u0131 belirtti. Hamas\u2019\u0131, zati k\u0131r\u0131lgan olan ate\u015fkesi ihlal etmekle su\u00e7lad\u0131.<\/p>\n<p>\u0130srailli yetkililer, teslim edilen cesetlerden ikisinin dokuz ayl\u0131k Kfir Bibas ve d\u00f6rt ya\u015f\u0131ndaki a\u011fabeyi Ariel\u2019e ili\u015fkin oldu\u011funu a\u00e7\u0131klad\u0131. \u00dc\u00e7\u00fcnc\u00fc cesedin ise anneleri \u015eiri Bibas\u2019a ili\u015fkin oldu\u011fu d\u00fc\u015f\u00fcn\u00fcl\u00fcyordu, lakin \u0130srail&#8217;in yapt\u0131\u011f\u0131 incelemelere nazaran cesedin rastgele bir rehineyle e\u015fle\u015fmedi\u011fi tespit edildi.<\/p>\n<p>\u0130srail ordusu yetkilileri, \u201cBu, Hamas ter\u00f6r \u00f6rg\u00fct\u00fcn\u00fcn ger\u00e7ekle\u015ftirdi\u011fi son derece a\u011f\u0131r bir ate\u015fkes ihlalidir. Muahedeye nazaran Hamas, d\u00f6rt rehinenin cenazesini teslim etmekle y\u00fck\u00fcml\u00fcd\u00fcr\u201d diyerek, \u015eiri Bibas ve ba\u015fka t\u00fcm rehinelerin iadesini talep etti.<\/p>\n<p>Rehine Oded Lif\u015fitz\u2019in ailesi ise yapt\u0131\u011f\u0131 a\u00e7\u0131klamada, iade edilen cesedinin resmi olarak te\u015fhis edildi\u011fini belirtti. Hamas\u2019tan ise \u015fimdi bir a\u00e7\u0131klama yapmad\u0131.<\/p>\n<p>\u0130srail Ba\u015fbakan\u0131 Binyamin Netanyahu, Hamas\u2019\u0131n d\u00f6rt rehinenin kal\u0131nt\u0131lar\u0131n\u0131 teslim etmesi \u00fczerine \u00f6rg\u00fcte kar\u015f\u0131 misilleme yap\u0131laca\u011f\u0131n\u0131 a\u00e7\u0131klad\u0131.<\/p>\n<p><b>\u0130SRA\u0130L M\u0130S\u0130LLEMEYE HAZIRLANIYOR<\/b><\/p>\n<p>Hamas militanlar\u0131, cesetleri d\u00f6rt siyah tabut i\u00e7inde kalabal\u0131k bir izleyici kitlesi \u00f6n\u00fcnde teslim etti. Tabutlar\u0131n teslim edildi\u011fi merasime onlarca silahl\u0131 Hamas \u00fcyesi kat\u0131ld\u0131. Birle\u015fmi\u015f Milletler Genel Sekreteri Antonio Guterres, bu imajlar\u0131 sert bir lisanla k\u0131nad\u0131.<\/p>\n<p>Tabutlar, ge\u00e7ti\u011fimiz ay ABD\u2019nin dayana\u011f\u0131yla Katar ve M\u0131s\u0131r\u2019\u0131n arac\u0131l\u0131\u011f\u0131yla var\u0131lan Gazze ate\u015fkes muahedesi kapsam\u0131nda teslim edildi. \u0130srail-Gazze hududunda ya\u011fmur alt\u0131nda toplanan \u0130srailliler, cenaze konvoyonu kar\u015f\u0131lad\u0131.<\/p>\n<p>Cenaze konvoyunu kar\u015f\u0131layan \u0130srail Cumhurba\u015fkan\u0131 \u0130zak Herzog, \u201cAc\u0131, \u00fcz\u00fcnt\u00fc, tarifsiz bir y\u0131k\u0131m. Bir millet olarak y\u00fcre\u011fimiz parampar\u00e7a\u201d dedi.<\/p>\n<p>Netanyahu, cesetlerin teslim edilmesinin akabinde yapt\u0131\u011f\u0131 konu\u015fmada Hamas\u2019\u0131 yok etme kelam\u0131 verdi. \u201cBu d\u00f6rt tabut, Ekim 7\u2019de ya\u015fananlar\u0131n bir daha asla tekrarlanmayaca\u011f\u0131n\u0131 garanti etme sorumlulu\u011funu bize y\u00fckl\u00fcyor. Sevdiklerimizin kan\u0131 topraktan y\u00fckselen bir \u00e7\u0131\u011fl\u0131k \u00fczere. Bunun hesab\u0131n\u0131 soraca\u011f\u0131z\u201d dedi.<\/p>\n<p>\u0130srail yetkilileri, sava\u015f\u0131n ba\u015flad\u0131\u011f\u0131 g\u00fcnden bu yana Hamas\u2019\u0131n yok edilece\u011fini ve 2023 y\u0131l\u0131n\u0131n Ekim ay\u0131nda ka\u00e7\u0131r\u0131lan yakla\u015f\u0131k 250 rehinenin meskenlerine d\u00f6nece\u011fini tekraren vurgulam\u0131\u015ft\u0131.<\/p>\n<p>Hamas militanlar\u0131, cesetlerin teslimi s\u0131ras\u0131nda \u00fczerinde \u201cSava\u015f\u0131n Geri D\u00f6nmesi = Esirlerinizin Tabutlarla Geri D\u00f6nmesi\u201d yaz\u0131l\u0131 bir afi\u015fin yan\u0131nda durdu.<\/p>\n<p><b>SAVA\u015e B\u0130R A\u0130LEY\u0130 DAHA DA\u011eITTI<\/b><\/p>\n<p>Hamas, Kas\u0131m 2023\u2019te Bibas karde\u015flerin ve annelerinin \u0130srail hava h\u00fccumunda \u00f6ld\u00fc\u011f\u00fcn\u00fc tez etmi\u015f, lakin \u0130srail yetkilileri bu bilgiyi do\u011frulamam\u0131\u015ft\u0131.<\/p>\n<p>Baba. Yarden Bibas, bu ay yap\u0131lan esir takas\u0131 mutabakat\u0131yla hayatta olarak \u00f6zg\u00fcr b\u0131rak\u0131ld\u0131. 83 ya\u015f\u0131ndaki Oded Lif\u015fitz de Nir Oz\u2019dan ka\u00e7\u0131r\u0131lm\u0131\u015ft\u0131.<\/p>\n<p>E\u015fi Yocheved, 85 ya\u015f\u0131nda rehin al\u0131nm\u0131\u015f lakin iki hafta sonra bir di\u011fer bayanla birlikte \u00f6zg\u00fcr b\u0131rak\u0131lm\u0131\u015ft\u0131. Lif\u015fitz, eski bir gazeteciydi. 2019 y\u0131l\u0131nda Netanyahu h\u00fck\u00fcmeti z\u0131dd\u0131 Haaretz gazetesinde yay\u0131mlanan bir yaz\u0131s\u0131nda Netanyahu\u2019nun siyasetlerini ele\u015ftirmi\u015fti.<\/p>\n<p>\u0130srail&#8217;in 7 Ekim 2023&#8217;ten, ate\u015fkesin y\u00fcr\u00fcrl\u00fc\u011fe girdi\u011fi 19 Ocak 2025&#8217;e kadar Gazze \u015eeridi&#8217;ne s\u00fcrd\u00fcrd\u00fc\u011f\u00fc ataklarda 14 binden fazlas\u0131 enkaz alt\u0131nda kaybolanlar olmak \u00fczere 61 binden fazla Filistinli hayat\u0131n\u0131 kaybetti.<\/p>\n<p>\u0130srail&#8217;in altyap\u0131y\u0131, hastaneleri ve yerinden edilen Filistinlilerin bar\u0131nd\u0131\u011f\u0131 okullar\u0131 da ama\u00e7 alan ataklar\u0131nda n\u00fcfusu 2,3 milyon olan Gazze&#8217;de yakla\u015f\u0131k 2 milyon ki\u015fi yerinden edildi.<\/p>\n","protected":false},"excerpt":{"rendered":"<p>\u0130srail ordusu, d\u00fcn teslim edilen cenazelerden birinin iadesi duyurulan rehineyle e\u015fle\u015fmedi\u011fini s\u00f6yledi. \u0130srail Ba\u015fbakan\u0131 Netanyahu, Hamas\u2019a kar\u015f\u0131 misilleme kelam\u0131 verdi. Hamas ise \u015fimdi bir a\u00e7\u0131klama yapmad\u0131.<\/p>\n","protected":false},"author":1,"featured_media":42277,"comment_status":"open","ping_status":"open","sticky":false,"template":"","format":"standard","meta":{"footnotes":""},"categories":[43],"tags":[2226,81,80,3039,419],"class_list":["post-42276","post","type-post","status-publish","format-standard","has-post-thumbnail","hentry","category-dunya","tag-etme","tag-hamas","tag-israil","tag-rehin","tag-teslim"],"_links":{"self":[{"href":"https:\/\/ikimisli.tr\/index.php\/wp-json\/wp\/v2\/posts\/42276","targetHints":{"allow":["GET"]}}],"collection":[{"href":"https:\/\/ikimisli.tr\/index.php\/wp-json\/wp\/v2\/posts"}],"about":[{"href":"https:\/\/ikimisli.tr\/index.php\/wp-json\/wp\/v2\/types\/post"}],"author":[{"embeddable":true,"href":"https:\/\/ikimisli.tr\/index.php\/wp-json\/wp\/v2\/users\/1"}],"replies":[{"embeddable":true,"href":"https:\/\/ikimisli.tr\/index.php\/wp-json\/wp\/v2\/comments?post=42276"}],"version-history":[{"count":1,"href":"https:\/\/ikimisli.tr\/index.php\/wp-json\/wp\/v2\/posts\/42276\/revisions"}],"predecessor-version":[{"id":42278,"href":"https:\/\/ikimisli.tr\/index.php\/wp-json\/wp\/v2\/posts\/42276\/revisions\/42278"}],"wp:featuredmedia":[{"embeddable":true,"href":"https:\/\/ikimisli.tr\/index.php\/wp-json\/wp\/v2\/media\/42277"}],"wp:attachment":[{"href":"https:\/\/ikimisli.tr\/index.php\/wp-json\/wp\/v2\/media?parent=42276"}],"wp:term":[{"taxonomy":"category","embeddable":true,"href":"https:\/\/ikimisli.tr\/index.php\/wp-json\/wp\/v2\/categories?post=42276"},{"taxonomy":"post_tag","embeddable":true,"href":"https:\/\/ikimisli.tr\/index.php\/wp-json\/wp\/v2\/tags?post=42276"}],"curies":[{"name":"wp","href":"https:\/\/api.w.org\/{rel}","templated":true}]}}