{"id":42370,"date":"2025-05-24T11:12:20","date_gmt":"2025-05-24T11:12:20","guid":{"rendered":"https:\/\/ikimisli.tr\/?p=42370"},"modified":"2025-05-24T11:12:20","modified_gmt":"2025-05-24T11:12:20","slug":"turkiyenin-en-zengini-murat-ulker-soyadini-neden-degistirdigini-acikladi","status":"publish","type":"post","link":"https:\/\/ikimisli.tr\/index.php\/2025\/05\/24\/turkiyenin-en-zengini-murat-ulker-soyadini-neden-degistirdigini-acikladi\/","title":{"rendered":"T\u00fcrkiye&#8217;nin en zengini Murat \u00dclker soyad\u0131n\u0131 neden de\u011fi\u015ftirdi\u011fini a\u00e7\u0131klad\u0131"},"content":{"rendered":"<p>Finans d\u00fcnyas\u0131n\u0131n k\u0131ymetli yay\u0131n organlar\u0131ndan Forbes Mecmuas\u0131&#8217;na nazaran 5.1 milyar dolarl\u0131k servetiyle T\u00fcrkiye&#8217;nin en varl\u0131kl\u0131 i\u015f insan\u0131 olan Murat \u00dclker, toplumsal payla\u015f\u0131m platformu LinkedIn \u00fczerinden kendisine y\u00f6neltilen sorular\u0131 cevaplad\u0131.<\/p>\n<p>Murat \u00dclker, soy isimlerinin Berksan&#8217;dan \u00dclker&#8217;e nas\u0131l de\u011fi\u015fti\u011finin sorulmas\u0131 \u00fczerine \u015fu kar\u015f\u0131l\u0131\u011f\u0131 verdi:<\/p>\n<p><b>DEDEM\u0130N \u0130SM\u0130 &#8216;\u0130SLAM&#8217;, LAKABI &#8216;DEVLET&#8217;<\/b><\/p>\n<p>&#8216;&#8221;Ailemiz, K\u0131r\u0131m\u2019da \u201cDevletler S\u00fclalesi\u201d diye an\u0131l\u0131yor. \u201cDevlet\u201d, Dedemiz Hac\u0131 \u0130slam Efendi\u2019nin aile lakab\u0131; buna soyad\u0131 da diyebilirsiniz. Yani, Kanuni\u2019nin \u201cOlmaya devlet cihanda, bir nefes s\u0131hhat gibi\u201d \u00f6zdeyi\u015finde yer alan \u201cdevlet\u201d manas\u0131nda&#8230;<\/p>\n<p>1929\u2019da K\u0131r\u0131m\u2019dan g\u00f6\u00e7 eden ailemizin T\u00fcrkiye\u2019de yeni Soyad\u0131 Kanunu\u2019yla birlikte bir soyad\u0131 almalar\u0131 gerekmi\u015f. Dedemin ismi \u0130slam. K\u0131r\u0131m\u2019daki aile lakab\u0131n\u0131 al\u0131rsa, bu kez \u201c\u0130slam Devlet\u201d olacak. Ondan vazge\u00e7mi\u015f. Tekrar d\u00fc\u015f\u00fcnm\u00fc\u015fler, ta\u015f\u0131nm\u0131\u015flar, \u201cBerksan\u201d soyad\u0131nda karar k\u0131lm\u0131\u015flar.<\/p>\n<p><b>AMCAM \u0130LE BABAM &#8216;\u00dcLKER&#8217;\u0130 BULMU\u015e<\/b><\/p>\n<p>Aradan uzun y\u0131llar ge\u00e7tikten sonra, bilindi\u011fi \u00fczere amcam ile babam bir bisk\u00fcvi imalathanesi sat\u0131n alm\u0131\u015flar. \u0130malathanenin ismi \u201c\u00dc\u00e7y\u0131ld\u0131z Bisk\u00fcvileri\u201d imi\u015f. Bu i\u015fyerini satan ki\u015fi, son anda markas\u0131n\u0131 vermekten vazge\u00e7ince, \u201c\u00dclker\u201d ismini bulmu\u015flar.<\/p>\n<p>\u201c\u00dclker Bisk\u00fcvileri\u201d piyasaya \u00e7\u0131kt\u0131ktan bir m\u00fcddet sonra, m\u00fc\u015fterilerden firmaya sipari\u015f mektuplar\u0131 gelmeye ba\u015flam\u0131\u015f.\u2008Zarflar\u0131n \u00fczerinde de, \u201cAs\u0131m \u00dclker\u201d yahut \u201cSabri \u00dclker\u201d isimleri yer al\u0131yormu\u015f. Yani, m\u00fc\u015fterilerimiz, markam\u0131z\u0131, soyad\u0131 zannetmi\u015fler. Babamdan i\u015fitmi\u015ftim; g\u00f6r\u00fc\u015ft\u00fc\u011f\u00fc yabanc\u0131lar da kendisine \u201cMr. \u00dclker\u201d diye hitap ediyorlarm\u0131\u015f. Aile b\u00fcy\u00fcklerimiz, bu geli\u015fmeler \u00fczerine d\u00fc\u015f\u00fcnm\u00fc\u015f, ta\u015f\u0131nm\u0131\u015f, \u201cSoyad\u0131m\u0131z\u0131, herkesin bildi\u011fi, tabiat\u0131yla olu\u015fan \u2018\u00dclker\u2019 ismine \u00e7evirelim\u201d\u2008demi\u015fler.<\/p>\n","protected":false},"excerpt":{"rendered":"<p>\u00dcnl\u00fc i\u015f insan\u0131 Murat \u00dclker, daha evvel &#8216;Berksan&#8217; olan soy isimlerinin daha sonra neden &#8216;\u00dclker&#8217; olarak de\u011fi\u015ftirildi\u011fini anlatt\u0131.<\/p>\n","protected":false},"author":1,"featured_media":42371,"comment_status":"open","ping_status":"open","sticky":false,"template":"","format":"standard","meta":{"footnotes":""},"categories":[24],"tags":[87,297,1531],"class_list":["post-42370","post","type-post","status-publish","format-standard","has-post-thumbnail","hentry","category-ekonomi","tag-aile","tag-devlet","tag-soy"],"_links":{"self":[{"href":"https:\/\/ikimisli.tr\/index.php\/wp-json\/wp\/v2\/posts\/42370","targetHints":{"allow":["GET"]}}],"collection":[{"href":"https:\/\/ikimisli.tr\/index.php\/wp-json\/wp\/v2\/posts"}],"about":[{"href":"https:\/\/ikimisli.tr\/index.php\/wp-json\/wp\/v2\/types\/post"}],"author":[{"embeddable":true,"href":"https:\/\/ikimisli.tr\/index.php\/wp-json\/wp\/v2\/users\/1"}],"replies":[{"embeddable":true,"href":"https:\/\/ikimisli.tr\/index.php\/wp-json\/wp\/v2\/comments?post=42370"}],"version-history":[{"count":1,"href":"https:\/\/ikimisli.tr\/index.php\/wp-json\/wp\/v2\/posts\/42370\/revisions"}],"predecessor-version":[{"id":42372,"href":"https:\/\/ikimisli.tr\/index.php\/wp-json\/wp\/v2\/posts\/42370\/revisions\/42372"}],"wp:featuredmedia":[{"embeddable":true,"href":"https:\/\/ikimisli.tr\/index.php\/wp-json\/wp\/v2\/media\/42371"}],"wp:attachment":[{"href":"https:\/\/ikimisli.tr\/index.php\/wp-json\/wp\/v2\/media?parent=42370"}],"wp:term":[{"taxonomy":"category","embeddable":true,"href":"https:\/\/ikimisli.tr\/index.php\/wp-json\/wp\/v2\/categories?post=42370"},{"taxonomy":"post_tag","embeddable":true,"href":"https:\/\/ikimisli.tr\/index.php\/wp-json\/wp\/v2\/tags?post=42370"}],"curies":[{"name":"wp","href":"https:\/\/api.w.org\/{rel}","templated":true}]}}