{"id":42533,"date":"2025-05-24T21:00:29","date_gmt":"2025-05-24T21:00:29","guid":{"rendered":"https:\/\/ikimisli.tr\/?p=42533"},"modified":"2025-05-24T21:00:29","modified_gmt":"2025-05-24T21:00:29","slug":"benzin-istasyonunda-bagajindan-cikardigi-tufekle-intihar-etti","status":"publish","type":"post","link":"https:\/\/ikimisli.tr\/index.php\/2025\/05\/24\/benzin-istasyonunda-bagajindan-cikardigi-tufekle-intihar-etti\/","title":{"rendered":"Benzin istasyonunda bagaj\u0131ndan \u00e7\u0131kard\u0131\u011f\u0131 t\u00fcfekle intihar etti"},"content":{"rendered":"<p>Manisa&#8217;n\u0131n Akhisar il\u00e7esi Kayal\u0131o\u011flu Mahallesi\u2019nde, 17 \u015eubat 2025 Pazartesi g\u00fcn\u00fc saat 23.43\u2019te trajik bir olay ya\u015fand\u0131.<\/p>\n<p>Edinilen bilgilere nazaran, E.A. isimli ki\u015fi, arac\u0131n\u0131 mahallede bulunan bir benzinli\u011fe park ettikten sonra pompal\u0131 t\u00fcfekle intihar etti.<\/p>\n<p>Olay\u0131 g\u00f6ren vatanda\u015flar\u0131n ihbar\u0131 \u00fczerine jandarma ve s\u0131hhat tak\u0131mlar\u0131 s\u00fcratle b\u00f6lgeye sevk edildi. Yap\u0131lan incelemelerde, evli ve iki \u00e7ocuk babas\u0131 olan E.A.\u2019n\u0131n, ba\u015f\u0131na ate\u015f ederek \u00f6mr\u00fcne son verdi\u011fi tespit edildi.<\/p>\n<p><img decoding=\"async\" src=\"https:\/\/ikimisli.tr\/wp-content\/uploads\/2025\/05\/benzin-istasyonunda-bagajindan-cikardigi-tufekle-intihar-etti-0-cT4byDQ9.jpg\"\/><\/p>\n<p><b>BO\u015eANMA ETABINDAK\u0130 E\u015e\u0130YLE TARTI\u015eTI \u0130DD\u0130ASI<\/b><\/p>\n<p>\u0130ddiaya nazaran, akaryak\u0131t istasyonunda pompac\u0131 olarak \u00e7al\u0131\u015fan bir bayan ile bo\u015fanma basama\u011f\u0131ndaki e\u015fi istasyonda tart\u0131\u015fmaya ba\u015flad\u0131. Tart\u0131\u015fman\u0131n b\u00fcy\u00fcmesi \u00fczerine E.A., pompal\u0131 t\u00fcfekle kendi ba\u015f\u0131na ate\u015f ederek intihar etti.<\/p>\n<p><img decoding=\"async\" src=\"https:\/\/ikimisli.tr\/wp-content\/uploads\/2025\/05\/benzin-istasyonunda-bagajindan-cikardigi-tufekle-intihar-etti-1-kMUxMFpb.jpg\"\/><\/p>\n<p>E.A.\u2019n\u0131n cenazesi, 18 \u015eubat 2025 Sal\u0131 g\u00fcn\u00fc Akhisar Sar\u0131lar Mezarl\u0131\u011f\u0131\u2019nda topra\u011fa verildi. Yetkililer, olayla ilgili ayr\u0131nt\u0131l\u0131 soru\u015fturman\u0131n s\u00fcrd\u00fc\u011f\u00fcn\u00fc bildirdi.<\/p>\n<p>\u00a0<\/p>\n<p>\u00a0<\/p>\n<p>\u00a0<\/p>\n<p>\u00a0<\/p>\n<p>\u00a0<\/p>\n<p>\u00a0<\/p>\n<p>\u00a0<\/p>\n<p>\u00a0<\/p>\n<p>\u00a0<\/p>\n<p>\u00a0<\/p>\n<p>\u00a0<\/p>\n<p>Manisa&#8217;da bir adam akaryak\u0131t istasyonunda bekledi\u011fi s\u0131rada arac\u0131n bagaj\u0131ndan \u00e7\u0131kard\u0131\u011f\u0131 pompal\u0131 t\u00fcfekle intihar etti. \u0130stasyonun g\u00fcvenlik kameras\u0131na saniye saniye yans\u0131yan manzara b\u00fcy\u00fck infial yaratt\u0131.<\/p>\n<p>Manisa&#8217;da bir akaryak\u0131t istasyonunda ya\u015fanan olay, etrafta b\u00fcy\u00fck panik yaratt\u0131. Kimli\u011fi \u015fimdi a\u00e7\u0131klanmayan bir adam, yak\u0131t almak i\u00e7in istasyona geldikten bir m\u00fchlet sonra arac\u0131n\u0131n bagaj\u0131ndan \u00e7\u0131kard\u0131\u011f\u0131 pompal\u0131 t\u00fcfekle intihar etti. O anlar, istasyonun g\u00fcvenlik kameralar\u0131na saniye saniye yans\u0131d\u0131.<\/p>\n<p>ARACI SIRAYA SOKARAK B\u0130R M\u00dcDDET BEKLED\u0130<\/p>\n<p>Olay, Manisa&#8217;n\u0131n merkez il\u00e7elerinden birinde, sabah saatlerinde ya\u015fand\u0131. G\u00f6rg\u00fc \u015fahitlerinin tabirlerine nazaran, istasyona gelen adam, arac\u0131n\u0131 s\u0131raya sokarak bir m\u00fcddet bekledi. Birinci etapta rastgele bir anormallik g\u00f6zlenmezken, arac\u0131ndan inerek bagaj\u0131n\u0131 a\u00e7an adam bir anda pompal\u0131 t\u00fcfe\u011fini \u00e7\u0131kararak herkesin g\u00f6z\u00fc \u00f6n\u00fcnde teti\u011fe bast\u0131.<\/p>\n<p>&#8220;ADAM SIRADAYDI HEP\u0130M\u0130Z \u00dcZERE BEKL\u0130YORDU&#8221;<\/p>\n<p>\u0130ntihar an\u0131na tan\u0131kl\u0131k eden istasyon \u00e7al\u0131\u015fanlar\u0131 ve m\u00fc\u015fteriler b\u00fcy\u00fck panik ya\u015fad\u0131. Olay\u0131n \u015fahitlerinden biri, ya\u015fad\u0131\u011f\u0131 endi\u015fe dolu anlar\u0131 \u015fu s\u00f6zlerle anlatt\u0131; &#8220;Adam s\u0131radayd\u0131, hepimiz \u00fczere bekliyordu. Hi\u00e7 kimse ondan \u015f\u00fcphelenmedi. Sonra birden arac\u0131n\u0131n bagaj\u0131n\u0131 a\u00e7t\u0131 ve eline t\u00fcfe\u011fi ald\u0131. Biz daha ne oldu\u011funu anlamadan kendini vurdu. Her \u015fey saniyeler i\u00e7inde oldu. O an donup kald\u0131k, kimse ne yapaca\u011f\u0131n\u0131 bilemedi.&#8221;<\/p>\n","protected":false},"excerpt":{"rendered":"<p>Manisa&#8217;da bir \u015fah\u0131s akaryak\u0131t istasyonunda bekledi\u011fi s\u0131rada arac\u0131n bagaj\u0131ndan \u00e7\u0131kard\u0131\u011f\u0131 pompal\u0131 t\u00fcfekle intihar etti. \u0130stasyonun g\u00fcvenlik kameras\u0131na saniye saniye yans\u0131yan manzara b\u00fcy\u00fck infial yaratt\u0131.<\/p>\n","protected":false},"author":1,"featured_media":42534,"comment_status":"open","ping_status":"open","sticky":false,"template":"","format":"standard","meta":{"footnotes":""},"categories":[25],"tags":[215,3644,6404,171,1770],"class_list":["post-42533","post","type-post","status-publish","format-standard","has-post-thumbnail","hentry","category-gundem","tag-adam","tag-aracin","tag-istasyonun","tag-olay","tag-saniye"],"_links":{"self":[{"href":"https:\/\/ikimisli.tr\/index.php\/wp-json\/wp\/v2\/posts\/42533","targetHints":{"allow":["GET"]}}],"collection":[{"href":"https:\/\/ikimisli.tr\/index.php\/wp-json\/wp\/v2\/posts"}],"about":[{"href":"https:\/\/ikimisli.tr\/index.php\/wp-json\/wp\/v2\/types\/post"}],"author":[{"embeddable":true,"href":"https:\/\/ikimisli.tr\/index.php\/wp-json\/wp\/v2\/users\/1"}],"replies":[{"embeddable":true,"href":"https:\/\/ikimisli.tr\/index.php\/wp-json\/wp\/v2\/comments?post=42533"}],"version-history":[{"count":1,"href":"https:\/\/ikimisli.tr\/index.php\/wp-json\/wp\/v2\/posts\/42533\/revisions"}],"predecessor-version":[{"id":42537,"href":"https:\/\/ikimisli.tr\/index.php\/wp-json\/wp\/v2\/posts\/42533\/revisions\/42537"}],"wp:featuredmedia":[{"embeddable":true,"href":"https:\/\/ikimisli.tr\/index.php\/wp-json\/wp\/v2\/media\/42534"}],"wp:attachment":[{"href":"https:\/\/ikimisli.tr\/index.php\/wp-json\/wp\/v2\/media?parent=42533"}],"wp:term":[{"taxonomy":"category","embeddable":true,"href":"https:\/\/ikimisli.tr\/index.php\/wp-json\/wp\/v2\/categories?post=42533"},{"taxonomy":"post_tag","embeddable":true,"href":"https:\/\/ikimisli.tr\/index.php\/wp-json\/wp\/v2\/tags?post=42533"}],"curies":[{"name":"wp","href":"https:\/\/api.w.org\/{rel}","templated":true}]}}