{"id":42576,"date":"2025-05-24T23:24:22","date_gmt":"2025-05-24T23:24:22","guid":{"rendered":"https:\/\/ikimisli.tr\/?p=42576"},"modified":"2025-05-24T23:24:22","modified_gmt":"2025-05-24T23:24:22","slug":"magazalari-tek-tek-kapaniyor-giyim-devi-iflas-etti","status":"publish","type":"post","link":"https:\/\/ikimisli.tr\/index.php\/2025\/05\/24\/magazalari-tek-tek-kapaniyor-giyim-devi-iflas-etti\/","title":{"rendered":"Ma\u011fazalar\u0131 tek tek kapan\u0131yor: Giyim devi iflas etti"},"content":{"rendered":"<p>Pandemi sonras\u0131 bir\u00e7ok \u00fclkenin uygulad\u0131\u011f\u0131 mali s\u0131k\u0131la\u015fma, orta ve b\u00fcy\u00fck \u00f6l\u00e7ekli i\u015fletmelerin ucuz finansmana eri\u015fimini g\u00fc\u00e7lendirirken, d\u00fcnyada bu daralmadan en \u00e7ok etkilenen b\u00f6l\u00fcmlerden biri de dokuma oldu.\u00a0<\/p>\n<p>T\u00fcrkiye&#8217;nin de ortalar\u0131nda bulundu\u011fu bir\u00e7ok \u00fclkede dokuma firmalar\u0131 pe\u015f pe\u015fe konkordato ve iflas a\u00e7\u0131klamas\u0131nda bulunurken, kesimde s\u00fcrpriz yaratan son haber \u0130ngiltere&#8217;nin moda devi Quiz&#8217;den geldi.\u00a0<\/p>\n<p><strong>23 \u015eUBES\u0130 KAPATILDI<\/strong><\/p>\n<p>Patronlar D\u00fcnyas\u0131&#8217;n\u0131n haberine nazaran; \u015eirketin CEO\u2019su Sheraz Ramzan, \u201cMa\u011faza kapan\u0131\u015flar\u0131ndan etkilenen \u00e7al\u0131\u015fanlar\u0131m\u0131zdan \u00f6t\u00fcr\u00fc derin keder duyuyoruz. Fakat bu karar, \u015firketi daha s\u00fcrd\u00fcr\u00fclebilir bir yap\u0131ya kavu\u015fturacak ve y\u00fczlerce i\u015fi koruyacakt\u0131r.\u201d dedi.<\/p>\n<p>Quiz, d\u00fc\u015f\u00fck sat\u0131\u015flar\u0131n nedenini \u201cenflasyonist bask\u0131lar\u0131n t\u00fcketici itimad\u0131 ve harcamalar\u0131 \u00fczerindeki etkisi\u201d olarak g\u00f6sterdi. \u015eirket, ayakta kalma gayreti verirken ge\u00e7en ay Londra\u2019n\u0131n ikinci kademe borsas\u0131ndan \u00e7ekildi. Fakat d\u00fcn kurumsal dan\u0131\u015fmanl\u0131k \u015firketi Teneo\u2019yu iflas y\u00f6neticisi olarak atad\u0131.<\/p>\n<p><img decoding=\"async\" src=\"https:\/\/ikimisli.tr\/wp-content\/uploads\/2025\/05\/magazalari-tek-tek-kapaniyor-giyim-devi-iflas-etti-0-WG1xx4Sn.png\"\/><\/p>\n<p><strong>KURTARMA \u00c7ALI\u015eMASI \u0130\u00c7\u0130N 42 MA\u011eAZA SATILDI<\/strong><\/p>\n<p>Y\u00f6neticiler, Ramzan ailesinin i\u015fletti\u011fi yan \u015firket Orion&#8217;un, Quiz markas\u0131 ve 42 ma\u011fazas\u0131 da dahil olmak \u00fczere bir dizi varl\u0131\u011f\u0131 sat\u0131n almas\u0131 i\u00e7in mutabakat sa\u011flad\u0131. Perakendeci, muahedenin \u015firketteki i\u015flerin bir\u00e7oklar\u0131n\u0131 kurtaraca\u011f\u0131n\u0131 vurgularken y\u00f6neticiler taraf\u0131ndan b\u00fcsb\u00fct\u00fcn kapat\u0131lan, yakla\u015f\u0131k 200 personelin \u00e7al\u0131\u015ft\u0131\u011f\u0131 23 d\u00fckk\u00e2n\u0131 sat\u0131n almad\u0131.<\/p>\n<p><strong>PERAKENDELERDE Z\u0130NC\u0130R KOPTU<\/strong><\/p>\n<p>\u0130ngiltere\u2019de 2025 y\u0131l\u0131 i\u00e7inde 17 bin 350 ma\u011fazan\u0131n kapanmas\u0131 beklenirken, ge\u00e7en y\u0131l kapanan ma\u011faza say\u0131s\u0131 13 bini a\u015ft\u0131. B\u00fcy\u00fck perakende zincirleri de krizden etkileniyor.<\/p>\n<p>WH Smith 5 bin ki\u015fiyi istihdam eden i\u015fini satmay\u0131 planlarken, s\u00fcpermarket devleri Sainsbury\u2019s ve Morrisons toplam 3 bin 200 \u00e7al\u0131\u015fan\u0131n\u0131 i\u015ften \u00e7\u0131karaca\u011f\u0131n\u0131 duyurdu.<\/p>\n<p><img decoding=\"async\" src=\"https:\/\/ikimisli.tr\/wp-content\/uploads\/2025\/05\/magazalari-tek-tek-kapaniyor-giyim-devi-iflas-etti-1-QFJjNlyN.png\"\/><\/p>\n<p>\u0130\u015fletmeler, h\u00fck\u00fcmetin y\u00fcksek vergileri reforme etmemesi, taban fiyat art\u0131\u015f\u0131 ve patron sigorta maliyetlerinin y\u00fckselmesi \u00fczere nedenlerden \u00f6t\u00fcr\u00fc b\u00fcy\u00fck bir mali bask\u0131 alt\u0131nda.<\/p>\n<p>\u0130ngiltere\u2019de perakende dal\u0131n\u0131 etkileyen kriz giderek derinle\u015firken, k\u00fc\u00e7\u00fck i\u015fletmelerin \u00fc\u00e7te biri emek\u00e7i \u00e7\u0131karmay\u0131 d\u00fc\u015f\u00fcn\u00fcyor. Daldaki bu b\u00fcy\u00fck d\u00f6n\u00fc\u015f\u00fcm, bir\u00e7ok ki\u015finin i\u015fsiz kalmas\u0131na ve al\u0131\u015fveri\u015f caddelerinin bo\u015falmas\u0131na yol a\u00e7abilir.<\/p>\n","protected":false},"excerpt":{"rendered":"<p>\u0130ngiltere merkezli \u00fcretim yapan ve d\u00fcnyan\u0131n bir\u00e7ok \u00fclkesinde eserlerinin sat\u0131\u015f\u0131 devam eden moda devi Quiz, girdi\u011fi mali darbo\u011faz\u0131n akabinde iflas\u0131n\u0131 a\u00e7\u0131klad\u0131. \u015eirketin birinci etapta 23 ma\u011fazas\u0131n\u0131n kapat\u0131ld\u0131\u011f\u0131 \u00f6\u011frenilirken, dokuma kesimindeki mali s\u0131k\u0131nt\u0131lar\u0131n t\u00fcm d\u00fcnyada h\u0131zlanarak artmas\u0131 bekleniyor.<\/p>\n","protected":false},"author":1,"featured_media":42577,"comment_status":"open","ping_status":"open","sticky":false,"template":"","format":"standard","meta":{"footnotes":""},"categories":[24],"tags":[1103,402],"class_list":["post-42576","post","type-post","status-publish","format-standard","has-post-thumbnail","hentry","category-ekonomi","tag-magaza","tag-sirket"],"_links":{"self":[{"href":"https:\/\/ikimisli.tr\/index.php\/wp-json\/wp\/v2\/posts\/42576","targetHints":{"allow":["GET"]}}],"collection":[{"href":"https:\/\/ikimisli.tr\/index.php\/wp-json\/wp\/v2\/posts"}],"about":[{"href":"https:\/\/ikimisli.tr\/index.php\/wp-json\/wp\/v2\/types\/post"}],"author":[{"embeddable":true,"href":"https:\/\/ikimisli.tr\/index.php\/wp-json\/wp\/v2\/users\/1"}],"replies":[{"embeddable":true,"href":"https:\/\/ikimisli.tr\/index.php\/wp-json\/wp\/v2\/comments?post=42576"}],"version-history":[{"count":1,"href":"https:\/\/ikimisli.tr\/index.php\/wp-json\/wp\/v2\/posts\/42576\/revisions"}],"predecessor-version":[{"id":42580,"href":"https:\/\/ikimisli.tr\/index.php\/wp-json\/wp\/v2\/posts\/42576\/revisions\/42580"}],"wp:featuredmedia":[{"embeddable":true,"href":"https:\/\/ikimisli.tr\/index.php\/wp-json\/wp\/v2\/media\/42577"}],"wp:attachment":[{"href":"https:\/\/ikimisli.tr\/index.php\/wp-json\/wp\/v2\/media?parent=42576"}],"wp:term":[{"taxonomy":"category","embeddable":true,"href":"https:\/\/ikimisli.tr\/index.php\/wp-json\/wp\/v2\/categories?post=42576"},{"taxonomy":"post_tag","embeddable":true,"href":"https:\/\/ikimisli.tr\/index.php\/wp-json\/wp\/v2\/tags?post=42576"}],"curies":[{"name":"wp","href":"https:\/\/api.w.org\/{rel}","templated":true}]}}