{"id":42801,"date":"2025-05-25T12:00:24","date_gmt":"2025-05-25T12:00:24","guid":{"rendered":"https:\/\/ikimisli.tr\/?p=42801"},"modified":"2025-05-25T12:00:24","modified_gmt":"2025-05-25T12:00:24","slug":"cesmeye-ilk-kez-dogalgaz-verildi","status":"publish","type":"post","link":"https:\/\/ikimisli.tr\/index.php\/2025\/05\/25\/cesmeye-ilk-kez-dogalgaz-verildi\/","title":{"rendered":"\u00c7e\u015fme&#8217;ye ilk kez do\u011falgaz verildi"},"content":{"rendered":"<p>\u00c7e\u015fme&#8217;de ba\u015flayan do\u011fal gaz \u00e7al\u0131\u015fmalar\u0131 kapsam\u0131nda 23 Ekim&#8217;de birinci kazma vuruldu. \u0130zmirGaz ve \u00c7e\u015fme Belediyesi i\u015f birli\u011fi ile koordineli y\u00fcr\u00fct\u00fclen do\u011fal gaz \u00e7al\u0131\u015fmalar\u0131 kapsam\u0131nda toplam 10 kilometrelik do\u011fal gaz s\u0131n\u0131r\u0131 tamamlanarak Musalla Mahallesi&#8217;ndeki meskenlere birinci do\u011fal gaz verildi. Musalla Mahallesi&#8217;nde d\u00fczenlenen merasimde konu\u015fan \u00c7e\u015fme Belediye Ba\u015fkan\u0131 Lal Denizli se\u00e7im devrinde verdi\u011fi kelamlardan birini tutman\u0131n gururunu ya\u015fad\u0131\u011f\u0131n\u0131 belirtip, &#8220;\u00c7e\u015fme&#8217;nin ilk kad\u0131n belediye ba\u015fkan\u0131 olarak \u00c7e\u015fme&#8217;ye do\u011fal gaz\u0131 getirece\u011fimiz kelam\u0131n\u0131 vermi\u015ftim. Bug\u00fcn Musalla Mahallemizde \u00c7e\u015fme&#8217;nin en de\u011ferli alt yap\u0131 yat\u0131r\u0131mlar\u0131ndan birini hayata ge\u00e7mesine vesile olman\u0131n tarifsiz gururunu ya\u015f\u0131yoruz. Se\u00e7ilmemiz \u00fczerinden daha 1 y\u0131l ge\u00e7meden verdi\u011fimiz kelamlardan birini daha yerine getirmenin memnunlu\u011fu k\u0131ymet bi\u00e7ilemez&#8221; s\u00f6zlerini kulland\u0131.<\/p>\n<p><strong>&#8216;MUSALLA MAHALLES\u0130&#8217;NE 50 M\u0130LYONLUK YATIRIM&#8217;<\/strong><\/p>\n<p>\u0130zmirGaz ile s\u00fcreci uyumlu bir formda y\u00f6netmek i\u00e7in \u00e7ok say\u0131da toplant\u0131 yapt\u0131klar\u0131n\u0131 lisana getiren Denizli, &#8220;Yeri geldi\u011finde lokal idare olarak \u00e7al\u0131\u015fmalarda vatanda\u015f\u0131n bu hizmetten en s\u00fcratli bi\u00e7imde faydalanabilmesi i\u00e7in gerekli tak\u0131m ve ekipman dayanaklar\u0131n\u0131 Fen \u0130\u015fleri M\u00fcd\u00fcrl\u00fc\u011f\u00fcm\u00fcz b\u00fcnyesinde sa\u011flad\u0131k. Bu \u00e7al\u0131\u015fmalar\u0131n ismine &#8216;kurumlar\u0131n ortak \u00e7al\u0131\u015fmas\u0131&#8217; deniyor. Bu s\u00fcre\u00e7te \u0130zmirGaz toplam 10 kilometre uzunlu\u011funda do\u011fal gaz s\u0131n\u0131r\u0131 d\u00f6\u015fedi. Do\u011fal gaz \u00e7al\u0131\u015fmalar\u0131nda birinci kazman\u0131n 23 Ekim&#8217;de vuruldu\u011funun haberini t\u00fcm kentimizle payla\u015fm\u0131\u015ft\u0131k. Bug\u00fcn itibariyle Musalla Mahallemizde do\u011fal gaz abonmanl\u0131klar\u0131n\u0131 tamamlayan t\u00fcm kom\u015fular\u0131m\u0131z\u0131n meskenine do\u011fal gaz gelmi\u015ftir. \u0130zmirGaz&#8217;\u0131n kazd\u0131\u011f\u0131 ve ilgili do\u011fal gaz boru \u00e7izgilerini d\u00f6\u015fedi\u011fi yollar\u0131m\u0131z\u0131n tamam\u0131 Fen \u0130\u015fleri M\u00fcd\u00fcrl\u00fc\u011f\u00fcm\u00fcz\u00fcn yapt\u0131\u011f\u0131 yol \u00e7al\u0131\u015fmas\u0131yla kapat\u0131lmaktad\u0131r. Bug\u00fcne kadar \u00c7e\u015fme Belediyesi Fen i\u015fleri M\u00fcd\u00fcrl\u00fc\u011f\u00fcm\u00fcz 20 bin metrekare s\u0131f\u0131r parke ta\u015f\u0131n\u0131 yollar\u0131m\u0131za d\u00f6\u015femi\u015ftir. Daha 30 bin metrekare parke ta\u015f\u0131yla yollar\u0131m\u0131z\u0131 yepisyeni ve s\u0131f\u0131r bir hale d\u00f6n\u00fc\u015ft\u00fcrmektedir. Bunun maliyeti \u00c7e\u015fme Belediyemiz taraf\u0131ndan Musalla Mahallesi&#8217;ne yap\u0131lan 50 milyonluk bir yat\u0131r\u0131md\u0131r. Alt yap\u0131 konforunun yan\u0131 s\u0131ra pak yollar\u0131n, s\u0131f\u0131r ta\u015flarla d\u00f6\u015fenmi\u015f yesyeni yollar\u0131n keyfi s\u00fcr\u00fclmeye ba\u015flanm\u0131\u015ft\u0131r&#8221; a\u00e7\u0131klamalar\u0131nda bulundu.<\/p>\n<p><strong>Denizli, kelamlar\u0131n\u0131 \u015f\u00f6yle s\u00fcrd\u00fcrd\u00fc:<\/strong><\/p>\n<p>\u201cBen \u00c7e\u015fme Belediye Ba\u015fkan\u0131y\u0131m, parti g\u00f6zetmeden herkesin belediye lideriyim. B\u00fct\u00fcn yurtta\u015flar\u0131m\u0131zla birlikte alanda, sokakta belediyede; el ele, kol kola, kucak kuca\u011fay\u0131m. Hizmetin partisi olmaz.&#8221;<\/p>\n<p>T\u00f6ren sonras\u0131nda Denizli, Musalla Mahallesi Muhtar\u0131 Ba\u015fkan Soma ile do\u011fal gaz\u0131n verildi\u011fi birinci meskeni ziyaret etti. Konut sahipleriyle sohbet eden Denizli, do\u011fal gaz kombisini a\u00e7t\u0131.<\/p>\n","protected":false},"excerpt":{"rendered":"<p>\u0130zmir&#8217;in \u00c7e\u015fme il\u00e7esinde birinci do\u011fal gaz Musalla Mahallesi&#8217;ndeki konutlara verildi. Merasimde konu\u015fan \u00c7e\u015fme Belediye Ba\u015fkan\u0131 Lal Denizli, &#8220;\u00c7e\u015fme&#8217;nin ilk kad\u0131n belediye ba\u015fkan\u0131 olarak \u00c7e\u015fme&#8217;ye do\u011fal gaz\u0131 getirece\u011fimiz kelam\u0131n\u0131 vermi\u015ftim. Bug\u00fcn Musalla Mahallemizde \u00c7e\u015fme&#8217;nin en de\u011ferli alt yap\u0131 yat\u0131r\u0131mlar\u0131ndan birini hayata ge\u00e7mesine vesile olman\u0131n tarifsiz gururunu ya\u015f\u0131yoruz&#8221; dedi.<\/p>\n","protected":false},"author":1,"featured_media":42802,"comment_status":"open","ping_status":"open","sticky":false,"template":"","format":"standard","meta":{"footnotes":""},"categories":[25],"tags":[1600,1107,500],"class_list":["post-42801","post","type-post","status-publish","format-standard","has-post-thumbnail","hentry","category-gundem","tag-denizli","tag-dogal-gaz","tag-yol"],"_links":{"self":[{"href":"https:\/\/ikimisli.tr\/index.php\/wp-json\/wp\/v2\/posts\/42801","targetHints":{"allow":["GET"]}}],"collection":[{"href":"https:\/\/ikimisli.tr\/index.php\/wp-json\/wp\/v2\/posts"}],"about":[{"href":"https:\/\/ikimisli.tr\/index.php\/wp-json\/wp\/v2\/types\/post"}],"author":[{"embeddable":true,"href":"https:\/\/ikimisli.tr\/index.php\/wp-json\/wp\/v2\/users\/1"}],"replies":[{"embeddable":true,"href":"https:\/\/ikimisli.tr\/index.php\/wp-json\/wp\/v2\/comments?post=42801"}],"version-history":[{"count":1,"href":"https:\/\/ikimisli.tr\/index.php\/wp-json\/wp\/v2\/posts\/42801\/revisions"}],"predecessor-version":[{"id":42803,"href":"https:\/\/ikimisli.tr\/index.php\/wp-json\/wp\/v2\/posts\/42801\/revisions\/42803"}],"wp:featuredmedia":[{"embeddable":true,"href":"https:\/\/ikimisli.tr\/index.php\/wp-json\/wp\/v2\/media\/42802"}],"wp:attachment":[{"href":"https:\/\/ikimisli.tr\/index.php\/wp-json\/wp\/v2\/media?parent=42801"}],"wp:term":[{"taxonomy":"category","embeddable":true,"href":"https:\/\/ikimisli.tr\/index.php\/wp-json\/wp\/v2\/categories?post=42801"},{"taxonomy":"post_tag","embeddable":true,"href":"https:\/\/ikimisli.tr\/index.php\/wp-json\/wp\/v2\/tags?post=42801"}],"curies":[{"name":"wp","href":"https:\/\/api.w.org\/{rel}","templated":true}]}}