{"id":42897,"date":"2025-05-25T17:48:17","date_gmt":"2025-05-25T17:48:17","guid":{"rendered":"https:\/\/ikimisli.tr\/?p=42897"},"modified":"2025-05-25T17:48:17","modified_gmt":"2025-05-25T17:48:17","slug":"tesislerin-dogal-gazi-kesilmisti-bu-borc-bize-ait-degil","status":"publish","type":"post","link":"https:\/\/ikimisli.tr\/index.php\/2025\/05\/25\/tesislerin-dogal-gazi-kesilmisti-bu-borc-bize-ait-degil\/","title":{"rendered":"Tesislerin do\u011fal gaz\u0131 kesilmi\u015fti! &#8216;Bu bor\u00e7 bize ait de\u011fil&#8217;"},"content":{"rendered":"<p>Denizlispor Ba\u015fkan\u0131 Erhan Ergil, kul\u00fcp tesislerinin do\u011fal gaz\u0131n\u0131n bor\u00e7 nedeniyle kesilmesine ait, borcun 22 ayl\u0131k periyoda ili\u015fkin oldu\u011funu, kendi idarelerinin ise bir ay evvel vazifeye ba\u015flad\u0131\u011f\u0131n\u0131 s\u00f6yledi.<\/p>\n<p>Ergil,\u00a0 yapt\u0131\u011f\u0131 a\u00e7\u0131klamada, reaksiyonlar\u0131n\u0131n do\u011fal gaz \u015firketine y\u00f6nelik olmad\u0131\u011f\u0131n\u0131 belirtti.<\/p>\n<p>Y\u00f6netimlerinin bir ay evvel misyona ba\u015flad\u0131\u011f\u0131n\u0131 hat\u0131rlatan Ergil, &#8220;Bu bor\u00e7 bize ili\u015fkin de\u011fil, bir ayd\u0131r buraday\u0131z. Kendi d\u00f6nemimize ili\u015fkin borcu \u00f6deriz. Ona haz\u0131r\u0131z. Y\u0131llardan beri biriken bu bor\u00e7, ben buna art\u0131k zamanlama diyorum. Tam yazg\u0131 haftam\u0131z\u0131 ya\u015farken borcun tahsil edilmesi bizi nitekim \u00e7ok \u00fczd\u00fc. Maalesef durum bu. Ma\u011fduruz fakat bunun ezikli\u011fini hissetmiyoruz. Aln\u0131m\u0131z ak, ba\u015f\u0131m\u0131z dik, buras\u0131 onurlu Denizlispor toplulu\u011fu.&#8221; diye konu\u015ftu.<\/p>\n<p>Ergil, tesisten yararlanan yakla\u015f\u0131k 25 futbolcu bulundu\u011funu aktararak, kelamlar\u0131n\u0131 \u015f\u00f6yle tamamlad\u0131:<\/p>\n<p>&#8220;Futbolcular\u0131n klimal\u0131 odalarda konaklamas\u0131n\u0131 sa\u011flamaya \u00e7al\u0131\u015f\u0131yoruz. Du\u015f konusuna tahlil bulmaya \u00e7al\u0131\u015f\u0131yoruz. Ben de \u00e7ok \u00fczg\u00fcn\u00fcm. Koskoca Denizlispor bu halde. Futbolcular\u0131m\u0131z nat\u00fcrel ki k\u00fclfet ya\u015f\u0131yor lakin burada bir aile ortam\u0131 olu\u015fturduk. Durumu fazla a\u015fik\u00e2r etmemeye \u00e7al\u0131\u015f\u0131yorlar ancak onlar\u0131n da ma\u011fdur oldu\u011funun fark\u0131nday\u0131z. Kendi imkanlar\u0131m\u0131z \u00f6l\u00e7\u00fcs\u00fcnde bir u\u011fra\u015f veriyoruz, fakat bu bizim imkanlar\u0131m\u0131z\u0131 a\u015f\u0131yor. Buras\u0131 koskoca Denizli ve bir t\u00fcrl\u00fc kenti harekete ge\u00e7iremedik. Daha do\u011frusu taraftarlar\u0131, halk\u0131 dayana\u011fa \u00e7a\u011f\u0131rmakta ba\u015far\u0131l\u0131 olduk fakat takviye vermesi gereken yerleri harekete ge\u00e7iremedik.&#8221;<\/p>\n<p>Do\u011fal gaz da\u011f\u0131t\u0131m \u015firketi, kul\u00fcbe son 22 ayl\u0131k devirde \u00f6denemeyen yakla\u015f\u0131k 2 milyon 870 bin liral\u0131k do\u011fal gaz faturas\u0131n\u0131n \u00f6denmesi i\u00e7in bildirimde bulunmu\u015f, borcun \u00f6denmemesi \u00fczerine 19 \u015eubat&#8217;ta Merkezefendi il\u00e7esindeki tesislerin do\u011fal gaz\u0131n\u0131 kesmi\u015fti.<\/p>\n","protected":false},"excerpt":{"rendered":"<p>Denizlispor Ba\u015fkan\u0131 Erhan Ergil, bor\u00e7 nedeniyle tesislerin do\u011fal gaz\u0131n\u0131n kesilmesine ait a\u00e7\u0131klama yapt\u0131.<\/p>\n","protected":false},"author":1,"featured_media":42898,"comment_status":"open","ping_status":"open","sticky":false,"template":"","format":"standard","meta":{"footnotes":""},"categories":[30],"tags":[1107],"class_list":["post-42897","post","type-post","status-publish","format-standard","has-post-thumbnail","hentry","category-spor","tag-dogal-gaz"],"_links":{"self":[{"href":"https:\/\/ikimisli.tr\/index.php\/wp-json\/wp\/v2\/posts\/42897","targetHints":{"allow":["GET"]}}],"collection":[{"href":"https:\/\/ikimisli.tr\/index.php\/wp-json\/wp\/v2\/posts"}],"about":[{"href":"https:\/\/ikimisli.tr\/index.php\/wp-json\/wp\/v2\/types\/post"}],"author":[{"embeddable":true,"href":"https:\/\/ikimisli.tr\/index.php\/wp-json\/wp\/v2\/users\/1"}],"replies":[{"embeddable":true,"href":"https:\/\/ikimisli.tr\/index.php\/wp-json\/wp\/v2\/comments?post=42897"}],"version-history":[{"count":1,"href":"https:\/\/ikimisli.tr\/index.php\/wp-json\/wp\/v2\/posts\/42897\/revisions"}],"predecessor-version":[{"id":42899,"href":"https:\/\/ikimisli.tr\/index.php\/wp-json\/wp\/v2\/posts\/42897\/revisions\/42899"}],"wp:featuredmedia":[{"embeddable":true,"href":"https:\/\/ikimisli.tr\/index.php\/wp-json\/wp\/v2\/media\/42898"}],"wp:attachment":[{"href":"https:\/\/ikimisli.tr\/index.php\/wp-json\/wp\/v2\/media?parent=42897"}],"wp:term":[{"taxonomy":"category","embeddable":true,"href":"https:\/\/ikimisli.tr\/index.php\/wp-json\/wp\/v2\/categories?post=42897"},{"taxonomy":"post_tag","embeddable":true,"href":"https:\/\/ikimisli.tr\/index.php\/wp-json\/wp\/v2\/tags?post=42897"}],"curies":[{"name":"wp","href":"https:\/\/api.w.org\/{rel}","templated":true}]}}