{"id":43030,"date":"2025-05-26T02:00:28","date_gmt":"2025-05-26T02:00:28","guid":{"rendered":"https:\/\/ikimisli.tr\/?p=43030"},"modified":"2025-05-26T02:00:28","modified_gmt":"2025-05-26T02:00:28","slug":"iyi-partiden-deme-sert-aciklama-tek-isi-abdullah-ocalana-kuryelik-yapmak-olan-insanlar","status":"publish","type":"post","link":"https:\/\/ikimisli.tr\/index.php\/2025\/05\/26\/iyi-partiden-deme-sert-aciklama-tek-isi-abdullah-ocalana-kuryelik-yapmak-olan-insanlar\/","title":{"rendered":"\u0130Y\u0130 Parti&#8217;den DEM&#8217;e sert a\u00e7\u0131klama: &#8220;Tek i\u015fi Abdullah \u00d6calan\u2019a kuryelik yapmak olan insanlar&#8221;"},"content":{"rendered":"<p>\u0130Y\u0130 Parti Genel Lideri M\u00fcsavat Dervi\u015fo\u011flu, partisinin Manisa&#8217;daki Geni\u015fletilmi\u015f Vilayet Divan Toplant\u0131s\u0131\u2019nda de\u011ferli a\u00e7\u0131klamalarda bulundu. Dervi\u015fo\u011flu, g\u00fcndeme dair de\u011ferlendirmelerinin yan\u0131 s\u0131ra, DEM Parti heyetinin \u0130mral\u0131 ve Kuzey Irak\u2019taki Barzani ziyaretlerine de sert reaksiyon g\u00f6sterdi.<\/p>\n<p>Dervi\u015fo\u011flu, yapt\u0131\u011f\u0131 konu\u015fmada \u015funlar\u0131 s\u00f6yledi: &#8220;Meclis\u2019te k\u00fcmesi olan bir siyasi parti bizi ziyaret etmek istese kap\u0131lar\u0131m\u0131z\u0131 kapatamay\u0131z. Ancak tek i\u015fi Abdullah \u00d6calan\u2019a kuryelik yapmak olan insanlara da kap\u0131lar\u0131m\u0131z\u0131 a\u00e7may\u0131z.&#8221; Bu a\u00e7\u0131klamalar\u0131yla DEM Parti\u2019ye net bir bi\u00e7imde bildiri veren Dervi\u015fo\u011flu, a\u00e7\u0131l\u0131m s\u00fcrecine dair de sert bir duru\u015f sergileyerek, partilerinin bu cins ba\u011flant\u0131lardan uzak duraca\u011f\u0131n\u0131 belirtti.<\/p>\n<p><strong>\u201c\u0130mral\u0131\u2019n\u0131n, Barzani\u2019nin merhametine muhta\u00e7 olmu\u015f bir T\u00fcrkiye pozisyonuna getirdiler bizi\u201d<\/strong><\/p>\n<p>\u2018Yeni a\u00e7\u0131l\u0131m s\u00fcreci\u2019 ile \u0130mral\u0131 g\u00f6r\u00fc\u015fmelerine\u00a0tepki g\u00f6steren Dervi\u015fo\u011flu, \u015f\u00f6yle konu\u015ftu:<\/p>\n<p>\u201cT\u00fcrkiye, bir ihanet s\u00fcrecinden ba\u015fka ihanet s\u00fcrecine savrulmaktad\u0131r. Caniyi meclise davetten al\u0131n da \u0130mral\u0131\u2019ya, Kandil\u2019e, Irak\u2019\u0131n kuzeyine heyet g\u00f6ndermeye kadar ne ararsan\u0131z var. Biri \u00e7\u0131k\u0131yor \u2018DEM heyeti \u0130mral\u0131\u2019ya gitsin. Abdullah \u00d6zalan canisinin g\u00f6r\u00fc\u015flerini als\u0131n\u2019 diyor. Bu adamlar \u0130mral\u0131\u2019ya gittiler. Kandil\u2019in, \u0130mral\u0131\u2019n\u0131n, Barzani\u2019nin merhametine muhta\u00e7 olmu\u015f bir T\u00fcrkiye pozisyonuna getirdiler bizi. Siyasetin buna reaksiyon g\u00f6stermesini istedim. Hepsi kap\u0131da kar\u015f\u0131lad\u0131. Meclis\u2019te k\u00fcmesi olan bir siyasi parti bizi ziyaret etmek istese kap\u0131lar\u0131m\u0131z\u0131 kapatamay\u0131z. Fakat tek i\u015fi Abdullah \u00d6calan\u2019a kuryelik yapmak olan insanlara da kap\u0131lar\u0131m\u0131z\u0131 a\u00e7may\u0131z. Hepsi bir tarafta topland\u0131lar, s\u0131rayla kar\u015f\u0131lad\u0131lar, bu kuryelerden \u0130mral\u0131\u2019dan gelen iletisi da dinlediler. Hepsi bir biz tekiz. Bu bahiste verilecek odunumuz yok.<\/p>\n<p><strong>\u201cT\u00fcrkiye\u2019yi bu g\u00fcvensizlik girdab\u0131ndan kurtarmak mecburiyetindeyiz\u201d<\/strong><\/p>\n<p>Art arda a\u00e7\u0131lan soru\u015fturmalar ve davalar \u00fczerinden yarg\u0131 mensuplar\u0131na da \u2018Saray kad\u0131s\u0131\u2019 benzetmesi yapan Dervi\u015fo\u011flu, \u015funlar\u0131 kaydetti:<\/p>\n<p>\u201cT\u00fcrkiye, bir g\u00fcvensizlik girdab\u0131ndad\u0131r. Siyasete ve yarg\u0131ya itimat kalmam\u0131\u015ft\u0131r. T\u00fcrkiye\u2019de en \u00e7ok adalet ve siyaset kurumu a\u015f\u0131nm\u0131\u015f. Bunlar\u0131n hepsi talimatla yap\u0131lan i\u015flerden kaynakl\u0131 durumlardan ortaya \u00e7\u0131km\u0131\u015f. Ben hi\u00e7 dilemem talimatla hakaret eden bir yarg\u0131. Her \u015feye kar\u015f\u0131n kendisini \u2018Saray kad\u0131s\u0131\u2019\u00a0gibi hisseden yarg\u0131\u00e7lar ve savc\u0131lar olmas\u0131na kar\u015f\u0131n ben ger\u00e7ek yarg\u0131\u00e7lar\u0131n ger\u00e7ek savc\u0131lar\u0131n bir g\u00fcn otaya \u00e7\u0131kaca\u011f\u0131n\u0131 ve sorumluluklar\u0131n\u0131 yerine getirece\u011fini biliyorum. T\u00fcrkiye\u2019yi bu g\u00fcvensizlik girdab\u0131ndan kurtarmak mecburiyetindeyiz. O y\u00fczden gitti\u011fim her yerde konu\u015fan Terkiye kadar merkez siyasetten de bahsediyorum. Herkes bir yol haritas\u0131 \u00e7izmi\u015f, tek adaml\u0131k dedi\u011fimiz bu sisteme ahenk sa\u011flam\u0131\u015f \u00fczere g\u00f6r\u00fcn\u00fcyor. Bug\u00fcn Parlamenter Demokratik Sistem\u2019den bahseden \u0130Y\u0130 Parti\u2019den ba\u015fka parti neredeyse kalmam\u0131\u015ft\u0131r. T\u00fcrkiye\u2019yi bu g\u00fcvensizlik girdab\u0131ndan kurtarmak da bizim vazifemizdir.\u201d<\/p>\n","protected":false},"excerpt":{"rendered":"<p>\u0130Y\u0130 Parti Genel Lideri M\u00fcsavat Dervi\u015fo\u011flu, partisinin Geni\u015fletilmi\u015f Vilayet Divan Toplant\u0131s\u0131\u2019nda \u2018yeni a\u00e7\u0131l\u0131m s\u00fcreci\u2019 ve DEM Parti heyetinin \u0130mral\u0131, Kuzey Irak ziyaretlerine reaksiyon g\u00f6sterdi.<\/p>\n","protected":false},"author":1,"featured_media":43031,"comment_status":"open","ping_status":"open","sticky":false,"template":"","format":"standard","meta":{"footnotes":""},"categories":[25],"tags":[2802,1381,256,189,856],"class_list":["post-43030","post","type-post","status-publish","format-standard","has-post-thumbnail","hentry","category-gundem","tag-bizi","tag-dervisoglu","tag-imrali","tag-parti","tag-tur"],"_links":{"self":[{"href":"https:\/\/ikimisli.tr\/index.php\/wp-json\/wp\/v2\/posts\/43030","targetHints":{"allow":["GET"]}}],"collection":[{"href":"https:\/\/ikimisli.tr\/index.php\/wp-json\/wp\/v2\/posts"}],"about":[{"href":"https:\/\/ikimisli.tr\/index.php\/wp-json\/wp\/v2\/types\/post"}],"author":[{"embeddable":true,"href":"https:\/\/ikimisli.tr\/index.php\/wp-json\/wp\/v2\/users\/1"}],"replies":[{"embeddable":true,"href":"https:\/\/ikimisli.tr\/index.php\/wp-json\/wp\/v2\/comments?post=43030"}],"version-history":[{"count":1,"href":"https:\/\/ikimisli.tr\/index.php\/wp-json\/wp\/v2\/posts\/43030\/revisions"}],"predecessor-version":[{"id":43032,"href":"https:\/\/ikimisli.tr\/index.php\/wp-json\/wp\/v2\/posts\/43030\/revisions\/43032"}],"wp:featuredmedia":[{"embeddable":true,"href":"https:\/\/ikimisli.tr\/index.php\/wp-json\/wp\/v2\/media\/43031"}],"wp:attachment":[{"href":"https:\/\/ikimisli.tr\/index.php\/wp-json\/wp\/v2\/media?parent=43030"}],"wp:term":[{"taxonomy":"category","embeddable":true,"href":"https:\/\/ikimisli.tr\/index.php\/wp-json\/wp\/v2\/categories?post=43030"},{"taxonomy":"post_tag","embeddable":true,"href":"https:\/\/ikimisli.tr\/index.php\/wp-json\/wp\/v2\/tags?post=43030"}],"curies":[{"name":"wp","href":"https:\/\/api.w.org\/{rel}","templated":true}]}}